{"id":256998,"date":"2016-02-23T00:08:57","date_gmt":"2016-02-23T06:08:57","guid":{"rendered":"http:\/\/www.diarioimagen.net\/?p=256998"},"modified":"2016-02-23T02:20:23","modified_gmt":"2016-02-23T08:20:23","slug":"se-reducen-apagones-en-el-valle-de-mexico","status":"publish","type":"post","link":"https:\/\/www.diarioimagen.net\/?p=256998","title":{"rendered":"Se reducen \u201capagones\u201d en el Valle de M\u00e9xico"},"content":{"rendered":"<ul>\n<li><strong><em>Mejora calidad<\/em><\/strong><\/li>\n<\/ul>\n<p>&nbsp;<\/p>\n<div id=\"attachment_257079\" style=\"width: 430px\" class=\"wp-caption aligncenter\"><a href=\"http:\/\/www.diarioimagen.net\/?attachment_id=257079\" rel=\"attachment wp-att-257079\"><img loading=\"lazy\" decoding=\"async\" aria-describedby=\"caption-attachment-257079\" class=\"size-large wp-image-257079\" src=\"http:\/\/www.diarioimagen.net\/wp-content\/uploads\/2016\/02\/cfe-2810-420x236.jpg\" alt=\"Las fallas que presentaba el servicio se deb\u00edan a la infraestructura de distribuci\u00f3n de energ\u00eda el\u00e9ctrica en mal estado, a equipos obsoletos, fuera de norma y sin mantenimiento.\" width=\"420\" height=\"236\" srcset=\"https:\/\/www.diarioimagen.net\/wp-content\/uploads\/2016\/02\/cfe-2810-420x236.jpg 420w, https:\/\/www.diarioimagen.net\/wp-content\/uploads\/2016\/02\/cfe-2810-240x135.jpg 240w, https:\/\/www.diarioimagen.net\/wp-content\/uploads\/2016\/02\/cfe-2810-235x132.jpg 235w, https:\/\/www.diarioimagen.net\/wp-content\/uploads\/2016\/02\/cfe-2810-202x114.jpg 202w, https:\/\/www.diarioimagen.net\/wp-content\/uploads\/2016\/02\/cfe-2810-350x196.jpg 350w, https:\/\/www.diarioimagen.net\/wp-content\/uploads\/2016\/02\/cfe-2810-220x123.jpg 220w, https:\/\/www.diarioimagen.net\/wp-content\/uploads\/2016\/02\/cfe-2810-237x132.jpg 237w, https:\/\/www.diarioimagen.net\/wp-content\/uploads\/2016\/02\/cfe-2810.jpg 480w\" sizes=\"auto, (max-width: 420px) 100vw, 420px\" \/><\/a><p id=\"caption-attachment-257079\" class=\"wp-caption-text\">Las fallas que presentaba el servicio se deb\u00edan a la infraestructura de distribuci\u00f3n de energ\u00eda el\u00e9ctrica en mal estado, a equipos obsoletos, fuera de norma y sin mantenimiento.<\/p><\/div>\n<p>&nbsp;<\/p>\n<p>La Comisi\u00f3n Federal de Electricidad (CFE) asegur\u00f3 que desde que asumi\u00f3 la responsabilidad de distribuir y comercializar la energ\u00eda el\u00e9ctrica en el Valle de M\u00e9xico, ha logrado mejorar la calidad del servicio en la zona, al reducir el tiempo de interrupci\u00f3n y las p\u00e9rdidas t\u00e9cnicas y no t\u00e9cnicas.<\/p>\n<p>La empresa productiva del Estado refiere que en 2009 el Tiempo de Interrupci\u00f3n por Usuario (TIU) en el Valle de M\u00e9xico fue de mil 140 minutos, es decir, que a los usuarios les suspendieron el servicio en promedio 19 horas al a\u00f1o, mientras que en 2015 fue de 63 minutos.<\/p>\n<p>Ello representa un mejora en la calidad del servicio de mil 800 por ciento con respecto a 2009, que se logr\u00f3 gracias a un plan de inversiones y trabajo estrat\u00e9gico para mejorar y modernizar la infraestructura de energ\u00eda el\u00e9ctrica, que se aceler\u00f3 con la reforma en la materia, destaca en un comunicado.<\/p>\n<p>Seg\u00fan refiere, las fallas que presentaba el servicio se deb\u00edan a la infraestructura de distribuci\u00f3n de energ\u00eda el\u00e9ctrica en mal estado, a equipos obsoletos, fuera de norma y sin mantenimiento.<\/p>\n<p>La CFE precisa que entre las acciones emprendidas para reducir el TIU en la Zona Metropolitana del Valle de M\u00e9xico es la sustituci\u00f3n y mantenimiento de la infraestructura el\u00e9ctrica, que incluye el aislamiento que se utiliza para colocar los cables en los postes y evitar as\u00ed da\u00f1os por tormentas el\u00e9ctricas.<\/p>\n<p>Adem\u00e1s de la instalaci\u00f3n y\/o sustituci\u00f3n de nuevos y eficientes circuitos; as\u00ed, de presentarse una interrupci\u00f3n en el suministro el\u00e9ctrico, la poblaci\u00f3n afectada es aproximadamente 60 por ciento menor que en 2009, cuando el servicio lo ofrec\u00eda la desaparecida Luz y Fuerza del Centro.<\/p>\n<p>La CFE detalla que la modernizaci\u00f3n de la red el\u00e9ctrica subterr\u00e1nea del Centro Hist\u00f3rico de la Ciudad de M\u00e9xico es para evitar cortos en el cableado y la explosi\u00f3n de mufas, trabajos que continuar\u00e1n en el corredor de Paseo de la Reforma y colonias vecinas de la delegaci\u00f3n Cuauht\u00e9moc, as\u00ed como la modernizaci\u00f3n de subestaciones el\u00e9ctricas de distribuci\u00f3n, para garantizar la operaci\u00f3n de los transformadores que abastecen a todo la zona, adem\u00e1s el programa anual de poda de \u00e1rboles, para disminuir las fallas ocasionadas por ramas que caen sobre el cableado por los vientos fuertes.<\/p>\n<p>Asimismo, se\u00f1ala que hay una reducci\u00f3n de p\u00e9rdidas t\u00e9cnicas y no t\u00e9cnicas en 2009, las cuales representaron 32.5 por ciento, equivalentes a 18 mil 970 millones de pesos, debido a subinversiones en la infraestructura el\u00e9ctrica, responsabilidad de la empresa que entonces administraba la red de distribuci\u00f3n de energ\u00eda el\u00e9ctrica.<\/p>\n","protected":false},"excerpt":{"rendered":"<p>La Comisi\u00f3n Federal de Electricidad (CFE) asegur\u00f3 que desde que asumi\u00f3 la responsabilidad de distribuir y comercializar la energ\u00eda el\u00e9ctrica en el Valle de M\u00e9xico, ha logrado mejorar la calidad del servicio en la zona, al reducir el tiempo de interrupci\u00f3n y las p\u00e9rdidas t\u00e9cnicas y no t\u00e9cnicas.<\/p>\n","protected":false},"author":3,"featured_media":257079,"comment_status":"open","ping_status":"open","sticky":false,"template":"","format":"standard","meta":{"_monsterinsights_skip_tracking":false,"_monsterinsights_sitenote_active":false,"_monsterinsights_sitenote_note":"","_monsterinsights_sitenote_category":0,"footnotes":""},"categories":[3],"tags":[34444,139,3446,34],"class_list":["post-256998","post","type-post","status-publish","format-standard","has-post-thumbnail","hentry","category-nacional","tag-cdmx","tag-cfe","tag-ciudad","tag-valle-de-mexico"],"_links":{"self":[{"href":"https:\/\/www.diarioimagen.net\/index.php?rest_route=\/wp\/v2\/posts\/256998","targetHints":{"allow":["GET"]}}],"collection":[{"href":"https:\/\/www.diarioimagen.net\/index.php?rest_route=\/wp\/v2\/posts"}],"about":[{"href":"https:\/\/www.diarioimagen.net\/index.php?rest_route=\/wp\/v2\/types\/post"}],"author":[{"embeddable":true,"href":"https:\/\/www.diarioimagen.net\/index.php?rest_route=\/wp\/v2\/users\/3"}],"replies":[{"embeddable":true,"href":"https:\/\/www.diarioimagen.net\/index.php?rest_route=%2Fwp%2Fv2%2Fcomments&post=256998"}],"version-history":[{"count":0,"href":"https:\/\/www.diarioimagen.net\/index.php?rest_route=\/wp\/v2\/posts\/256998\/revisions"}],"wp:featuredmedia":[{"embeddable":true,"href":"https:\/\/www.diarioimagen.net\/index.php?rest_route=\/wp\/v2\/media\/257079"}],"wp:attachment":[{"href":"https:\/\/www.diarioimagen.net\/index.php?rest_route=%2Fwp%2Fv2%2Fmedia&parent=256998"}],"wp:term":[{"taxonomy":"category","embeddable":true,"href":"https:\/\/www.diarioimagen.net\/index.php?rest_route=%2Fwp%2Fv2%2Fcategories&post=256998"},{"taxonomy":"post_tag","embeddable":true,"href":"https:\/\/www.diarioimagen.net\/index.php?rest_route=%2Fwp%2Fv2%2Ftags&post=256998"}],"curies":[{"name":"wp","href":"https:\/\/api.w.org\/{rel}","templated":true}]}}