{"id":257022,"date":"2016-02-23T00:04:55","date_gmt":"2016-02-23T06:04:55","guid":{"rendered":"http:\/\/www.diarioimagen.net\/?p=257022"},"modified":"2016-02-23T02:21:53","modified_gmt":"2016-02-23T08:21:53","slug":"mexico-tendra-a-once-clavadistas-en-olimpiada","status":"publish","type":"post","link":"https:\/\/www.diarioimagen.net\/?p=257022","title":{"rendered":"M\u00e9xico tendr\u00e1 a once clavadistas en Olimpiada"},"content":{"rendered":"<ul>\n<li><strong><em>Iguala r\u00e9cord de Londres<\/em><\/strong><\/li>\n<\/ul>\n<p>&nbsp;<\/p>\n<div id=\"attachment_257082\" style=\"width: 430px\" class=\"wp-caption aligncenter\"><a href=\"http:\/\/www.diarioimagen.net\/?attachment_id=257082\" rel=\"attachment wp-att-257082\"><img loading=\"lazy\" decoding=\"async\" aria-describedby=\"caption-attachment-257082\" class=\"size-large wp-image-257082\" src=\"http:\/\/www.diarioimagen.net\/wp-content\/uploads\/2016\/02\/deportes-2810-420x236.jpg\" alt=\"M\u00e9xico logr\u00f3 en la Copa del Mundo de la FINA seis plazas ol\u00edmpicas para los Juegos de R\u00edo de Janeiro, lo que sumado a las cinco conseguidas en anteriores torneos sit\u00faa en 11 el n\u00famero de clavadistas que competir\u00e1n por una medalla.\" width=\"420\" height=\"236\" srcset=\"https:\/\/www.diarioimagen.net\/wp-content\/uploads\/2016\/02\/deportes-2810-420x236.jpg 420w, https:\/\/www.diarioimagen.net\/wp-content\/uploads\/2016\/02\/deportes-2810-240x135.jpg 240w, https:\/\/www.diarioimagen.net\/wp-content\/uploads\/2016\/02\/deportes-2810-235x132.jpg 235w, https:\/\/www.diarioimagen.net\/wp-content\/uploads\/2016\/02\/deportes-2810-202x114.jpg 202w, https:\/\/www.diarioimagen.net\/wp-content\/uploads\/2016\/02\/deportes-2810-350x196.jpg 350w, https:\/\/www.diarioimagen.net\/wp-content\/uploads\/2016\/02\/deportes-2810-220x123.jpg 220w, https:\/\/www.diarioimagen.net\/wp-content\/uploads\/2016\/02\/deportes-2810-237x132.jpg 237w, https:\/\/www.diarioimagen.net\/wp-content\/uploads\/2016\/02\/deportes-2810.jpg 480w\" sizes=\"auto, (max-width: 420px) 100vw, 420px\" \/><\/a><p id=\"caption-attachment-257082\" class=\"wp-caption-text\">M\u00e9xico logr\u00f3 en la Copa del Mundo de la FINA seis plazas ol\u00edmpicas para los Juegos de R\u00edo de Janeiro, lo que sumado a las cinco conseguidas en anteriores torneos sit\u00faa en 11 el n\u00famero de clavadistas que competir\u00e1n por una medalla.<\/p><\/div>\n<p>&nbsp;<\/p>\n<p>La selecci\u00f3n mexicana logr\u00f3 en la Copa del Mundo de la FINA seis plazas ol\u00edmpicas para los Juegos de R\u00edo de Janeiro, lo que sumado a las cinco conseguidas en anteriores torneos sit\u00faa en 11 el n\u00famero de clavadistas que competir\u00e1n por una medalla en agosto pr\u00f3ximo.<\/p>\n<p>Las \u00faltimas en lograr dos plazas para el equipo mexicano fueron Dolores Hern\u00e1ndez y M\u00e9lany Hern\u00e1ndez, ambas en la prueba de trampol\u00edn individual femenino de tres metros. Las mexicanas, que deb\u00edan quedar entre las mejores 18 atletas del torneo en la Copa del Mundo de la Federaci\u00f3n Internacional de Nataci\u00f3n (FINA), que se disputa actualmente en el Centro Acu\u00e1tico Mar\u00eda Lenk de R\u00edo de Janeiro, lograron respectivamente la s\u00e9ptima y decimoquinta posici\u00f3n, lo que garantiza su participaci\u00f3n.<\/p>\n<p>\u201cEl primer objetivo era obtener la plaza y se obtuvo con una buena puntuaci\u00f3n\u201d, se\u00f1al\u00f3 Hern\u00e1ndez, que se declar\u00f3 \u201cmuy contenta\u201d por lo logrado y dijo que hoy martes pelear\u00e1 en la semifinal y la final por una medalla.<\/p>\n<p>\u201cHoy, a tirar en la semifinal y en la final, esperemos calificar, para que se tome m\u00e1s en cuenta mi resultado\u201d, dijo la joven veracruzana, de apenas 18 a\u00f1os de edad.<\/p>\n<p>Aunque la Copa del Mundo se disputa hasta el d\u00eda 24 en el mismo recinto donde se celebrar\u00e1 la Olimpiada, M\u00e9xico ya ha logrado la casi totalidad de plazas por las que compet\u00eda, 11 de un total de 12, lo que supone igualar el r\u00e9cord hist\u00f3rico de Londres 2012.<\/p>\n<p>&nbsp;<\/p>\n","protected":false},"excerpt":{"rendered":"<p>La selecci\u00f3n mexicana logr\u00f3 en la Copa del Mundo de la FINA seis plazas ol\u00edmpicas para los Juegos de R\u00edo de Janeiro, lo que sumado a las cinco conseguidas en anteriores torneos sit\u00faa en 11 el n\u00famero de clavadistas que competir\u00e1n por una medalla en agosto pr\u00f3ximo.<\/p>\n","protected":false},"author":3,"featured_media":257082,"comment_status":"open","ping_status":"open","sticky":false,"template":"","format":"standard","meta":{"_monsterinsights_skip_tracking":false,"_monsterinsights_sitenote_active":false,"_monsterinsights_sitenote_note":"","_monsterinsights_sitenote_category":0,"footnotes":""},"categories":[10],"tags":[553,43680,44],"class_list":["post-257022","post","type-post","status-publish","format-standard","has-post-thumbnail","hentry","category-deportes","tag-clavados","tag-deportes","tag-mexico"],"_links":{"self":[{"href":"https:\/\/www.diarioimagen.net\/index.php?rest_route=\/wp\/v2\/posts\/257022","targetHints":{"allow":["GET"]}}],"collection":[{"href":"https:\/\/www.diarioimagen.net\/index.php?rest_route=\/wp\/v2\/posts"}],"about":[{"href":"https:\/\/www.diarioimagen.net\/index.php?rest_route=\/wp\/v2\/types\/post"}],"author":[{"embeddable":true,"href":"https:\/\/www.diarioimagen.net\/index.php?rest_route=\/wp\/v2\/users\/3"}],"replies":[{"embeddable":true,"href":"https:\/\/www.diarioimagen.net\/index.php?rest_route=%2Fwp%2Fv2%2Fcomments&post=257022"}],"version-history":[{"count":0,"href":"https:\/\/www.diarioimagen.net\/index.php?rest_route=\/wp\/v2\/posts\/257022\/revisions"}],"wp:featuredmedia":[{"embeddable":true,"href":"https:\/\/www.diarioimagen.net\/index.php?rest_route=\/wp\/v2\/media\/257082"}],"wp:attachment":[{"href":"https:\/\/www.diarioimagen.net\/index.php?rest_route=%2Fwp%2Fv2%2Fmedia&parent=257022"}],"wp:term":[{"taxonomy":"category","embeddable":true,"href":"https:\/\/www.diarioimagen.net\/index.php?rest_route=%2Fwp%2Fv2%2Fcategories&post=257022"},{"taxonomy":"post_tag","embeddable":true,"href":"https:\/\/www.diarioimagen.net\/index.php?rest_route=%2Fwp%2Fv2%2Ftags&post=257022"}],"curies":[{"name":"wp","href":"https:\/\/api.w.org\/{rel}","templated":true}]}}