{"id":257187,"date":"2016-02-24T00:04:41","date_gmt":"2016-02-24T06:04:41","guid":{"rendered":"http:\/\/www.diarioimagen.net\/?p=257187"},"modified":"2016-02-25T01:14:21","modified_gmt":"2016-02-25T07:14:21","slug":"urge-mejorar-practicas-judiciales-y-forenses","status":"publish","type":"post","link":"https:\/\/www.diarioimagen.net\/?p=257187","title":{"rendered":"Urge mejorar pr\u00e1cticas judiciales y forenses"},"content":{"rendered":"<ul>\n<li><strong><em>Para una mejor administraci\u00f3n de justicia: El\u00edas Azar<\/em><\/strong><\/li>\n<\/ul>\n<p>&nbsp;<\/p>\n<div id=\"attachment_257196\" style=\"width: 430px\" class=\"wp-caption aligncenter\"><a href=\"http:\/\/www.diarioimagen.net\/?attachment_id=257196\" rel=\"attachment wp-att-257196\"><img loading=\"lazy\" decoding=\"async\" aria-describedby=\"caption-attachment-257196\" class=\"size-large wp-image-257196\" src=\"http:\/\/www.diarioimagen.net\/wp-content\/uploads\/2016\/02\/elias-azar-2811-420x236.jpg\" alt=\"El presidente del Tribunal Superior de Justicia de la Ciudad de M\u00e9xico, magistrado Edgar El\u00edas Azar, encabez\u00f3 la presentaci\u00f3n del libro Pr\u00e1ctica forense en el juicio oral familiar, de la autora Mar\u00eda del Carmen Ayala Escorza.\" width=\"420\" height=\"236\" srcset=\"https:\/\/www.diarioimagen.net\/wp-content\/uploads\/2016\/02\/elias-azar-2811-420x236.jpg 420w, https:\/\/www.diarioimagen.net\/wp-content\/uploads\/2016\/02\/elias-azar-2811-240x135.jpg 240w, https:\/\/www.diarioimagen.net\/wp-content\/uploads\/2016\/02\/elias-azar-2811-235x132.jpg 235w, https:\/\/www.diarioimagen.net\/wp-content\/uploads\/2016\/02\/elias-azar-2811-202x114.jpg 202w, https:\/\/www.diarioimagen.net\/wp-content\/uploads\/2016\/02\/elias-azar-2811-350x196.jpg 350w, https:\/\/www.diarioimagen.net\/wp-content\/uploads\/2016\/02\/elias-azar-2811-220x123.jpg 220w, https:\/\/www.diarioimagen.net\/wp-content\/uploads\/2016\/02\/elias-azar-2811-237x132.jpg 237w, https:\/\/www.diarioimagen.net\/wp-content\/uploads\/2016\/02\/elias-azar-2811.jpg 480w\" sizes=\"auto, (max-width: 420px) 100vw, 420px\" \/><\/a><p id=\"caption-attachment-257196\" class=\"wp-caption-text\">El presidente del Tribunal Superior de Justicia de la Ciudad de M\u00e9xico, magistrado Edgar El\u00edas Azar, encabez\u00f3 la presentaci\u00f3n del libro Pr\u00e1ctica forense en el juicio oral familiar, de la autora Mar\u00eda del Carmen Ayala Escorza.<\/p><\/div>\n<p>&nbsp;<\/p>\n<p>El presidente del Tribunal Superior de Justicia de la Ciudad de M\u00e9xico, magistrado Edgar El\u00edas Azar, advirti\u00f3 de la necesidad de mejores pr\u00e1cticas judiciales y forenses, en la b\u00fasqueda permanente de una mejor administraci\u00f3n de justicia, y argument\u00f3 que la oralidad implica apertura sincera, frente al proceso escrito, que resulta farragoso.<\/p>\n<p>Al encabezar la presentaci\u00f3n del libro <em>Pr\u00e1ctica forense en el juicio oral familiar<\/em>, de Mar\u00eda del Carmen Ayala Escorza, el magistrado abund\u00f3 que la oralidad en los juicios tiene ventajas, y dijo que m\u00e1s all\u00e1 de que se ha presentado como anzuelo publicitario o mercadot\u00e9cnico, reviste una f\u00f3rmula relevante para lograr la necesaria inmediatez procesal.<\/p>\n<p>\u201cEsto es, un contacto real entre el juzgador y justiciable, lo que a todas luces es exigible en estos tiempos\u201d, explic\u00f3 El\u00edas Azar.<\/p>\n<p>En la Sala de Presidentes Mar\u00eda Lavalle Urbina, coment\u00f3 que la calidad intelectual de la autora hace posible, a trav\u00e9s de la lectura de libro, saber que no basta conocer c\u00f3mo es la norma jur\u00eddica, sino advertir los factores que subyacen a ella, desde el momento de su creaci\u00f3n por el legislador, su interpretaci\u00f3n doctrinaria y judicial, hasta su aplicaci\u00f3n por el \u00f3rgano competente.<\/p>\n<p>Record\u00f3 que la norma jur\u00eddica aplicable, por raz\u00f3n l\u00f3gica, es un consejo abstracto y no puede aludir al caso por caso. Entonces, a\u00f1adi\u00f3 el magistrado, quien aborda un problema familiar debe balancear razones, ha de aplicar el principio de proporcionalidad y resolver en ciencia, derecho y conciencia.<\/p>\n<p>Acompa\u00f1ado por consejeros, magistrados y jueces, dijo que la pr\u00e1ctica forense es un tema de inter\u00e9s y actualidad, relacionado indefectiblemente con la reforma constitucional de 2008, la cual revolucion\u00f3 todos los sistemas de justicia y con otras modificaciones legales suced\u00e1neas a la misma.<\/p>\n<p>Durante la presentaci\u00f3n, el magistrado estuvo acompa\u00f1ado por la consejera de la Judicatura Sandra Luz D\u00edaz Ortiz; los magistrados Antonio Mu\u00f1ozcano Eternod y Juan Luis Gonz\u00e1lez A. Carranc\u00e1, ambos de la Cuarta Sala Familiar del Tribunal Superior de Justicia de la Ciudad de M\u00e9xico.<\/p>\n<p>&nbsp;<\/p>\n","protected":false},"excerpt":{"rendered":"<p>El presidente del Tribunal Superior de Justicia de la Ciudad de M\u00e9xico, magistrado Edgar El\u00edas Azar, advirti\u00f3 de la necesidad de mejores pr\u00e1cticas judiciales y forenses, en la b\u00fasqueda permanente de una mejor administraci\u00f3n de justicia, y argument\u00f3 que la oralidad implica apertura sincera, frente al proceso escrito, que resulta farragoso.<\/p>\n","protected":false},"author":3,"featured_media":257196,"comment_status":"open","ping_status":"open","sticky":false,"template":"","format":"standard","meta":{"_monsterinsights_skip_tracking":false,"_monsterinsights_sitenote_active":false,"_monsterinsights_sitenote_note":"","_monsterinsights_sitenote_category":0,"footnotes":""},"categories":[6],"tags":[204,1925],"class_list":["post-257187","post","type-post","status-publish","format-standard","has-post-thumbnail","hentry","category-cd-de-mexico","tag-ciudad-de-mexico","tag-edgar-elias-azar"],"_links":{"self":[{"href":"https:\/\/www.diarioimagen.net\/index.php?rest_route=\/wp\/v2\/posts\/257187","targetHints":{"allow":["GET"]}}],"collection":[{"href":"https:\/\/www.diarioimagen.net\/index.php?rest_route=\/wp\/v2\/posts"}],"about":[{"href":"https:\/\/www.diarioimagen.net\/index.php?rest_route=\/wp\/v2\/types\/post"}],"author":[{"embeddable":true,"href":"https:\/\/www.diarioimagen.net\/index.php?rest_route=\/wp\/v2\/users\/3"}],"replies":[{"embeddable":true,"href":"https:\/\/www.diarioimagen.net\/index.php?rest_route=%2Fwp%2Fv2%2Fcomments&post=257187"}],"version-history":[{"count":0,"href":"https:\/\/www.diarioimagen.net\/index.php?rest_route=\/wp\/v2\/posts\/257187\/revisions"}],"wp:featuredmedia":[{"embeddable":true,"href":"https:\/\/www.diarioimagen.net\/index.php?rest_route=\/wp\/v2\/media\/257196"}],"wp:attachment":[{"href":"https:\/\/www.diarioimagen.net\/index.php?rest_route=%2Fwp%2Fv2%2Fmedia&parent=257187"}],"wp:term":[{"taxonomy":"category","embeddable":true,"href":"https:\/\/www.diarioimagen.net\/index.php?rest_route=%2Fwp%2Fv2%2Fcategories&post=257187"},{"taxonomy":"post_tag","embeddable":true,"href":"https:\/\/www.diarioimagen.net\/index.php?rest_route=%2Fwp%2Fv2%2Ftags&post=257187"}],"curies":[{"name":"wp","href":"https:\/\/api.w.org\/{rel}","templated":true}]}}