{"id":257215,"date":"2016-02-24T00:05:48","date_gmt":"2016-02-24T06:05:48","guid":{"rendered":"http:\/\/www.diarioimagen.net\/?p=257215"},"modified":"2016-02-24T04:57:54","modified_gmt":"2016-02-24T10:57:54","slug":"rinden-frutos-operativos-antidelincuencia-en-ecatepec","status":"publish","type":"post","link":"https:\/\/www.diarioimagen.net\/?p=257215","title":{"rendered":"Rinden frutos operativos antidelincuencia en Ecatepec"},"content":{"rendered":"<ul>\n<li><strong><em>Capturan a tres asaltantes<\/em><\/strong><\/li>\n<\/ul>\n<p>&nbsp;<\/p>\n<p><strong><a href=\"http:\/\/www.diarioimagen.net\/?attachment_id=257276\" rel=\"attachment wp-att-257276\"><img loading=\"lazy\" decoding=\"async\" class=\"alignleft  wp-image-257276\" src=\"http:\/\/www.diarioimagen.net\/wp-content\/uploads\/2016\/02\/ECATEPEC-2811-189x240.jpg\" alt=\"ECATEPEC-2811\" width=\"261\" height=\"331\" srcset=\"https:\/\/www.diarioimagen.net\/wp-content\/uploads\/2016\/02\/ECATEPEC-2811-189x240.jpg 189w, https:\/\/www.diarioimagen.net\/wp-content\/uploads\/2016\/02\/ECATEPEC-2811-330x420.jpg 330w, https:\/\/www.diarioimagen.net\/wp-content\/uploads\/2016\/02\/ECATEPEC-2811.jpg 700w\" sizes=\"auto, (max-width: 261px) 100vw, 261px\" \/><\/a>Ecatepec, Estado de M\u00e9xico<\/strong>.- En dos acciones diferentes, elementos de la Direcci\u00f3n de Seguridad Ciudadana y Vial de esta ciudad detuvieron a tres sujetos por su probable responsabilidad en los delitos de robo con violencia y homicidio.<\/p>\n<p>Arturo Centeno Cano, titular de la corporaci\u00f3n, destac\u00f3 que las capturas son resultado de los operativos permanentes en principales vialidades de la localidad; en uno de ellos, a los polic\u00edas que realizaban un patrullaje, un hombre les pidi\u00f3 el apoyo, pues un sujeto amenaz\u00f3 a su hermana con un arma de fuego, en la colonia San Agust\u00edn Segunda Secci\u00f3n.<\/p>\n<p>Los uniformados se dirigieron al sitio y en la calle Sur 14 detectaron a una persona que disparaba al aire, que al notar la presencia policial intent\u00f3 escapar, aunque fue aprehendido.<\/p>\n<p>Centeno Cano inform\u00f3 que el detenido se identific\u00f3 como Jos\u00e9 Antonio Rico S\u00e1nchez, a quien le aseguraron un arma Pietro Beretta, calibre .25 mm, con dos cartuchos \u00fatiles, por lo que fue puesto a disposici\u00f3n del Ministerio P\u00fablico del Centro de Justicia de San Agust\u00edn, con la carpeta de investigaci\u00f3n 344700400088316.<\/p>\n<p>Resalt\u00f3 que al ingresar los datos del sospechoso a Plataforma M\u00e9xico los polic\u00edas detectaron que ten\u00eda orden de aprehensi\u00f3n relacionada con la carpeta 344700157671 por el delito de homicidio.<\/p>\n<p>En otra acci\u00f3n, Centeno Cano report\u00f3 que mientras polic\u00edas municipales patrullaban sobre la Avenida Circunvalaci\u00f3n, colonia Jardines de Casa Nueva, un hombre les pidi\u00f3 ayuda para avisar que minutos antes dos sujetos lo amagaron con un arma de fuego para despojarlo de sus pertenencias.<\/p>\n<p>La v\u00edctima a\u00f1adi\u00f3 que los responsables hab\u00edan huido a bordo de un Jetta blanco, por lo que los elementos de la Direcci\u00f3n de Seguridad Ciudadana y Vial los persiguieron hasta detenerlos en Calle 8 y Calle H, colonia Jardines de Santa Clara.<\/p>\n<p>Al realizarles la revisi\u00f3n correspondiente, los polic\u00edas municipales les incautaron una pistola tipo escuadra calibre .9 mil\u00edmetros, adem\u00e1s del veh\u00edculo con placas 647UEF, de la Ciudad de M\u00e9xico.<\/p>\n","protected":false},"excerpt":{"rendered":"<p>En dos acciones diferentes, elementos de la Direcci\u00f3n de Seguridad Ciudadana y Vial de esta ciudad detuvieron a tres sujetos por su probable responsabilidad en los delitos de robo con violencia y homicidio.<\/p>\n","protected":false},"author":3,"featured_media":257277,"comment_status":"open","ping_status":"open","sticky":false,"template":"","format":"standard","meta":{"_monsterinsights_skip_tracking":false,"_monsterinsights_sitenote_active":false,"_monsterinsights_sitenote_note":"","_monsterinsights_sitenote_category":0,"footnotes":""},"categories":[35155],"tags":[454,43675],"class_list":["post-257215","post","type-post","status-publish","format-standard","has-post-thumbnail","hentry","category-estado-de-mexico-estado-de-mexico","tag-ecatepec","tag-estado-de-mexico"],"_links":{"self":[{"href":"https:\/\/www.diarioimagen.net\/index.php?rest_route=\/wp\/v2\/posts\/257215","targetHints":{"allow":["GET"]}}],"collection":[{"href":"https:\/\/www.diarioimagen.net\/index.php?rest_route=\/wp\/v2\/posts"}],"about":[{"href":"https:\/\/www.diarioimagen.net\/index.php?rest_route=\/wp\/v2\/types\/post"}],"author":[{"embeddable":true,"href":"https:\/\/www.diarioimagen.net\/index.php?rest_route=\/wp\/v2\/users\/3"}],"replies":[{"embeddable":true,"href":"https:\/\/www.diarioimagen.net\/index.php?rest_route=%2Fwp%2Fv2%2Fcomments&post=257215"}],"version-history":[{"count":0,"href":"https:\/\/www.diarioimagen.net\/index.php?rest_route=\/wp\/v2\/posts\/257215\/revisions"}],"wp:featuredmedia":[{"embeddable":true,"href":"https:\/\/www.diarioimagen.net\/index.php?rest_route=\/wp\/v2\/media\/257277"}],"wp:attachment":[{"href":"https:\/\/www.diarioimagen.net\/index.php?rest_route=%2Fwp%2Fv2%2Fmedia&parent=257215"}],"wp:term":[{"taxonomy":"category","embeddable":true,"href":"https:\/\/www.diarioimagen.net\/index.php?rest_route=%2Fwp%2Fv2%2Fcategories&post=257215"},{"taxonomy":"post_tag","embeddable":true,"href":"https:\/\/www.diarioimagen.net\/index.php?rest_route=%2Fwp%2Fv2%2Ftags&post=257215"}],"curies":[{"name":"wp","href":"https:\/\/api.w.org\/{rel}","templated":true}]}}