{"id":257227,"date":"2016-02-24T00:07:30","date_gmt":"2016-02-24T06:07:30","guid":{"rendered":"http:\/\/www.diarioimagen.net\/?p=257227"},"modified":"2016-02-24T05:12:26","modified_gmt":"2016-02-24T11:12:26","slug":"pasion-por-los-helicopteros","status":"publish","type":"post","link":"https:\/\/www.diarioimagen.net\/?p=257227","title":{"rendered":"Pasi\u00f3n por los helic\u00f3pteros"},"content":{"rendered":"<h2>Punto por punto<\/h2>\n<h5>Augusto Corro<\/h5>\n<p>&nbsp;<\/p>\n<p>Los perredistas ya reconfirmaron su pasi\u00f3n por el uso de helic\u00f3pteros para todo tipo de traslados y eventos.<\/p>\n<p>Los dirigentes del Partido de la Revoluci\u00f3n Democr\u00e1tica (PRD) llegan en esas aeronaves a sus reuniones, sin importarles el costo del pasaje.<\/p>\n<p>O simplemente utilizan los helic\u00f3pteros oficiales para darles una utilidad de taxis.<\/p>\n<p>Por ejemplo, la cantante Belinda lleg\u00f3 a la reuni\u00f3n con el Papa Francisco a bordo del helic\u00f3ptero oficial, que sirve para combatir al crimen organizado.<\/p>\n<p>Las fotos del arribo de la artista en la aeronave son pruebas contundentes de la aeronave oficial convertida en taxi.<\/p>\n<p>Ante esa situaci\u00f3n, los partidos pol\u00edticos michoacanos le exigieron al gobernador, de extracci\u00f3n perredista, Silvano Aureoles Conejo, que explique que lo llev\u00f3 a disponer del helic\u00f3ptero de la Secretar\u00eda de Seguridad P\u00fablica (SSP) para trasladar a Belinda.<\/p>\n<p>A principios de mes, la dirigencia perredista realiz\u00f3 viajes en un helic\u00f3ptero como taxi, que les cobr\u00f3 3 mil 450 d\u00f3lares por hora, es decir, m\u00e1s de 73 mil pesos, IVA incluido.<\/p>\n<p>Los jerarcas perredistas estuvieron en Michoac\u00e1n y Guerrero en reuniones partidistas, solo que el transporte por aire, por lo costoso, le llam\u00f3 la atenci\u00f3n al l\u00edder Agust\u00edn Basave, que se comprometi\u00f3 a investigar c\u00f3mo y qui\u00e9n pag\u00f3 la renta del aerotaxi.<\/p>\n<p>Los resultados de la investigaci\u00f3n nunca se conocieron. Esa vez llam\u00f3 la atenci\u00f3n del despilfarro perredista, porque Basave promov\u00eda un pr\u00e9stamo de bancario de 200 millones de pesos. El dirigente hizo notar que su partido se encontraba en condiciones econ\u00f3micas dif\u00edciles.<\/p>\n<p>Situaci\u00f3n que no entend\u00edan los otros integrantes de la c\u00fapula perredista.<\/p>\n<p>El esc\u00e1ndalo de Belinda no es el \u00fanico que enfrenta el gobernador Aureoles Conejo. En el acto de inicio de campa\u00f1a, en Michoac\u00e1n, la \u00e9lite perredista lleg\u00f3 por aire. As\u00ed lo hicieron el mandatario estatal de Morelos, el impresentable Graco Ram\u00edrez; el tristemente c\u00e9lebre ex gobernador de Guerrero, Rogelio Ortega.<\/p>\n<p>A ra\u00edz del esc\u00e1ndalo por el gasto excesivo en el transporte, los perredistas se comprometieron a no usar m\u00e1s taxis a\u00e9reos.<\/p>\n<p>Ya Jes\u00fas Ortega, el \u201cchucho mayor\u201d sugiri\u00f3 viajar en autobuses Flecha Amarilla, de precios econ\u00f3micos, modestos. Nadie lo escuch\u00f3.<\/p>\n<p style=\"text-align: center;\"><b>FUNCIONARIOS P\u00daBLICOS\u00a0INSENSIBLES<\/b><\/p>\n<p>El esc\u00e1ndalo de los funcionarios p\u00fablicos que consumieron durante sus viajes de trabajo caviar y champa\u00f1a es un ejemplo de insensibilidad pol\u00edtica.<\/p>\n<p>No se puede gastar sumas cuantiosas de dinero en caprichos personales, cuando m\u00e1s de 50 millones de mexicanos son azotados por la pobreza.<\/p>\n<p>Concretamente, la agencia de noticias Reuters revel\u00f3 que la funcionaria Hilda Garc\u00eda, encargada de combatir la corrupci\u00f3n, gasto 450 d\u00f3lares diarios en Londres, donde cen\u00f3 caviar, salm\u00f3n ahumado y champa\u00f1a en la tienda departamental Harrods; en tanto Jorge Pulido gasto en Francfort miles de pesos en taxis.<\/p>\n<p>En una reuni\u00f3n con los senadores el titular de la Secretar\u00eda de la Funci\u00f3n P\u00fablica (SFP), Virgilio Andrade, jefe de los funcionarios insensibles, les dijo que Hilda Garc\u00eda ya no trabaja en dicha dependencia y que los empleados que consumieron alcohol en el extranjero deber\u00e1n regresar el dinero sin medida alguna.<\/p>\n<p>Se\u00f1al\u00f3 el secretario de la SFP que \u201cla persona que habl\u00f3 de haber comido caviar y champagne ya no est\u00e1 en la Secretar\u00eda de Funci\u00f3n P\u00fablica\u201d.<\/p>\n<p>\u00bfFuncionar\u00e1 la llamada de atenci\u00f3n a los funcionarios p\u00fablicos que no se miden en el derroche de gastos personales con el dinero de los contribuyentes? Lo dudamos. Ellos viven en otra dimensi\u00f3n, lejos de los necesitados que a veces no tienen ni para comer.<\/p>\n<p style=\"text-align: center;\"><b>LA ADMINISTRACI\u00d3N\u00a0DEL DINERO P\u00daBLICO<\/b><\/p>\n<p>La Auditor\u00eda Superior de la Federaci\u00f3n (ASF), que se encarga de conocer en qu\u00e9 se gasta el dinero p\u00fablico destinado a las entidades federativas y a los municipios, inform\u00f3 que en 2014 \u201chubo al menos 77 mil 380 millones de pesos en los que se detect\u00f3 alg\u00fan tipo de irregularidad u observaci\u00f3n\u201d.<\/p>\n<p>Y claro, Veracruz encabeza la lista de estados con irregularidades que alcanzan los 14 mil millones de pesos. El gobernador de esta entidad, Javier Duarte, tendr\u00e1 que explicar en que se invirti\u00f3 esa suma cuantiosa de recursos econ\u00f3micos y no enga\u00f1ar a las autoridades con devoluciones falsas de dinero, para salir del paso.<\/p>\n<p>Al mandatario veracruzano se le complic\u00f3 su situaci\u00f3n pol\u00edtica desde hace varios a\u00f1os, pues no pudo erradicar la espiral de violencia en su estado, que se agudiz\u00f3 con el asesinato de 17 periodistas.<\/p>\n<p>En el presente, el gobernador Duarte es sometido al repudio de sus paisanos que no lo admitieron en la tradicional cafeter\u00eda \u201cLa Parroquia\u201d, ubicada en el coraz\u00f3n del puerto de Veracruz.<\/p>\n<p>Con los gritos de \u201cfuera, fuera, fuera\u201d, los jubilados y pensionados que estaban en el caf\u00e9 mostraron su desprecio a Duarte, por las \u00faltimas acciones que ha realizado contra el Instituto de Pensiones del Estado\u00a0 (IPE).<\/p>\n<p>\u201cEstamos muy inconformes porque el estado quiere quitarse la responsabilidad que tiene como patr\u00f3n solidario del IPE para pagar los adeudos cuando el dinero no alcance\u201d, dijo Ricardo Diz Herlindo,\u00a0 l\u00edder del Sindicato \u00danico de Trabajadores al Servicio del Estado.<\/p>\n<p><em><a href=\"mailto:aco2742@hotmail.com\" target=\"_blank\">aco2742@hotmail.com<\/a><\/em><\/p>\n","protected":false},"excerpt":{"rendered":"<p><span style=\"color: #005497;\"><strong>Augusto Corro<\/strong><\/span><\/p>\n","protected":false},"author":1,"featured_media":0,"comment_status":"open","ping_status":"open","sticky":false,"template":"","format":"standard","meta":{"_monsterinsights_skip_tracking":false,"_monsterinsights_sitenote_active":false,"_monsterinsights_sitenote_note":"","_monsterinsights_sitenote_category":0,"footnotes":""},"categories":[157],"tags":[43686,43674,11515],"class_list":["post-257227","post","type-post","status-publish","format-standard","hentry","category-augusto-corro","tag-augusto-corro","tag-opinion","tag-punto-por-punto"],"_links":{"self":[{"href":"https:\/\/www.diarioimagen.net\/index.php?rest_route=\/wp\/v2\/posts\/257227","targetHints":{"allow":["GET"]}}],"collection":[{"href":"https:\/\/www.diarioimagen.net\/index.php?rest_route=\/wp\/v2\/posts"}],"about":[{"href":"https:\/\/www.diarioimagen.net\/index.php?rest_route=\/wp\/v2\/types\/post"}],"author":[{"embeddable":true,"href":"https:\/\/www.diarioimagen.net\/index.php?rest_route=\/wp\/v2\/users\/1"}],"replies":[{"embeddable":true,"href":"https:\/\/www.diarioimagen.net\/index.php?rest_route=%2Fwp%2Fv2%2Fcomments&post=257227"}],"version-history":[{"count":0,"href":"https:\/\/www.diarioimagen.net\/index.php?rest_route=\/wp\/v2\/posts\/257227\/revisions"}],"wp:attachment":[{"href":"https:\/\/www.diarioimagen.net\/index.php?rest_route=%2Fwp%2Fv2%2Fmedia&parent=257227"}],"wp:term":[{"taxonomy":"category","embeddable":true,"href":"https:\/\/www.diarioimagen.net\/index.php?rest_route=%2Fwp%2Fv2%2Fcategories&post=257227"},{"taxonomy":"post_tag","embeddable":true,"href":"https:\/\/www.diarioimagen.net\/index.php?rest_route=%2Fwp%2Fv2%2Ftags&post=257227"}],"curies":[{"name":"wp","href":"https:\/\/api.w.org\/{rel}","templated":true}]}}