{"id":257248,"date":"2016-02-24T00:05:34","date_gmt":"2016-02-24T06:05:34","guid":{"rendered":"http:\/\/www.diarioimagen.net\/?p=257248"},"modified":"2016-02-24T05:12:48","modified_gmt":"2016-02-24T11:12:48","slug":"reforma-a-la-reforma-politica-toma-fuerza","status":"publish","type":"post","link":"https:\/\/www.diarioimagen.net\/?p=257248","title":{"rendered":"Reforma a la reforma pol\u00edtica toma fuerza"},"content":{"rendered":"<h2>Consensos y disensos<\/h2>\n<h5>Mario San Mart\u00ed<\/h5>\n<p>&nbsp;<\/p>\n<ul>\n<li style=\"text-align: left;\"><i><\/i><strong><i>Jes\u00fas Zambrano cuestiona y pide ajustar \u201cspotizaci\u00f3n\u201d<\/i><\/strong><\/li>\n<li style=\"text-align: left;\"><strong><i>Llevar\u00e1 semanas o meses, pero es necesaria: C\u00e9sar Camacho<\/i><\/strong><\/li>\n<\/ul>\n<p>&nbsp;<\/p>\n<p>Dice el presidente de la mesa directiva de la C\u00e1mara de Diputados, Jes\u00fas Zambrano Grijalva, que las \u00faltimas reformas pol\u00edticas son el producto del avance de la democracia en nuestro pa\u00eds, pero que el actual modelo requiere de una revisi\u00f3n y en su caso hay que reformar lo que no est\u00e9 funcionando o que haya tenido una mala interpretaci\u00f3n, como es el caso del uso excesivo, en los tiempos oficiales, que algunos partidos pol\u00edticos han hecho de los spots en radio y televisi\u00f3n.<\/p>\n<p>En el marco de la realizaci\u00f3n del foro \u201cEl modelo de comunicaci\u00f3n pol\u00edtica, \u00bfen riesgo?\u201d, dijo que \u201cestamos dispuestos a revisar aspectos que mejoren los mecanismos e instrumentos de comunicaci\u00f3n pol\u00edtica; pero de ninguna manera pretender que se abra el camino para regresar a comprar espacios en radio y televisi\u00f3n para campa\u00f1as pol\u00edticas. As\u00ed como para qu\u00e9, \u201cindiscriminadamente\u201d los gobiernos sigan utilizando tiempos oficiales.<\/p>\n<p>\u201cSiempre es posible encontrar mecanismos de perfectibilidad para que podamos ajustar aspectos que tienen que ver con evitar algunas distorsiones y alg\u00fan excesivo bombardeo a trav\u00e9s de la\u00a0spotizaci\u00f3n, como le hemos dado en llamar, a todas horas en los tiempos de campa\u00f1a\u201d, a\u00f1adi\u00f3 con precisi\u00f3n el tambi\u00e9n legislador de la bancada perredista.<\/p>\n<p>En su propuesta de revisi\u00f3n para lograr una contrarreforma en lo relacionado en el uso de los tiempos oficiales por parte de los partidos pol\u00edticos, Zambrano argument\u00f3 que queda claro que la adquisici\u00f3n o el derecho de participar en medios de comunicaci\u00f3n, en campa\u00f1as electorales, ning\u00fan partido pol\u00edtico ni ning\u00fan candidato, ni en periodos de precampa\u00f1a, ni en campa\u00f1as electorales, podr\u00eda comprar tiempos en radio y televisi\u00f3n para promocionarse, porque esto hace inequitativas las campa\u00f1as pol\u00edticas, y distorsiona el inter\u00e9s leg\u00edtimo de una elecci\u00f3n.<\/p>\n<p>Y es que para nadie es desconocido que en estos supuestos se encuentra la figura del dos veces perdedor en un contienda presidencial, Andr\u00e9s Manuel L\u00f3pez Obrador, quien, con el argumento de que la ley no lo proh\u00edbe, su imagen est\u00e1 en todo el pa\u00eds desde mucho antes de que iniciara el proceso electoral para renovar doce gubernaturas estatales, y en ese contexto aprovech\u00f3 un hueco legal para promocionarse gratuitamente con spots que la ley otorga a los partidos pol\u00edticos con registro en el rubro de utilizaci\u00f3n de tiempos oficiales.<\/p>\n<p>Por supuesto, que la marrullera y tramposa acci\u00f3n del tabasque\u00f1o ha sido detectada, pero lo malo es que otras organizaciones pol\u00edticas tambi\u00e9n se han prestado al juego y la promoci\u00f3n de dirigentes como Ricardo Anaya, presidente del CEN del PAN, ya alcanza niveles nacionales.<\/p>\n<p>Obvio, ante las constantes exposiciones pol\u00edticas de estos personajes, algunos televidentes y radioescuchas est\u00e1n optando por cambiar la frecuencia de su radio o el canal de su tele como un acto de protesta.<\/p>\n<p>En fin, aunque hay coincidencia en analizar, revisar y cambiar el actual modelo de comunicaci\u00f3n pol\u00edtica, es un hecho que beneficiarios de \u00e9ste, como es Morena y su l\u00edder nacional, gritar\u00e1n que hay \u201ccompl\u00f3\u201d o que los quieren quitar a la mala del camino rumbo a la contienda presidencial, tal como supuestamente sucedi\u00f3 en 2005 cuando, por desacato a un juicio de amparo, las autoridades correspondientes solicitaron su \u201cdesafuero\u201d.<\/p>\n<p>Por cierto, a prop\u00f3sito del \u201cdesafuero\u201d, en ese tiempo se dio un movimiento donde surgieron apoyos de todos lados en favor del tabasque\u00f1o como un acto solidario de respeto a sus derechos pol\u00edticos. Hoy tambi\u00e9n surgen voces en medio de la pluralidad pol\u00edtica, dirigentes de diferentes signos partidistas, periodistas y analistas de opini\u00f3n, quienes coinciden en que el actual modelo de comunicaci\u00f3n pol\u00edtica tiene huecos legales y dan pauta a la interpretaci\u00f3n, plantean que es momento de aplicar una reforma al tema y darle mayor claridad al asunto.<\/p>\n<p>No hay duda, hoy se ha mencionado el tema de los spots, pero en materia electoral hay mucho qu\u00e9 revisar como los tiempos de campa\u00f1a, la transparencia de gastos, la rendici\u00f3n de cuentas, control a la propaganda gubernamental, y muchos otros puntos, deben ponerse en la agenda legislativa del segundo periodo ordinario de sesiones de la LXIII Legislatura del Congreso de la Uni\u00f3n.<\/p>\n<p>Muestra del inter\u00e9s que existe en los grupos parlamentarios son las palabras que no hace mucho expres\u00f3 C\u00e9sar Camacho Quiroz, presidente de la Junta de Coordinaci\u00f3n Pol\u00edtica y coordinador del grupo parlamentario del PRI, en la C\u00e1mara de Diputados, quien se\u00f1al\u00f3 que sobre el tema hay varias expresiones en el sentido de que haya una reforma \u201cque permita que los principios constitucionales de democracia electoral, la imparcialidad, la objetividad, la equidad, pueda concretarse en la legislaci\u00f3n secundaria\u201d.<\/p>\n<p>Y asegur\u00f3 que, por la naturaleza de una iniciativa de este tipo, su presentaci\u00f3n puede llevar unas semanas e incluso meses, pero consider\u00f3 que esta es necesaria.<\/p>\n<p>Lo importante es que el tema ya es parte del debate p\u00fablico, falta que este llegue a la mesa de negociaci\u00f3n parlamentaria y se espera que, una vez que esto suceda, los legisladores ya no quiten el dedo del rengl\u00f3n en este asunto de tipo pol\u00edtico-electoral, pero sobre todo, que pongan correctamente los puntos sobre la \u00edes y si es antes de las elecciones de junio, mejor. Ya se dijo, es necesaria.<\/p>\n<p><em><a href=\"mailto:mariosanmarti@yahoo.com.mx\" target=\"_blank\">mariosanmarti@yahoo.com.mx<\/a><\/em><\/p>\n","protected":false},"excerpt":{"rendered":"<p><span style=\"color: #005497;\"><strong>Mario San Mart\u00ed<\/strong><\/span><\/p>\n","protected":false},"author":1,"featured_media":0,"comment_status":"open","ping_status":"open","sticky":false,"template":"","format":"standard","meta":{"_monsterinsights_skip_tracking":false,"_monsterinsights_sitenote_active":false,"_monsterinsights_sitenote_note":"","_monsterinsights_sitenote_category":0,"footnotes":""},"categories":[44689],"tags":[45091,45092,43674],"class_list":["post-257248","post","type-post","status-publish","format-standard","hentry","category-mario-san-marti","tag-consensos-y-disensos","tag-mario-san-marti","tag-opinion"],"_links":{"self":[{"href":"https:\/\/www.diarioimagen.net\/index.php?rest_route=\/wp\/v2\/posts\/257248","targetHints":{"allow":["GET"]}}],"collection":[{"href":"https:\/\/www.diarioimagen.net\/index.php?rest_route=\/wp\/v2\/posts"}],"about":[{"href":"https:\/\/www.diarioimagen.net\/index.php?rest_route=\/wp\/v2\/types\/post"}],"author":[{"embeddable":true,"href":"https:\/\/www.diarioimagen.net\/index.php?rest_route=\/wp\/v2\/users\/1"}],"replies":[{"embeddable":true,"href":"https:\/\/www.diarioimagen.net\/index.php?rest_route=%2Fwp%2Fv2%2Fcomments&post=257248"}],"version-history":[{"count":0,"href":"https:\/\/www.diarioimagen.net\/index.php?rest_route=\/wp\/v2\/posts\/257248\/revisions"}],"wp:attachment":[{"href":"https:\/\/www.diarioimagen.net\/index.php?rest_route=%2Fwp%2Fv2%2Fmedia&parent=257248"}],"wp:term":[{"taxonomy":"category","embeddable":true,"href":"https:\/\/www.diarioimagen.net\/index.php?rest_route=%2Fwp%2Fv2%2Fcategories&post=257248"},{"taxonomy":"post_tag","embeddable":true,"href":"https:\/\/www.diarioimagen.net\/index.php?rest_route=%2Fwp%2Fv2%2Ftags&post=257248"}],"curies":[{"name":"wp","href":"https:\/\/api.w.org\/{rel}","templated":true}]}}