{"id":257420,"date":"2016-02-25T00:04:54","date_gmt":"2016-02-25T06:04:54","guid":{"rendered":"http:\/\/www.diarioimagen.net\/?p=257420"},"modified":"2016-02-25T04:40:36","modified_gmt":"2016-02-25T10:40:36","slug":"inminente-la-salida-de-cuellar-del-tri-femenil","status":"publish","type":"post","link":"https:\/\/www.diarioimagen.net\/?p=257420","title":{"rendered":"Inminente, la salida de Cu\u00e9llar del Tri femenil"},"content":{"rendered":"<ul>\n<li><strong><em>\u201cNunca busqu\u00e9 ser due\u00f1o de la selecci\u00f3n\u201d<\/em><\/strong><\/li>\n<\/ul>\n<p>&nbsp;<\/p>\n<div id=\"attachment_257501\" style=\"width: 430px\" class=\"wp-caption aligncenter\"><a href=\"http:\/\/www.diarioimagen.net\/?attachment_id=257501\" rel=\"attachment wp-att-257501\"><img loading=\"lazy\" decoding=\"async\" aria-describedby=\"caption-attachment-257501\" class=\"size-large wp-image-257501\" src=\"http:\/\/www.diarioimagen.net\/wp-content\/uploads\/2016\/02\/deportes-2812-420x236.jpg\" alt=\"Leonardo Cu\u00e9llar tendr\u00e1 una reuni\u00f3n importante con dirigentes de la Federaci\u00f3n Mexicana de Futbol (Femexfut) para concretar su futuro, aunque debido a la falta de resultados en los \u00faltimos torneos, es muy probable que su adi\u00f3s de la selecci\u00f3n femenil se confirme.\" width=\"420\" height=\"236\" srcset=\"https:\/\/www.diarioimagen.net\/wp-content\/uploads\/2016\/02\/deportes-2812-420x236.jpg 420w, https:\/\/www.diarioimagen.net\/wp-content\/uploads\/2016\/02\/deportes-2812-240x135.jpg 240w, https:\/\/www.diarioimagen.net\/wp-content\/uploads\/2016\/02\/deportes-2812-235x132.jpg 235w, https:\/\/www.diarioimagen.net\/wp-content\/uploads\/2016\/02\/deportes-2812-202x114.jpg 202w, https:\/\/www.diarioimagen.net\/wp-content\/uploads\/2016\/02\/deportes-2812-350x196.jpg 350w, https:\/\/www.diarioimagen.net\/wp-content\/uploads\/2016\/02\/deportes-2812-220x123.jpg 220w, https:\/\/www.diarioimagen.net\/wp-content\/uploads\/2016\/02\/deportes-2812-237x132.jpg 237w, https:\/\/www.diarioimagen.net\/wp-content\/uploads\/2016\/02\/deportes-2812.jpg 480w\" sizes=\"auto, (max-width: 420px) 100vw, 420px\" \/><\/a><p id=\"caption-attachment-257501\" class=\"wp-caption-text\">Leonardo Cu\u00e9llar tendr\u00e1 una reuni\u00f3n importante con dirigentes de la Federaci\u00f3n Mexicana de Futbol (Femexfut) para concretar su futuro, aunque debido a la falta de resultados en los \u00faltimos torneos, es muy probable que su adi\u00f3s de la selecci\u00f3n femenil se confirme.<\/p><\/div>\n<p>&nbsp;<\/p>\n<p>Ante su inminente salida de la direcci\u00f3n t\u00e9cnica de la Selecci\u00f3n Femenil Mexicana de Futbol, Leonardo Cu\u00e9llar consider\u00f3 la posibilidad de dirigir alg\u00fan club de primera divisi\u00f3n, en un giro de rama.<\/p>\n<p>Aunque su adi\u00f3s del Tri femenil todav\u00eda no es un hecho, es algo que dej\u00f3 entrever durante la presentaci\u00f3n de un torneo y dijo que est\u00e1 disponible para continuar su trayectoria, sin olvidar la opci\u00f3n de tomar un descanso o incluso escribir un libro de sus vivencias en el balompi\u00e9 femenino.<\/p>\n<p>\u201cHabr\u00eda que ver, estoy en paz con mi vida, tengo 64 a\u00f1os, no tengo urgencia de muchas cosas. Mi \u00fanica urgencia es que el futbol femenil vaya en el camino correcto\u201d, refiri\u00f3.<\/p>\n<p>A\u00f1adi\u00f3 que \u201cme siento con mucha energ\u00eda, tengo conocimiento de nuestro deporte, he vivido pr\u00e1cticamente toda mi vida, tengo muchas cosas que aportar y estoy lleno de energ\u00eda para nuevos retos, si ese es el caso\u201d, al indicar que tampoco se cierra en ser directivo o ayudante.<\/p>\n<p>Manifest\u00f3 que durante su estancia en la selecci\u00f3n femenil siempre estuvo cerca de dirigir a Pumas de la UNAM, club de sus amores con el que fue campe\u00f3n y jug\u00f3 como profesional, sin embargo, por algunos detalles no se concret\u00f3 dicha posibilidad.<\/p>\n<p>\u201cDej\u00e9 cuatro veces la oportunidad de dirigir a mis Pumas, no s\u00e9 si todav\u00eda est\u00e9 en tiempo y forma para eso, sobre todo por que se adquiere un estereotipo de futbol femenil, pero t\u00e9cnicos hay en todos lados\u201d, dijo.<\/p>\n<p>Explic\u00f3 que en su \u00faltimo acercamiento con Universidad \u201cya ten\u00eda permiso de Justino (Compe\u00e1n, entonces presidente de Federaci\u00f3n Mexicana de Futbol), estaba yo en Guatemala, desde all\u00e1 me arregl\u00e9 para dirigir a Pumas\u201d.<\/p>\n<p>Explic\u00f3 que luego \u201clleg\u00f3 Alberto Garc\u00eda Aspe como vicepresidente de Pumas y a \u00e9l no le convenci\u00f3 que yo fuera, y trajo a Joaqu\u00edn del Olmo\u201d.<\/p>\n<p>Tambi\u00e9n \u201cahora que estaba Jos\u00e9 Luis Trejo tuve un desayuno con todo el consejo (patronato de Pumas), me convencieron, ya estaba para hacerlo, pero llega el doctor Mario Trejo como encargado y tuvo otra idea y se confirm\u00f3 otra cosa\u201d.<\/p>\n<p>Incluso, tuvo la oportunidad de ser auxiliar t\u00e9cnico de Guillermo V\u00e1zquez, cuando \u00e9ste tuvo su primera etapa al frente de Pumas.<\/p>\n<p>Leonardo Cu\u00e9llar tendr\u00e1 una reuni\u00f3n importante el pr\u00f3ximo martes con dirigentes de la Federaci\u00f3n Mexicana de Futbol (Femexfut) para concretar su futuro, aunque debido a la falta de resultados en los \u00faltimos torneos y por que los ciclos suelen terminar, es muy probable que su adi\u00f3s de la selecci\u00f3n femenil se confirme la pr\u00f3xima semana.<\/p>\n<p style=\"text-align: center;\"><strong>Asegura que jam\u00e1s busc\u00f3 ser due\u00f1o del Tri <\/strong><\/p>\n<p>Leonardo Cu\u00e9llar se\u00f1al\u00f3 que jam\u00e1s busc\u00f3 ser due\u00f1o de la representaci\u00f3n, aunque entendi\u00f3 que eso se apreciara debido al gran lapso que estuvo ligado al equipo.<\/p>\n<p>\u201cCon tantos a\u00f1os parecer\u00eda que soy el due\u00f1o de esto y no es as\u00ed, yo no asigno un presupuesto, yo propongo una preparaci\u00f3n hacia cuatro representativos en ciertas competencias. No es m\u00edo y nunca pretend\u00ed que fuera m\u00edo, a lo mejor soy de los pocos que lo estoy empujando\u201d, dijo.<\/p>\n<p>\u201cCuando uno est\u00e1 en el ojo del hurac\u00e1n tiene que tomar la responsabilidad y tiene que tener la certeza de poder convencer a todos y en este caso no se ha podido convencer a todos, a habido pasajes durante mi trabajo que todo est\u00e1 feliz y otros en los que hay controversias, s\u00ed creo que hay una gran confusi\u00f3n\u201d.<\/p>\n<p>En la junta, a\u00f1adi\u00f3 que se buscar\u00e1 \u201cdarle un giro muy diferente a esto y que el nombre de Leonardo Cu\u00e9llar no se asocie con lo que est\u00e1 pasando, se tiene que separar. La selecci\u00f3n es de todos y todos debemos tomar responsabilidad\u201d.<\/p>\n<p>A pesar de que su salida no es un hecho, hay cosas que se intuyen y adelant\u00f3 que duele cerrar un ciclo al frente del Tri femenil y durante su cargo no tiene arrepentimientos, siempre entendi\u00f3 que era dif\u00edcil dar gusto a todas las personas en su alrededor, por lo que se ir\u00e1 tranquilo despu\u00e9s de esta larga experiencia.<\/p>\n<p>\u201cClaro (que duele cerrar un ciclo), pero tambi\u00e9n hay muchas satisfacciones, no me puedo arrepentir de mis decisiones, si eso fuera no hubiera venido a este evento, salgo al mercado a comprar mis cosas, doy la cara, as\u00ed como hay comentarios negativos, hay gente que aplaude mi esfuerzo, que me motiva a seguir adelante\u201d, expres\u00f3.<\/p>\n<p>Reiter\u00f3 que su objetivo todav\u00eda es que las selecciones femeniles tengan un proyecto firme, el cual s\u00f3lo ha quedado en promesas.<\/p>\n<p>\u201cLo que est\u00e1 m\u00e1s cerca fuera de la persona de Leonardo Cu\u00e9llar es un empuje definitivo a lo que queremos ser como selecci\u00f3n nacional y un empuje definitivo a lo que debe ser una estructura de desarrollo que hemos estado pidiendo por 15 a\u00f1os\u201d, manifest\u00f3.<\/p>\n<p>Sin tener proyectos claros a futuro, Cu\u00e9llar sabe lo que har\u00e1 en caso de hacerse a un costado, anhela escribir las vivencias al frente de la selecci\u00f3n femenil y sin duda que estar\u00e1 disponible para tomar alg\u00fan otro cargo, de t\u00e9cnico, ayudante o dirigente.<\/p>\n<p>\u201cHablando de Leonardo Cu\u00e9llar si le toca su salida habr\u00e1 tiempo de reacomodo consigo mismo, quiero escribir un libro al respecto, quiero crear un gui\u00f3n, hay historias muy interesantes que ser\u00eda importante que nuestro pueblo supiera, hay historias maravillosas de vida de estas ni\u00f1as en todos los sentidos y tendr\u00e9 mi letrero de disponible si ese es el caso\u201d, expuso.<\/p>\n<p>Cu\u00e9llar no es quien para decir nombres de candidatos para reemplazarlo, eso ser\u00e1 tarea de la Federaci\u00f3n, que tendr\u00e1 que hacer un an\u00e1lisis a fondo para tomar una decisi\u00f3n.<\/p>\n<p>\u201cEso es parte del an\u00e1lisis, del estudio, tengo entendido que se han candidateado muchas personas del medio, incluso del extranjero, a quien le corresponda tendr\u00e1 que hacer esa evaluaci\u00f3n y escoger lo que mejor le convenga al pa\u00eds\u201d, dijo.<\/p>\n<p>Aclar\u00f3 que su hijo Christopher Cu\u00e9llar no tiene nada qu\u00e9 ver en sus decisiones, ya que \u00e9l ha forjado su trayectoria de forma independiente y est\u00e1 a claro de la representaci\u00f3n de la categor\u00eda Sub-17.<\/p>\n<p>&nbsp;<\/p>\n","protected":false},"excerpt":{"rendered":"<p>Ante su inminente salida de la direcci\u00f3n t\u00e9cnica de la Selecci\u00f3n Femenil Mexicana de Futbol, Leonardo Cu\u00e9llar consider\u00f3 la posibilidad de dirigir alg\u00fan club de primera divisi\u00f3n, en un giro de rama.<\/p>\n","protected":false},"author":3,"featured_media":257501,"comment_status":"open","ping_status":"open","sticky":false,"template":"","format":"standard","meta":{"_monsterinsights_skip_tracking":false,"_monsterinsights_sitenote_active":false,"_monsterinsights_sitenote_note":"","_monsterinsights_sitenote_category":0,"footnotes":""},"categories":[10],"tags":[43680,13825,2825],"class_list":["post-257420","post","type-post","status-publish","format-standard","has-post-thumbnail","hentry","category-deportes","tag-deportes","tag-leonardo-cuellar","tag-tri"],"_links":{"self":[{"href":"https:\/\/www.diarioimagen.net\/index.php?rest_route=\/wp\/v2\/posts\/257420","targetHints":{"allow":["GET"]}}],"collection":[{"href":"https:\/\/www.diarioimagen.net\/index.php?rest_route=\/wp\/v2\/posts"}],"about":[{"href":"https:\/\/www.diarioimagen.net\/index.php?rest_route=\/wp\/v2\/types\/post"}],"author":[{"embeddable":true,"href":"https:\/\/www.diarioimagen.net\/index.php?rest_route=\/wp\/v2\/users\/3"}],"replies":[{"embeddable":true,"href":"https:\/\/www.diarioimagen.net\/index.php?rest_route=%2Fwp%2Fv2%2Fcomments&post=257420"}],"version-history":[{"count":0,"href":"https:\/\/www.diarioimagen.net\/index.php?rest_route=\/wp\/v2\/posts\/257420\/revisions"}],"wp:featuredmedia":[{"embeddable":true,"href":"https:\/\/www.diarioimagen.net\/index.php?rest_route=\/wp\/v2\/media\/257501"}],"wp:attachment":[{"href":"https:\/\/www.diarioimagen.net\/index.php?rest_route=%2Fwp%2Fv2%2Fmedia&parent=257420"}],"wp:term":[{"taxonomy":"category","embeddable":true,"href":"https:\/\/www.diarioimagen.net\/index.php?rest_route=%2Fwp%2Fv2%2Fcategories&post=257420"},{"taxonomy":"post_tag","embeddable":true,"href":"https:\/\/www.diarioimagen.net\/index.php?rest_route=%2Fwp%2Fv2%2Ftags&post=257420"}],"curies":[{"name":"wp","href":"https:\/\/api.w.org\/{rel}","templated":true}]}}