{"id":257619,"date":"2016-02-26T00:09:36","date_gmt":"2016-02-26T06:09:36","guid":{"rendered":"http:\/\/www.diarioimagen.net\/?p=257619"},"modified":"2016-02-26T06:27:08","modified_gmt":"2016-02-26T12:27:08","slug":"todos-contra-el-trabajo-infantil","status":"publish","type":"post","link":"https:\/\/www.diarioimagen.net\/?p=257619","title":{"rendered":"\u201cTodos contra el trabajo infantil\u201d"},"content":{"rendered":"<ul>\n<li><strong><em>Campa\u00f1a<\/em><\/strong><\/li>\n<\/ul>\n<p>&nbsp;<\/p>\n<div id=\"attachment_257727\" style=\"width: 430px\" class=\"wp-caption aligncenter\"><a href=\"http:\/\/www.diarioimagen.net\/?attachment_id=257727\" rel=\"attachment wp-att-257727\"><img loading=\"lazy\" decoding=\"async\" aria-describedby=\"caption-attachment-257727\" class=\"size-large wp-image-257727\" src=\"http:\/\/www.diarioimagen.net\/wp-content\/uploads\/2016\/02\/stps-2813-420x236.jpg\" alt=\"Durante la firma del convenio &quot;Todos contra el trabajo infantil&quot;\" width=\"420\" height=\"236\" srcset=\"https:\/\/www.diarioimagen.net\/wp-content\/uploads\/2016\/02\/stps-2813-420x236.jpg 420w, https:\/\/www.diarioimagen.net\/wp-content\/uploads\/2016\/02\/stps-2813-240x135.jpg 240w, https:\/\/www.diarioimagen.net\/wp-content\/uploads\/2016\/02\/stps-2813-235x132.jpg 235w, https:\/\/www.diarioimagen.net\/wp-content\/uploads\/2016\/02\/stps-2813-202x114.jpg 202w, https:\/\/www.diarioimagen.net\/wp-content\/uploads\/2016\/02\/stps-2813-350x196.jpg 350w, https:\/\/www.diarioimagen.net\/wp-content\/uploads\/2016\/02\/stps-2813-220x123.jpg 220w, https:\/\/www.diarioimagen.net\/wp-content\/uploads\/2016\/02\/stps-2813-237x132.jpg 237w, https:\/\/www.diarioimagen.net\/wp-content\/uploads\/2016\/02\/stps-2813.jpg 480w\" sizes=\"auto, (max-width: 420px) 100vw, 420px\" \/><\/a><p id=\"caption-attachment-257727\" class=\"wp-caption-text\">Durante la firma del convenio de la campa\u00f1a \u00abTodos contra el trabajo infantil\u00bb<\/p><\/div>\n<p>&nbsp;<\/p>\n<p>La Secretar\u00eda del Trabajo y Previsi\u00f3n Social (STPS) y las fundaciones Panamericana para el Desarrollo y Telef\u00f3nica firmaron un convenio de cooperaci\u00f3n y asistencia t\u00e9cnica de la campa\u00f1a \u201cTodos contra el trabajo infantil\u201d, evento en el que se resaltaron los avances de M\u00e9xico en la disminuci\u00f3n de este fen\u00f3meno.<\/p>\n<p>El titular de la STPS, Alfonso Navarrete Prida, destac\u00f3 que el gobierno mexicano ha dejado en claro su convicci\u00f3n de erradicar el trabajo infantil y muestra de ello es que en lo que va de la administraci\u00f3n alrededor de 547 mil ni\u00f1os y ni\u00f1as que trabajaban ya no realizan actividades laborales.<\/p>\n<p>Record\u00f3 que el trabajo infantil viola los derechos fundamentales de los ni\u00f1os y ni\u00f1as, y vulnera la educaci\u00f3n y la salud de m\u00e1s de 168 millones de infantes en todo el mundo, tema que est\u00e1 vinculado al de la pobreza y el subdesarrollo, pues donde hay m\u00e1s problemas de ese tipo es donde mayor explotaci\u00f3n infantil persiste.<\/p>\n<p>Frente a esto, destac\u00f3 que el gobierno federal emprendi\u00f3 un programa y una serie de acciones espec\u00edficas, como elevar por ley la edad m\u00ednima para trabajar de 14 a 15 a\u00f1os, lo que le permiti\u00f3 firmar el Convenio 138 de la Organizaci\u00f3n Internacional del Trabajo.<\/p>\n<p>Navarrete Prida refiri\u00f3 que tambi\u00e9n se concretaron reformas a 19 art\u00edculos de la Ley Federal del Trabajo en esta materia, en las que se regul\u00f3 el trabajo de adolescentes en edad permitida para trabajar, siempre y cuando la actividad que realicen sea compatible con sus estudios.<\/p>\n<p>Asimismo, se prohibi\u00f3 que los menores de 18 a\u00f1os realicen labores consideradas como peligrosas o insalubres; se garantiz\u00f3 en la ley el pago de horas extras y vacaciones a menores de edad y su participaci\u00f3n en directivas sindicales, entre otras.<\/p>\n<p>El funcionario sostuvo que todos estos cambios tienen impactos positivos en el mercado laboral mexicano y en otros \u00e1mbitos, como el educativo, y tales resultados los se\u00f1alan de manera consistente organismos aut\u00f3nomos nacionales e internacionales.<\/p>\n<p>Respecto a la campa\u00f1a \u201cTodos contra el trabajo infantil\u201d, la STPS suscribi\u00f3 el primer convenio en M\u00e9xico en 2013 y el material difundido denominado Percepci\u00f3n contra Realidad que incluy\u00f3 el tema del trabajo infantil, gan\u00f3 medalla de oro como mejor campa\u00f1a de sensibilizaci\u00f3n en el Festival Mundial de Medios de Comunicaci\u00f3n 2015.<\/p>\n<p>En su oportunidad, John Sanbrailo, director ejecutivo de la Fundaci\u00f3n Panamericana para el Desarrollo, destac\u00f3 el liderazgo que ha tenido el gobierno mexicano para erradicar el problema del trabajo infantil en el menor tiempo posible.<\/p>\n","protected":false},"excerpt":{"rendered":"<p>La Secretar\u00eda del Trabajo y Previsi\u00f3n Social (STPS) y las fundaciones Panamericana para el Desarrollo y Telef\u00f3nica firmaron un convenio de cooperaci\u00f3n y asistencia t\u00e9cnica de la campa\u00f1a \u201cTodos contra el trabajo infantil\u201d, evento en el que se resaltaron los avances de M\u00e9xico en la disminuci\u00f3n de este fen\u00f3meno.<\/p>\n","protected":false},"author":3,"featured_media":257727,"comment_status":"open","ping_status":"open","sticky":false,"template":"","format":"standard","meta":{"_monsterinsights_skip_tracking":false,"_monsterinsights_sitenote_active":false,"_monsterinsights_sitenote_note":"","_monsterinsights_sitenote_category":0,"footnotes":""},"categories":[3],"tags":[11708,43673,10385,23715],"class_list":["post-257619","post","type-post","status-publish","format-standard","has-post-thumbnail","hentry","category-nacional","tag-alfonso-navarrete-prida","tag-nacional","tag-secretaria-del-trabajo-y-prevision-social","tag-trabajo-infantil"],"_links":{"self":[{"href":"https:\/\/www.diarioimagen.net\/index.php?rest_route=\/wp\/v2\/posts\/257619","targetHints":{"allow":["GET"]}}],"collection":[{"href":"https:\/\/www.diarioimagen.net\/index.php?rest_route=\/wp\/v2\/posts"}],"about":[{"href":"https:\/\/www.diarioimagen.net\/index.php?rest_route=\/wp\/v2\/types\/post"}],"author":[{"embeddable":true,"href":"https:\/\/www.diarioimagen.net\/index.php?rest_route=\/wp\/v2\/users\/3"}],"replies":[{"embeddable":true,"href":"https:\/\/www.diarioimagen.net\/index.php?rest_route=%2Fwp%2Fv2%2Fcomments&post=257619"}],"version-history":[{"count":0,"href":"https:\/\/www.diarioimagen.net\/index.php?rest_route=\/wp\/v2\/posts\/257619\/revisions"}],"wp:featuredmedia":[{"embeddable":true,"href":"https:\/\/www.diarioimagen.net\/index.php?rest_route=\/wp\/v2\/media\/257727"}],"wp:attachment":[{"href":"https:\/\/www.diarioimagen.net\/index.php?rest_route=%2Fwp%2Fv2%2Fmedia&parent=257619"}],"wp:term":[{"taxonomy":"category","embeddable":true,"href":"https:\/\/www.diarioimagen.net\/index.php?rest_route=%2Fwp%2Fv2%2Fcategories&post=257619"},{"taxonomy":"post_tag","embeddable":true,"href":"https:\/\/www.diarioimagen.net\/index.php?rest_route=%2Fwp%2Fv2%2Ftags&post=257619"}],"curies":[{"name":"wp","href":"https:\/\/api.w.org\/{rel}","templated":true}]}}