{"id":257624,"date":"2016-02-26T03:08:36","date_gmt":"2016-02-26T09:08:36","guid":{"rendered":"http:\/\/www.diarioimagen.net\/?p=257624"},"modified":"2016-02-26T06:31:02","modified_gmt":"2016-02-26T12:31:02","slug":"educacion-de-calidad-transforma-vida-social","status":"publish","type":"post","link":"https:\/\/www.diarioimagen.net\/?p=257624","title":{"rendered":"Educaci\u00f3n de calidad transforma vida social"},"content":{"rendered":"<ul>\n<li><strong><em>Convenio SEP-Marina<\/em><\/strong><\/li>\n<\/ul>\n<p>&nbsp;<\/p>\n<div id=\"attachment_257730\" style=\"width: 430px\" class=\"wp-caption aligncenter\"><a href=\"http:\/\/www.diarioimagen.net\/?attachment_id=257730\" rel=\"attachment wp-att-257730\"><img loading=\"lazy\" decoding=\"async\" aria-describedby=\"caption-attachment-257730\" class=\"wp-image-257730 size-large\" src=\"http:\/\/www.diarioimagen.net\/wp-content\/uploads\/2016\/02\/marina-2813-420x236.jpg\" alt=\"Los titulares de las secretar\u00edas de la SEP y de Marina, Aurelio Nu\u00f1o y Vidal Francisco Sober\u00f3n Sanz, respectivamente, encabezaron la graduaci\u00f3n de 50 m\u00e9dicos de alta especialidad de la Escuela M\u00e9dico Naval.\" width=\"420\" height=\"236\" srcset=\"https:\/\/www.diarioimagen.net\/wp-content\/uploads\/2016\/02\/marina-2813-420x236.jpg 420w, https:\/\/www.diarioimagen.net\/wp-content\/uploads\/2016\/02\/marina-2813-240x135.jpg 240w, https:\/\/www.diarioimagen.net\/wp-content\/uploads\/2016\/02\/marina-2813-235x132.jpg 235w, https:\/\/www.diarioimagen.net\/wp-content\/uploads\/2016\/02\/marina-2813-202x114.jpg 202w, https:\/\/www.diarioimagen.net\/wp-content\/uploads\/2016\/02\/marina-2813-350x196.jpg 350w, https:\/\/www.diarioimagen.net\/wp-content\/uploads\/2016\/02\/marina-2813-220x123.jpg 220w, https:\/\/www.diarioimagen.net\/wp-content\/uploads\/2016\/02\/marina-2813-237x132.jpg 237w, https:\/\/www.diarioimagen.net\/wp-content\/uploads\/2016\/02\/marina-2813.jpg 480w\" sizes=\"auto, (max-width: 420px) 100vw, 420px\" \/><\/a><p id=\"caption-attachment-257730\" class=\"wp-caption-text\">Los titulares de las secretar\u00edas de la SEP y de Marina, Aurelio Nu\u00f1o y Vidal Francisco Sober\u00f3n Sanz, respectivamente, encabezaron la graduaci\u00f3n de 50 m\u00e9dicos de alta especialidad de la Escuela M\u00e9dico Naval.<\/p><\/div>\n<p>&nbsp;<\/p>\n<p>El secretario de Educaci\u00f3n P\u00fablica, Aurelio Nu\u00f1o Mayer, subray\u00f3 que a trav\u00e9s de la educaci\u00f3n de calidad es como transforma la econom\u00eda y la vida social del pa\u00eds, adem\u00e1s de forjar ciudadanos m\u00e1s libres, pr\u00f3speros y orgullosos de ser mexicanos.<\/p>\n<p>Durante la Ceremonia de Graduaci\u00f3n de Posgrados de la Escuela M\u00e9dico Naval, el funcionario tambi\u00e9n destac\u00f3 la firma de un convenio para que personal de la Secretar\u00eda de Marina (Semar) pueda estudiar en el extranjero pues, se\u00f1al\u00f3, la internacionalizaci\u00f3n tambi\u00e9n es parte fundamental en el proceso de mejorar la calidad educativa.<\/p>\n<p>Los titulares de las secretar\u00edas de Educaci\u00f3n P\u00fablica (SEP) y de Marina, Vidal Francisco Sober\u00f3n Sanz, encabezaron la graduaci\u00f3n de 50 m\u00e9dicos de alta especialidad de la Escuela M\u00e9dico Naval.<\/p>\n<p>Acompa\u00f1ados adem\u00e1s por los secretarios de la Defensa Nacional, general Salvador Cienfuegos Zepeda, y de Salud, Jos\u00e9 Narro Robles, los funcionarios firmaron un acuerdo para el Programa de Capacitaci\u00f3n SEP-Semar a trav\u00e9s del cual 150 elementos de Marina perfeccionar\u00e1n en Estados Unidos su conocimiento del idioma ingl\u00e9s.<\/p>\n<p>Nu\u00f1o Mayer extern\u00f3 que \u201cen el esfuerzo de llevar una educaci\u00f3n de calidad a todo el pa\u00eds, la Armada de M\u00e9xico, as\u00ed como nuestras fuerzas armadas, son un aliado indispensable, pues se ha comprometido con que su personal est\u00e9 cada d\u00eda mejor capacitado para y por la seguridad de los mexicanos\u201d.<\/p>\n<p>Enfatiz\u00f3 en ese sentido que \u201ccon una educaci\u00f3n de calidad habr\u00e1 un mejor futuro para todos. Una educaci\u00f3n de calidad ser\u00e1 el motor que nos impulsar\u00e1 a alcanzar nuestro m\u00e1ximo potencial como pa\u00eds\u201d.<\/p>\n<p>Los graduados cursaron maestr\u00edas, especialidades y altas especialidades en ciencias de la salud, estudios avalados por las m\u00e1s prestigiosas escuelas del pa\u00eds, entre ellas la UNAM, el IPN y la Universidad del Ej\u00e9rcito y Fuerza A\u00e9rea Mexicana.<\/p>\n<p>El secretario de Educaci\u00f3n destac\u00f3 que la contribuci\u00f3n de la Armada es fundamental para proteger la soberan\u00eda y velar por la seguridad de la naci\u00f3n, pero su labor tambi\u00e9n incluye tareas humanitarias y sociales.<\/p>\n<p>\u201cUstedes est\u00e1n ah\u00ed para extender la mano a los mexicanos cuando m\u00e1s lo necesitan. Por ello no tenemos palabras para expresar nuestra gratitud por sus valientes acciones\u201d.<\/p>\n<p>El funcionario enfatiz\u00f3 que el sistema naval cuenta con planteles de vanguardia, en los que se imparte una educaci\u00f3n de gran calidad.<\/p>\n<p>Como prueba de ello cit\u00f3 la creaci\u00f3n \u2014el 23 de julio, por decreto presidencial\u2014 de la Universidad Naval como unidad administrativa de la Semar, con lo que se conforma as\u00ed una instituci\u00f3n de educaci\u00f3n de gran calidad que cuenta con el respaldo de la SEP.<\/p>\n<p>Respecto al convenio, remarc\u00f3 que la internacionalizaci\u00f3n de la educaci\u00f3n es tambi\u00e9n parte fundamental del cambio educativo y de mejorar la calidad en el rubro.<\/p>\n<p>Por ello, dijo, \u201dtambi\u00e9n estamos comprometidos en que nuestras fuerzas armadas, as\u00ed como muchos otros estudiantes de M\u00e9xico, puedan ir al extranjero a aprender una segunda lengua y conocer distintas culturas\u201d.<\/p>\n<p>&nbsp;<\/p>\n","protected":false},"excerpt":{"rendered":"<p>El secretario de Educaci\u00f3n P\u00fablica, Aurelio Nu\u00f1o Mayer, subray\u00f3 que a trav\u00e9s de la educaci\u00f3n de calidad es como transforma la econom\u00eda y la vida social del pa\u00eds, adem\u00e1s de forjar ciudadanos m\u00e1s libres, pr\u00f3speros y orgullosos de ser mexicanos. Durante la Ceremonia de Graduaci\u00f3n de Posgrados de la Escuela M\u00e9dico Naval, el funcionario tambi\u00e9n destac\u00f3 la firma de un convenio para que personal de la Secretar\u00eda de Marina (Semar) pueda estudiar en el extranjero pues, se\u00f1al\u00f3, la internacionalizaci\u00f3n tambi\u00e9n es parte fundamental en el proceso de mejorar la calidad educativa.<\/p>\n","protected":false},"author":3,"featured_media":257730,"comment_status":"open","ping_status":"open","sticky":false,"template":"","format":"standard","meta":{"_monsterinsights_skip_tracking":false,"_monsterinsights_sitenote_active":false,"_monsterinsights_sitenote_note":"","_monsterinsights_sitenote_category":0,"footnotes":""},"categories":[3],"tags":[9453,43673,459],"class_list":["post-257624","post","type-post","status-publish","format-standard","has-post-thumbnail","hentry","category-nacional","tag-alianza","tag-nacional","tag-sep"],"_links":{"self":[{"href":"https:\/\/www.diarioimagen.net\/index.php?rest_route=\/wp\/v2\/posts\/257624","targetHints":{"allow":["GET"]}}],"collection":[{"href":"https:\/\/www.diarioimagen.net\/index.php?rest_route=\/wp\/v2\/posts"}],"about":[{"href":"https:\/\/www.diarioimagen.net\/index.php?rest_route=\/wp\/v2\/types\/post"}],"author":[{"embeddable":true,"href":"https:\/\/www.diarioimagen.net\/index.php?rest_route=\/wp\/v2\/users\/3"}],"replies":[{"embeddable":true,"href":"https:\/\/www.diarioimagen.net\/index.php?rest_route=%2Fwp%2Fv2%2Fcomments&post=257624"}],"version-history":[{"count":0,"href":"https:\/\/www.diarioimagen.net\/index.php?rest_route=\/wp\/v2\/posts\/257624\/revisions"}],"wp:featuredmedia":[{"embeddable":true,"href":"https:\/\/www.diarioimagen.net\/index.php?rest_route=\/wp\/v2\/media\/257730"}],"wp:attachment":[{"href":"https:\/\/www.diarioimagen.net\/index.php?rest_route=%2Fwp%2Fv2%2Fmedia&parent=257624"}],"wp:term":[{"taxonomy":"category","embeddable":true,"href":"https:\/\/www.diarioimagen.net\/index.php?rest_route=%2Fwp%2Fv2%2Fcategories&post=257624"},{"taxonomy":"post_tag","embeddable":true,"href":"https:\/\/www.diarioimagen.net\/index.php?rest_route=%2Fwp%2Fv2%2Ftags&post=257624"}],"curies":[{"name":"wp","href":"https:\/\/api.w.org\/{rel}","templated":true}]}}