{"id":257640,"date":"2016-02-26T00:01:41","date_gmt":"2016-02-26T06:01:41","guid":{"rendered":"http:\/\/www.diarioimagen.net\/?p=257640"},"modified":"2016-02-28T22:37:01","modified_gmt":"2016-02-29T04:37:01","slug":"el-embajador-de-espana-en-mexico-luis-fernandez-cid-inauguro-la-10a-edicion-de-la-muestra-de-vinos-de-espana","status":"publish","type":"post","link":"https:\/\/www.diarioimagen.net\/?p=257640","title":{"rendered":"El embajador de Espa\u00f1a en M\u00e9xico, Luis Fern\u00e1ndez-Cid, inaugur\u00f3 la 10\u00aa edici\u00f3n de la Muestra de Vinos de Espa\u00f1a"},"content":{"rendered":"<h2>De cinco estrellas<\/h2>\n<h5>Victoria Gonz\u00e1lez Prado<\/h5>\n<p>&nbsp;<\/p>\n<ul>\n<li><strong><em>San Luis Potos\u00ed est\u00e1 lista para recibir a sus visitantes durante la temporada vacacional: secretario de Turismo estatal<\/em><\/strong><\/li>\n<\/ul>\n<p>&nbsp;<\/p>\n<div id=\"attachment_257743\" style=\"width: 430px\" class=\"wp-caption aligncenter\"><a href=\"http:\/\/www.diarioimagen.net\/?attachment_id=257743\" rel=\"attachment wp-att-257743\"><img loading=\"lazy\" decoding=\"async\" aria-describedby=\"caption-attachment-257743\" class=\"size-large wp-image-257743\" src=\"http:\/\/www.diarioimagen.net\/wp-content\/uploads\/2016\/02\/turismo-2813-420x236.jpg\" alt=\"El embajador de Espa\u00f1a en M\u00e9xico, Luis Fern\u00e1ndez-Cid, durante la inauguraci\u00f3n de la 10\u00aa Muestra de Vinos.\" width=\"420\" height=\"236\" srcset=\"https:\/\/www.diarioimagen.net\/wp-content\/uploads\/2016\/02\/turismo-2813-420x236.jpg 420w, https:\/\/www.diarioimagen.net\/wp-content\/uploads\/2016\/02\/turismo-2813-240x135.jpg 240w, https:\/\/www.diarioimagen.net\/wp-content\/uploads\/2016\/02\/turismo-2813-235x132.jpg 235w, https:\/\/www.diarioimagen.net\/wp-content\/uploads\/2016\/02\/turismo-2813-202x114.jpg 202w, https:\/\/www.diarioimagen.net\/wp-content\/uploads\/2016\/02\/turismo-2813-350x196.jpg 350w, https:\/\/www.diarioimagen.net\/wp-content\/uploads\/2016\/02\/turismo-2813-220x123.jpg 220w, https:\/\/www.diarioimagen.net\/wp-content\/uploads\/2016\/02\/turismo-2813-237x132.jpg 237w, https:\/\/www.diarioimagen.net\/wp-content\/uploads\/2016\/02\/turismo-2813.jpg 480w\" sizes=\"auto, (max-width: 420px) 100vw, 420px\" \/><\/a><p id=\"caption-attachment-257743\" class=\"wp-caption-text\">El embajador de Espa\u00f1a en M\u00e9xico, Luis Fern\u00e1ndez-Cid, durante la inauguraci\u00f3n de la 10\u00aa Muestra de Vinos.<\/p><\/div>\n<p>&nbsp;<\/p>\n<p>El embajador de Espa\u00f1a en M\u00e9xico, Luis Fern\u00e1ndez-Cid, inaugur\u00f3 la 10\u00aa edici\u00f3n de la Muestra de\u00a0<em>Vinos<\/em>\u00a0de Espa\u00f1a, exhibici\u00f3n en la que bodegueros de diferentes regiones del pa\u00eds ib\u00e9rico mostraron su amplia y variada oferta ante importadores y distribuidores, reafirmando su apuesta por el mercado mexicano y como en a\u00f1os anteriores, represent\u00f3 una amplia oferta de vinos de alta calidad de diferentes regiones del pa\u00eds con una larga tradici\u00f3n vitivin\u00edcola.<\/p>\n<p>38 bodegas, 262 etiquetas y 28 de las 90 que existen en Espa\u00f1a, estuvieron presentes en este encuentro anual organizado por ICEX Espa\u00f1a Exportaci\u00f3n e Inversiones,\u00a0<em>Vinos<\/em>\u00a0de Espa\u00f1a y la Oficina Econ\u00f3mica y Comercial de la embajada de Espa\u00f1a en M\u00e9xico, con el objetivo de establecer relaciones comerciales con importadores y distribuidores mexicanos y abrir mercado en el pa\u00eds.<\/p>\n<p>En el evento estuvieron representados casi todos los\u00a0<em>vinos<\/em>\u00a0espa\u00f1oles, como los de Rioja, Ribera del Duero, R\u00edas Baixas, Navarra, Bierzo, Toro, Cava, Jerez, entre otros muchos; de tipo varietal, plurivarietal,\u00a0<em>vinos<\/em>\u00a0tradicionales,\u00a0<em>vino<\/em>s modernos y, los m\u00e1s representativos de la producci\u00f3n de Espa\u00f1a, pa\u00eds que cuenta con la mayor extensi\u00f3n de vi\u00f1edos del mundo.<\/p>\n<p>El embajador de Espa\u00f1a en M\u00e9xico, se\u00f1al\u00f3 que en t\u00e9rminos de mercado, Espa\u00f1a export\u00f3 en 2015\u00a0<em>vino<\/em>\u00a0a M\u00e9xico por un valor de 66 millones USD\u00a0y un volumen de 18 millones de litros, manteniendo su liderazgo con un 30% de cuota de mercado.<\/p>\n<p>En 2015, M\u00e9xico import\u00f3\u00a0<em>vino<\/em>\u00a0por valor de 224 millones de d\u00f3lares. En cuanto al volumen, se han importado 60 millones de litros, lo que supone un incremento de un 10.3% respecto a 2014.<\/p>\n<p>Cabe se\u00f1alar que el consumo de\u00a0<em>vino<\/em>\u00a0en M\u00e9xico contin\u00faa creciendo, situ\u00e1ndose en 2015 en 80 millones de litros, aumentando entre la clase media, a la vez que el perfil de los consumidores se ha diversificado. Asimismo, se espera que el mercado del\u00a0<em>vino<\/em>\u00a0en M\u00e9xico contin\u00fae su tendencia creciente en los pr\u00f3ximos a\u00f1os.<\/p>\n<p>Luego de la presentaci\u00f3n, el reconocido en\u00f3logo mexicano, Jes\u00fas D\u00edez, dirigi\u00f3 tres\u00a0catas de distintos\u00a0<em>vinos<\/em>\u00a0espa\u00f1oles que, en esta ocasi\u00f3n, giraron en torno a la tem\u00e1tica: \u201cVi\u00f1edos y suelos de Espa\u00f1a: arcillas calc\u00e1reas, ferruginosas y pedregosas\u201d.<\/p>\n<p>\u2730\u2730\u2730\u2730\u2730 Durante la presentaci\u00f3n de la Semana Santa en Punto M\u00e9xico, el secretario de Turismo del estado de San Luis Potos\u00ed, <strong>Arturo Esper Sulaim\u00e1n<\/strong>, inform\u00f3 que la entidad est\u00e1 lista para recibir a sus visitantes durante la temporada vacacional de Semana Santa y Semana de Pascua, donde se ha estado trabajando conjuntamente con la Secretar\u00eda de Cultura, Tradiciones Potosinas, Instituto Potosino del Deporte, H. Ayuntamiento Municipal, Asociaci\u00f3n Estatal de Hoteleros, Prestadores de Servicios Tur\u00edsticos y por supuesto con las Delegaciones de Turismo en las regiones Huasteca, Media y Altiplano. Lo anterior con la finalidad de ofrecer una diversidad de productos tur\u00edsticos de calidad a nuestros visitantes.<\/p>\n<p>En la presentaci\u00f3n estuvieron <strong>Javier Torres<\/strong>, presidente de la Asociaci\u00f3n Mexicana de Hoteles y Moteles en San Luis Potos\u00ed; <strong>Alfredo Ortega Rodr\u00edguez<\/strong>, director general de Operaci\u00f3n Tur\u00edstica de la Secretar\u00eda de Turismo de San Luis Potos\u00ed; <strong>Maria Clara Barreneche<\/strong>, directora de Turismo Cultural y de Salud de la Sectur; <strong>Rodolfo Acevedo Olivo<\/strong>, director del Museo del Ferrocarril y <strong>Cecilia Cruz<\/strong>, coordinadora de Programas Cooperativos del Consejo de Promoci\u00f3n Tur\u00edstica de M\u00e9xico (CPTM).<\/p>\n<p>San Luis Potos\u00ed, ofrecer\u00e1 sus visitantes una gran variedad de opciones para disfrutar su estad\u00eda tanto en la ciudad, como en cada una de las regiones del estado, ya que contaremos con paquetes tur\u00edsticos de aventura, cultura y naturaleza. As\u00ed como tambi\u00e9n la amplia gama de actividades deportivas, culturales, tur\u00edsticas y tradicionales que se llevan a cabo en la ciudad y en los municipios por motivo de Semana Santa y Semana de Pascua. Adem\u00e1s podr\u00e1n aprovechar las promociones de los hoteleros, restauranteros, gu\u00edas de turistas certificados y prestadores de servicios de todo el estado.<\/p>\n<p>San Luis Potos\u00ed, es por tradici\u00f3n, uno de los destinos favoritos de los turistas nacionales durante esta temporada, por su privilegiada ubicaci\u00f3n geogr\u00e1fica y por la gran variedad de eventos culturales y actividades recreativas que se ofrecen a nuestros visitantes para que puedan pasar unas vacaciones inolvidables.<\/p>\n<p>Como la ya internacionalmente conocida \u201cProcesi\u00f3n del Silencio\u201d, y por decreto Patrimonio Cultural de los Potosinos, que en esta ocasi\u00f3n estar\u00e1 cumpliendo 63 a\u00f1os realiz\u00e1ndose. As\u00ed como el Viacrucis Viviente de Real de Catorce, Pueblo M\u00e1gico del Altiplano Potosino.<\/p>\n<p>Durante esta temporada vacacional tambi\u00e9n destaca la Feria Nacional de la Huasteca Potosina del 17 al 27 de marzo, que ofrece un sinf\u00edn de actividades propias de una feria. Cultura, gastronom\u00eda, artesan\u00eda, muestras ganaderas y comerciales de primer nivel, que contar\u00e1 tambi\u00e9n con un elenco art\u00edstico en su Teatro del Pueblo y palenque.<\/p>\n<p>En cuanto a eventos deportivos se dar\u00e1 el Campeonato Mexicano de Velocidad GP M\u00e9xico, Campeonato Panamericano de <em>Raquetbol<\/em>, Campeonato Mundial de entrenamiento de <em>Taekwondo, World Taekwondo Open<\/em>, Campeonato Nacional Infantil-Juvenil de Tenis, Torneo San Luis Open 2016, y la Copa Gobernador Futbol 2016.<\/p>\n<p>Cabe mencionar que en cuanto a eventos culturales, habr\u00e1 19 grupos, 45 actividades y la participaci\u00f3n de 30 municipios. Algunos de los eventos culturales que se tendr\u00e1n son: Conciertos de la Orquesta Sinf\u00f3nica, Festival de M\u00fasica Vern\u00e1cula, Festival de Danza Azteca, Festival del Son, Altares de Dolores, Exposici\u00f3n de los Rostros de la Pasi\u00f3n, Banda del Estado, Ballet de Danza Folcl\u00f3rica, Camerata de San Luis, Exposici\u00f3n Rostros y Lugares, entre otros.<\/p>\n<p>Al hacer uso de la palabra, Sulaim\u00e1n, dijo: \u201cLas tradiciones de la temporada que se amalgaman con las muestras religiosas y paganas de nuestras etnias y los rituales \u00fanicos y vistosos en las regiones huasteca y media de nuestro estado tambi\u00e9n son una atracci\u00f3n tur\u00edstica, as\u00ed como todas las actividades de aventura, naturaleza y cultura que se pueden llevara cabo en las cuatro regiones de nuestro destino\u201d.<\/p>\n<p>De igual forma el secretario de Turismo invit\u00f3 a los presentes a visitar la p\u00e1gina <a href=\"http:\/\/www.visitasanluispotosi.com\" target=\"_blank\">www.visitasanluispotosi.com<\/a> donde a detalle se brinda informaci\u00f3n de rutas como la del Mezcal, los Saberes de la Salud, la ruta de Tesoros Coloniales, La ruta Huasteca M\u00e1gica, los Pueblos M\u00e1gicos de Xilitla y Real de Catorce y decenas de lugares de inter\u00e9s, adem\u00e1s de los servicios y paquetes de temporada, con una agenda de eventos relevantes, multimedia descargable, todo el destino en un mismo sitio.<\/p>\n<p><em><i><a href=\"mailto:victoriagprado@gmail.com\" target=\"_blank\">victoriagprado@gmail.com<\/a><\/i><\/em><br \/>\nTwitter: <em><a href=\"https:\/\/twitter.com\/victoriagprado\" target=\"_blank\">@victoriagprado<\/a><\/em><\/p>\n","protected":false},"excerpt":{"rendered":"<p>El embajador de Espa\u00f1a en M\u00e9xico, Luis Fern\u00e1ndez-Cid, inaugur\u00f3 la 10\u00aa edici\u00f3n de la Muestra de Vinos de Espa\u00f1a, exhibici\u00f3n en la que bodegueros de diferentes regiones del pa\u00eds ib\u00e9rico mostraron su amplia y variada oferta ante importadores y distribuidores, reafirmando su apuesta por el mercado mexicano y como en a\u00f1os anteriores, represent\u00f3 una amplia oferta de vinos de alta calidad de diferentes regiones del pa\u00eds con una larga tradici\u00f3n vitivin\u00edcola.<\/p>\n","protected":false},"author":3,"featured_media":257743,"comment_status":"open","ping_status":"open","sticky":false,"template":"","format":"standard","meta":{"_monsterinsights_skip_tracking":false,"_monsterinsights_sitenote_active":false,"_monsterinsights_sitenote_note":"","_monsterinsights_sitenote_category":0,"footnotes":""},"categories":[11],"tags":[107,43674,106],"class_list":["post-257640","post","type-post","status-publish","format-standard","has-post-thumbnail","hentry","category-turismo","tag-de-cinco-estrellas","tag-opinion","tag-victoria-gonzalez-prado"],"_links":{"self":[{"href":"https:\/\/www.diarioimagen.net\/index.php?rest_route=\/wp\/v2\/posts\/257640","targetHints":{"allow":["GET"]}}],"collection":[{"href":"https:\/\/www.diarioimagen.net\/index.php?rest_route=\/wp\/v2\/posts"}],"about":[{"href":"https:\/\/www.diarioimagen.net\/index.php?rest_route=\/wp\/v2\/types\/post"}],"author":[{"embeddable":true,"href":"https:\/\/www.diarioimagen.net\/index.php?rest_route=\/wp\/v2\/users\/3"}],"replies":[{"embeddable":true,"href":"https:\/\/www.diarioimagen.net\/index.php?rest_route=%2Fwp%2Fv2%2Fcomments&post=257640"}],"version-history":[{"count":0,"href":"https:\/\/www.diarioimagen.net\/index.php?rest_route=\/wp\/v2\/posts\/257640\/revisions"}],"wp:featuredmedia":[{"embeddable":true,"href":"https:\/\/www.diarioimagen.net\/index.php?rest_route=\/wp\/v2\/media\/257743"}],"wp:attachment":[{"href":"https:\/\/www.diarioimagen.net\/index.php?rest_route=%2Fwp%2Fv2%2Fmedia&parent=257640"}],"wp:term":[{"taxonomy":"category","embeddable":true,"href":"https:\/\/www.diarioimagen.net\/index.php?rest_route=%2Fwp%2Fv2%2Fcategories&post=257640"},{"taxonomy":"post_tag","embeddable":true,"href":"https:\/\/www.diarioimagen.net\/index.php?rest_route=%2Fwp%2Fv2%2Ftags&post=257640"}],"curies":[{"name":"wp","href":"https:\/\/api.w.org\/{rel}","templated":true}]}}