{"id":257753,"date":"2016-02-26T20:00:18","date_gmt":"2016-02-27T02:00:18","guid":{"rendered":"http:\/\/www.diarioimagen.net\/?p=257753"},"modified":"2016-02-29T01:04:37","modified_gmt":"2016-02-29T07:04:37","slug":"house-of-vans","status":"publish","type":"post","link":"https:\/\/www.diarioimagen.net\/?p=257753","title":{"rendered":"Vans 50 a\u00f1os"},"content":{"rendered":"<p><strong>DIARIOIMAGEN<\/strong> te invita a celebrar los 50 a\u00f1os de <strong>Vans<\/strong> y para ello regalaremos boletos para sus eventos de aniversario.<\/p>\n<p>El pr\u00f3ximo domingo 28 de febrero daremos a conocer la mec\u00e1nica para obtener las cortes\u00edas a trav\u00e9s de las redes sociales de <strong>DIARIOIMAGEN<\/strong>\u00a0en <strong><em><a href=\"https:\/\/www.facebook.com\/DiarioImagenOnline\/\" target=\"_blank\">Facebook<\/a><\/em><\/strong> y <em><strong><a href=\"https:\/\/twitter.com\/DiarioImagen\" target=\"_blank\">Twitter<\/a><\/strong><\/em>.<\/p>\n<h6 style=\"text-align: center;\">#VANSCUMPLE50<\/h6>\n<p>&nbsp;<\/p>\n<p><a href=\"http:\/\/www.diarioimagen.net\/?attachment_id=257754\" rel=\"attachment wp-att-257754\"><img loading=\"lazy\" decoding=\"async\" class=\"aligncenter wp-image-257754\" src=\"http:\/\/www.diarioimagen.net\/wp-content\/uploads\/2016\/02\/Vans50Promo-280x420.jpg\" alt=\"Vans50Promo\" width=\"420\" height=\"630\" srcset=\"https:\/\/www.diarioimagen.net\/wp-content\/uploads\/2016\/02\/Vans50Promo-280x420.jpg 280w, https:\/\/www.diarioimagen.net\/wp-content\/uploads\/2016\/02\/Vans50Promo-160x240.jpg 160w, https:\/\/www.diarioimagen.net\/wp-content\/uploads\/2016\/02\/Vans50Promo-768x1153.jpg 768w, https:\/\/www.diarioimagen.net\/wp-content\/uploads\/2016\/02\/Vans50Promo.jpg 1066w\" sizes=\"auto, (max-width: 420px) 100vw, 420px\" \/><\/a><\/p>\n","protected":false},"excerpt":{"rendered":"<p><strong>DIARIOIMAGEN<\/strong> te invita a celebrar los 50 a\u00f1os de <strong>Vans<\/strong> y para ello regalaremos boletos para sus eventos de aniversario. El pr\u00f3ximo domingo 28 de febrero daremos a conocer la mec\u00e1nica para obtener las cortes\u00edas a trav\u00e9s de las redes sociales de <strong>DIARIOIMAGEN<\/strong>\u00a0en <strong><em><a href=\"https:\/\/www.facebook.com\/DiarioImagenOnline\/\" target=\"_blank\">Facebook<\/a><\/em><\/strong> y <em><strong><a href=\"https:\/\/twitter.com\/DiarioImagen\" target=\"_blank\">Twitter<\/a><\/strong><\/em><\/p>\n","protected":false},"author":1,"featured_media":257757,"comment_status":"open","ping_status":"open","sticky":false,"template":"","format":"standard","meta":{"_monsterinsights_skip_tracking":false,"_monsterinsights_sitenote_active":false,"_monsterinsights_sitenote_note":"","_monsterinsights_sitenote_category":0,"footnotes":""},"categories":[12],"tags":[43743,30966],"class_list":["post-257753","post","type-post","status-publish","format-standard","has-post-thumbnail","hentry","category-espectaculos","tag-house-of-vans","tag-vans"],"_links":{"self":[{"href":"https:\/\/www.diarioimagen.net\/index.php?rest_route=\/wp\/v2\/posts\/257753","targetHints":{"allow":["GET"]}}],"collection":[{"href":"https:\/\/www.diarioimagen.net\/index.php?rest_route=\/wp\/v2\/posts"}],"about":[{"href":"https:\/\/www.diarioimagen.net\/index.php?rest_route=\/wp\/v2\/types\/post"}],"author":[{"embeddable":true,"href":"https:\/\/www.diarioimagen.net\/index.php?rest_route=\/wp\/v2\/users\/1"}],"replies":[{"embeddable":true,"href":"https:\/\/www.diarioimagen.net\/index.php?rest_route=%2Fwp%2Fv2%2Fcomments&post=257753"}],"version-history":[{"count":0,"href":"https:\/\/www.diarioimagen.net\/index.php?rest_route=\/wp\/v2\/posts\/257753\/revisions"}],"wp:featuredmedia":[{"embeddable":true,"href":"https:\/\/www.diarioimagen.net\/index.php?rest_route=\/wp\/v2\/media\/257757"}],"wp:attachment":[{"href":"https:\/\/www.diarioimagen.net\/index.php?rest_route=%2Fwp%2Fv2%2Fmedia&parent=257753"}],"wp:term":[{"taxonomy":"category","embeddable":true,"href":"https:\/\/www.diarioimagen.net\/index.php?rest_route=%2Fwp%2Fv2%2Fcategories&post=257753"},{"taxonomy":"post_tag","embeddable":true,"href":"https:\/\/www.diarioimagen.net\/index.php?rest_route=%2Fwp%2Fv2%2Ftags&post=257753"}],"curies":[{"name":"wp","href":"https:\/\/api.w.org\/{rel}","templated":true}]}}