{"id":257768,"date":"2016-02-29T00:09:46","date_gmt":"2016-02-29T06:09:46","guid":{"rendered":"http:\/\/www.diarioimagen.net\/?p=257768"},"modified":"2016-02-29T01:21:46","modified_gmt":"2016-02-29T07:21:46","slug":"van-98-muertes-por-influenza-en-5-meses-confirma-la-ssa","status":"publish","type":"post","link":"https:\/\/www.diarioimagen.net\/?p=257768","title":{"rendered":"Ya van 98 muertes por influenza, confirma Ssa"},"content":{"rendered":"<ul>\n<li><strong><em>Ultim\u00e1tum a distribuidores de oseltamivir<\/em><\/strong><\/li>\n<\/ul>\n<p>&nbsp;<\/p>\n<div id=\"attachment_257769\" style=\"width: 430px\" class=\"wp-caption aligncenter\"><a href=\"http:\/\/www.diarioimagen.net\/?attachment_id=257769\" rel=\"attachment wp-att-257769\"><img loading=\"lazy\" decoding=\"async\" aria-describedby=\"caption-attachment-257769\" class=\"wp-image-257769 size-large\" src=\"http:\/\/www.diarioimagen.net\/wp-content\/uploads\/2016\/02\/FARMACOS-PORTAL-420x245.jpg\" alt=\"La semana pasada ingresaron 17 mil unidades de oseltamivir al mercado, de las cuales seis mil 300 son para las instituciones p\u00fablicas y 10 mil 700 para el sector privado. \" width=\"420\" height=\"245\" srcset=\"https:\/\/www.diarioimagen.net\/wp-content\/uploads\/2016\/02\/FARMACOS-PORTAL-420x245.jpg 420w, https:\/\/www.diarioimagen.net\/wp-content\/uploads\/2016\/02\/FARMACOS-PORTAL-240x140.jpg 240w, https:\/\/www.diarioimagen.net\/wp-content\/uploads\/2016\/02\/FARMACOS-PORTAL.jpg 480w\" sizes=\"auto, (max-width: 420px) 100vw, 420px\" \/><\/a><p id=\"caption-attachment-257769\" class=\"wp-caption-text\">La semana pasada ingresaron 17 mil unidades de oseltamivir al mercado, de las cuales 6 mil 300 son para las instituciones p\u00fablicas y 10 mil 700 para el sector privado.<\/p><\/div>\n<p>&nbsp;<\/p>\n<p>En los \u00faltimos 5 meses se han registrado en M\u00e9xico 98 decesos por influenza, de los cuales 68 corresponden a la cepa AH1N1, report\u00f3 la Secretar\u00eda de Salud (Ssa).<\/p>\n<p>Indic\u00f3 que el n\u00famero de casos confirmados de la enfermedad asciende a 2 mil 818, es decir, 821 m\u00e1s que la semana pasada.<\/p>\n<p>La Ciudad de M\u00e9xico desplaz\u00f3 a Jalisco como la entidad con mayor n\u00famero de casos al sumar 392 contagios.<\/p>\n<p>Ambas entidades, junto con el Edomex, Nuevo Le\u00f3n y Tlaxcala, concentran casi la mitad de los casos confirmados en el pa\u00eds.<\/p>\n<p>A principios de semana, la Ssa hab\u00eda reportado 15 por ciento casos menos de la enfermedad respecto al mismo periodo de la temporada pasada; sin embargo, el reporte epidemiol\u00f3gico difundido recientemente consign\u00f3 un aumento de 11.8 por ciento.<\/p>\n<p>\u201cEste aumento se encuentra dentro de los niveles esperados considerando el retraso de la temporada de fr\u00edo\u201d, se\u00f1al\u00f3 Jos\u00e9 Luis Sandoval, jefe de Urgencias del Instituto Nacional de Enfermedades Respiratorias.<\/p>\n<p>Hasta ahora, la cepa AH3N2 sigue predominando, aunque la proporci\u00f3n de casos de AH1N1 es mucho mayor a la de la temporada pasada.<\/p>\n<p>En total, los casos confirmados por todas las cepas no son una cifra alarmante para el tama\u00f1o de la poblaci\u00f3n, asegur\u00f3 el jefe del departamento de Salud P\u00fablica de la Facultad de Medicina de la UNAM, Malaqu\u00edas L\u00f3pez.<\/p>\n<p>El final de la temporada de fr\u00edo est\u00e1 cerca, agreg\u00f3, por lo que prev\u00e9 que se comience a acortar la transmisi\u00f3n de influenza.<\/p>\n<p>\u201cSe ha creado una alarma injustificada porque la gente que tiene gripe asume que se trata de influenza\u201d, dijo.<\/p>\n<p>\u201cTratan de tomar tratamiento, lo que ha dado origen a una especulaci\u00f3n de parte de las farmacias privadas, que han encarecido el precio del medicamento\u201d.<\/p>\n<p>El n\u00famero de casos no es indicador de letalidad, sostuvo; el factor de riesgo para perder la vida por influenza lo han determinado enfermedades asociadas, padecimientos cr\u00f3nicos que tienen a la persona en condiciones de salud precaria.<\/p>\n<p>\u201cDe 2009 entendimos que, al final de cuentas, al tratarse de un virus nuevo se gest\u00f3 un nivel de alarma social; pero, al verse cifras definitivas, hab\u00eda sido m\u00e1s el susto\u201d, se\u00f1al\u00f3.<\/p>\n<p>L\u00f3pez explic\u00f3 que la AH1N1 ha existido siempre, pero en 2009 circul\u00f3 una nueva variante desconocida de la misma cepa, m\u00e1s agresiva.<\/p>\n<p style=\"text-align: center;\"><strong>Esta semana debe normalizarse abasto de oseltamivir<\/strong><\/p>\n<p>Cl\u00ednicas y hospitales del Sector Salud cuentan con el abasto de medicamentos necesario para hacer frente a los casos de influenza que se han presentado en los \u00fatimos d\u00edas en el pa\u00eds, afirm\u00f3 la Secretar\u00eda de Salud.<\/p>\n<p>&nbsp;<\/p>\n","protected":false},"excerpt":{"rendered":"<p>En los \u00faltimos 5 meses se han registrado en M\u00e9xico 98 decesos por influenza, de los cuales 68 corresponden a la cepa AH1N1, report\u00f3 la Secretar\u00eda de Salud (Ssa). Indic\u00f3 que el n\u00famero de casos confirmados de la enfermedad asciende a 2 mil 818, es decir, 821 m\u00e1s que la semana pasada. La Ciudad de M\u00e9xico desplaz\u00f3 a Jalisco como la entidad con mayor n\u00famero de casos al sumar 392 contagios.<\/p>\n","protected":false},"author":5,"featured_media":257769,"comment_status":"open","ping_status":"open","sticky":false,"template":"","format":"standard","meta":{"_monsterinsights_skip_tracking":false,"_monsterinsights_sitenote_active":false,"_monsterinsights_sitenote_note":"","_monsterinsights_sitenote_category":0,"footnotes":""},"categories":[3],"tags":[663,4563,43673,383,49231],"class_list":["post-257768","post","type-post","status-publish","format-standard","has-post-thumbnail","hentry","category-nacional","tag-influenza","tag-muertes","tag-nacional","tag-ssa","tag-tamiflu"],"_links":{"self":[{"href":"https:\/\/www.diarioimagen.net\/index.php?rest_route=\/wp\/v2\/posts\/257768","targetHints":{"allow":["GET"]}}],"collection":[{"href":"https:\/\/www.diarioimagen.net\/index.php?rest_route=\/wp\/v2\/posts"}],"about":[{"href":"https:\/\/www.diarioimagen.net\/index.php?rest_route=\/wp\/v2\/types\/post"}],"author":[{"embeddable":true,"href":"https:\/\/www.diarioimagen.net\/index.php?rest_route=\/wp\/v2\/users\/5"}],"replies":[{"embeddable":true,"href":"https:\/\/www.diarioimagen.net\/index.php?rest_route=%2Fwp%2Fv2%2Fcomments&post=257768"}],"version-history":[{"count":0,"href":"https:\/\/www.diarioimagen.net\/index.php?rest_route=\/wp\/v2\/posts\/257768\/revisions"}],"wp:featuredmedia":[{"embeddable":true,"href":"https:\/\/www.diarioimagen.net\/index.php?rest_route=\/wp\/v2\/media\/257769"}],"wp:attachment":[{"href":"https:\/\/www.diarioimagen.net\/index.php?rest_route=%2Fwp%2Fv2%2Fmedia&parent=257768"}],"wp:term":[{"taxonomy":"category","embeddable":true,"href":"https:\/\/www.diarioimagen.net\/index.php?rest_route=%2Fwp%2Fv2%2Fcategories&post=257768"},{"taxonomy":"post_tag","embeddable":true,"href":"https:\/\/www.diarioimagen.net\/index.php?rest_route=%2Fwp%2Fv2%2Ftags&post=257768"}],"curies":[{"name":"wp","href":"https:\/\/api.w.org\/{rel}","templated":true}]}}