{"id":257800,"date":"2016-02-29T00:07:23","date_gmt":"2016-02-29T06:07:23","guid":{"rendered":"http:\/\/www.diarioimagen.net\/?p=257800"},"modified":"2016-03-01T00:57:44","modified_gmt":"2016-03-01T06:57:44","slug":"hoy-anuncia-la-sep-cese-de-5-mil-maestros","status":"publish","type":"post","link":"https:\/\/www.diarioimagen.net\/?p=257800","title":{"rendered":"Hoy anuncia la SEP cese de 5 mil maestros"},"content":{"rendered":"<ul>\n<li><strong><em>Rechazaron ex\u00e1menes de evaluaci\u00f3n<\/em><\/strong><\/li>\n<\/ul>\n<h6>Jos\u00e9 Luis Monta\u00f1ez<\/h6>\n<p>&nbsp;<\/p>\n<div id=\"attachment_257936\" style=\"width: 430px\" class=\"wp-caption aligncenter\"><a href=\"http:\/\/www.diarioimagen.net\/?attachment_id=257936\" rel=\"attachment wp-att-257936\"><img loading=\"lazy\" decoding=\"async\" aria-describedby=\"caption-attachment-257936\" class=\"size-large wp-image-257936\" src=\"http:\/\/www.diarioimagen.net\/wp-content\/uploads\/2016\/02\/MAESTROS-2814-420x236.jpg\" alt=\"La SEP har\u00e1 hoy el anuncio de los maestros que ser\u00e1n cesados por no haber presentado el examen de evaluaci\u00f3n injustificadamente.\" width=\"420\" height=\"236\" srcset=\"https:\/\/www.diarioimagen.net\/wp-content\/uploads\/2016\/02\/MAESTROS-2814-420x236.jpg 420w, https:\/\/www.diarioimagen.net\/wp-content\/uploads\/2016\/02\/MAESTROS-2814-240x135.jpg 240w, https:\/\/www.diarioimagen.net\/wp-content\/uploads\/2016\/02\/MAESTROS-2814-235x132.jpg 235w, https:\/\/www.diarioimagen.net\/wp-content\/uploads\/2016\/02\/MAESTROS-2814-202x114.jpg 202w, https:\/\/www.diarioimagen.net\/wp-content\/uploads\/2016\/02\/MAESTROS-2814-350x196.jpg 350w, https:\/\/www.diarioimagen.net\/wp-content\/uploads\/2016\/02\/MAESTROS-2814-220x123.jpg 220w, https:\/\/www.diarioimagen.net\/wp-content\/uploads\/2016\/02\/MAESTROS-2814-237x132.jpg 237w, https:\/\/www.diarioimagen.net\/wp-content\/uploads\/2016\/02\/MAESTROS-2814.jpg 480w\" sizes=\"auto, (max-width: 420px) 100vw, 420px\" \/><\/a><p id=\"caption-attachment-257936\" class=\"wp-caption-text\">La SEP har\u00e1 hoy el anuncio de los maestros que ser\u00e1n cesados por no haber presentado el examen de evaluaci\u00f3n injustificadamente.<\/p><\/div>\n<p>&nbsp;<\/p>\n<p>Este lunes, la Secretar\u00eda de Educaci\u00f3n P\u00fablica (SEP) anunciar\u00e1 el despido de aproximadamente 5 mil maestros, a 3 mil por no haber presentado su evaluaci\u00f3n y otros 2 mil por haber hecho trampa, al aparentar que presentaron el examen cuando no fue as\u00ed.<\/p>\n<p>La SEP inform\u00f3 que el porcentaje de participaci\u00f3n en el pa\u00eds alcanz\u00f3 86.2 por ciento en 28 entidades.<\/p>\n<p>Las pruebas se realizaron sin incidentes, mientras que en las entidades conflictivas por la presencia de la Coordinadora Nacional de Trabajadores de la Educaci\u00f3n (CNTE): Oaxaca, Chiapas, Guerrero y Michoac\u00e1n no se ha podido concretar.<\/p>\n<p>Hoy se dar\u00e1n a conocer los resultados de la evaluaci\u00f3n docente que el Instituto Nacional para la Evaluaci\u00f3n de la Educaci\u00f3n realiz\u00f3 a 153 mil profesores.<\/p>\n<p>Sin embargo, de los convocados a este examen el 13.8 por ciento no se present\u00f3 a ninguna de las pruebas.<\/p>\n<p>Por ello, los maestros que rechazaron presentarse entre noviembre y diciembre del 2015 ser\u00e1n despedidos por la SEP, seg\u00fan lo establece el art\u00edculo 74 de la Ley del Servicio Profesional Docente.<\/p>\n<p>De los 15 mil maestros que no se presentaron a examinarse, se hizo una peque\u00f1a depuraci\u00f3n de quienes fueron impedidos por la CNTE.<\/p>\n<p>El Instituto Nacional para la Evaluaci\u00f3n de la Educaci\u00f3n se\u00f1ala que fueron 132 mil maestros los que se presentaron entre noviembre y diciembre del a\u00f1o pasado (el 86.2 de los convocados) y 6 mil casos han presentado comprobantes de las razones de su ausencia.<\/p>\n<p>La SEP ha seguido aplicando ex\u00e1menes a maestros que solicitaron una segunda oportunidad.<\/p>\n<p>Quienes se sometieron a la evaluaci\u00f3n podr\u00e1n alcanzar algo de los de los mil 800 millones de pesos que se tienen para estimularlos e impartir cursos y diplomados; para quienes reprobaron los ex\u00e1menes y para quienes alcanzaron desempe\u00f1os sobresalientes, a quienes se les incrementar\u00e1 su salario.<\/p>\n<p>El secretario de Educaci\u00f3n P\u00fablica, Aurelio Nu\u00f1o, anunci\u00f3 que a partir de marzo los maestros que hayan obtenido los mejores resultados en los ex\u00e1menes de la Evaluaci\u00f3n Educativa de noviembre y diciembre pasados, obtendr\u00e1n un aumento salarial del 35% retroactivo al 15 de febrero.<\/p>\n<p style=\"text-align: center;\"><strong>Oaxaca, contin\u00faa el problema<\/strong><\/p>\n<p>Por otra parte, en Oaxaca el delegado de la PGR, Javier Villanueva Hern\u00e1ndez, inform\u00f3 que se giraron \u00f3rdenes de aprehensi\u00f3n contra otros tres maestros de la Secci\u00f3n 22, por usurpaci\u00f3n de funciones al interior del Instituto Estatal de Educaci\u00f3n P\u00fablica de Oaxaca, ya que retuvieron bienes muebles que ten\u00edan asignados a su cargo, como fueron veh\u00edculos, equipos de c\u00f3mputo, celulares, aparatos tecnol\u00f3gicos y mobiliario.<\/p>\n<p>A la PGR le quedan pendientes 26 \u00f3rdenes de ejecutar en contra de igual n\u00famero de profesores. Los profesores que ser\u00e1n detenidos son: X\u00f3chitl Jazm\u00edn \u00c1vila Morales, ex jefa del Departamento de Educaci\u00f3n Preescolar; Carlos S\u00e1nchez Ju\u00e1rez, titular del Departamento de Secundarias T\u00e9cnicas y Nicol\u00e1s Rosas Ib\u00e1\u00f1ez, titular de Telesecundarias, que deber\u00e1n deslindar responsabilidades y acatar el mandato judicial.<\/p>\n<p>&nbsp;<\/p>\n","protected":false},"excerpt":{"rendered":"<p><span style=\"color: #005497;\">Jos\u00e9 Luis Monta\u00f1ez<\/span><br \/>\n<br \/>\nEste lunes, la Secretar\u00eda de Educaci\u00f3n P\u00fablica (SEP) anunciar\u00e1 el despido de aproximadamente 5 mil maestros, a 3 mil por no haber presentado su evaluaci\u00f3n y otros 2 mil por haber hecho trampa, al aparentar que presentaron el examen cuando no fue as\u00ed.<\/p>\n","protected":false},"author":3,"featured_media":257936,"comment_status":"open","ping_status":"open","sticky":false,"template":"","format":"standard","meta":{"_monsterinsights_skip_tracking":false,"_monsterinsights_sitenote_active":false,"_monsterinsights_sitenote_note":"","_monsterinsights_sitenote_category":0,"footnotes":""},"categories":[3],"tags":[29863,2574,43673,459],"class_list":["post-257800","post","type-post","status-publish","format-standard","has-post-thumbnail","hentry","category-nacional","tag-cese","tag-maestros","tag-nacional","tag-sep"],"_links":{"self":[{"href":"https:\/\/www.diarioimagen.net\/index.php?rest_route=\/wp\/v2\/posts\/257800","targetHints":{"allow":["GET"]}}],"collection":[{"href":"https:\/\/www.diarioimagen.net\/index.php?rest_route=\/wp\/v2\/posts"}],"about":[{"href":"https:\/\/www.diarioimagen.net\/index.php?rest_route=\/wp\/v2\/types\/post"}],"author":[{"embeddable":true,"href":"https:\/\/www.diarioimagen.net\/index.php?rest_route=\/wp\/v2\/users\/3"}],"replies":[{"embeddable":true,"href":"https:\/\/www.diarioimagen.net\/index.php?rest_route=%2Fwp%2Fv2%2Fcomments&post=257800"}],"version-history":[{"count":0,"href":"https:\/\/www.diarioimagen.net\/index.php?rest_route=\/wp\/v2\/posts\/257800\/revisions"}],"wp:featuredmedia":[{"embeddable":true,"href":"https:\/\/www.diarioimagen.net\/index.php?rest_route=\/wp\/v2\/media\/257936"}],"wp:attachment":[{"href":"https:\/\/www.diarioimagen.net\/index.php?rest_route=%2Fwp%2Fv2%2Fmedia&parent=257800"}],"wp:term":[{"taxonomy":"category","embeddable":true,"href":"https:\/\/www.diarioimagen.net\/index.php?rest_route=%2Fwp%2Fv2%2Fcategories&post=257800"},{"taxonomy":"post_tag","embeddable":true,"href":"https:\/\/www.diarioimagen.net\/index.php?rest_route=%2Fwp%2Fv2%2Ftags&post=257800"}],"curies":[{"name":"wp","href":"https:\/\/api.w.org\/{rel}","templated":true}]}}