{"id":257833,"date":"2016-02-29T00:05:32","date_gmt":"2016-02-29T06:05:32","guid":{"rendered":"http:\/\/www.diarioimagen.net\/?p=257833"},"modified":"2016-03-01T00:57:35","modified_gmt":"2016-03-01T06:57:35","slug":"manana-fecha-limite-para-recoger-mica-ine","status":"publish","type":"post","link":"https:\/\/www.diarioimagen.net\/?p=257833","title":{"rendered":"Ma\u00f1ana, fecha l\u00edmite para recoger mica: INE"},"content":{"rendered":"<ul>\n<li><strong><em>En 14 estados<\/em><\/strong><\/li>\n<\/ul>\n<p>&nbsp;<\/p>\n<div id=\"attachment_257930\" style=\"width: 430px\" class=\"wp-caption aligncenter\"><a href=\"http:\/\/www.diarioimagen.net\/?attachment_id=257930\" rel=\"attachment wp-att-257930\"><img loading=\"lazy\" decoding=\"async\" aria-describedby=\"caption-attachment-257930\" class=\"size-large wp-image-257930\" src=\"http:\/\/www.diarioimagen.net\/wp-content\/uploads\/2016\/02\/ine-2814-420x236.jpg\" alt=\"Ma\u00f1ana martes concluye el plazo para recoger credenciales que se hayan tramitado en las 14 entidades que celebrar\u00e1n comicios el 5 de junio.\" width=\"420\" height=\"236\" srcset=\"https:\/\/www.diarioimagen.net\/wp-content\/uploads\/2016\/02\/ine-2814-420x236.jpg 420w, https:\/\/www.diarioimagen.net\/wp-content\/uploads\/2016\/02\/ine-2814-240x135.jpg 240w, https:\/\/www.diarioimagen.net\/wp-content\/uploads\/2016\/02\/ine-2814-235x132.jpg 235w, https:\/\/www.diarioimagen.net\/wp-content\/uploads\/2016\/02\/ine-2814-202x114.jpg 202w, https:\/\/www.diarioimagen.net\/wp-content\/uploads\/2016\/02\/ine-2814-350x196.jpg 350w, https:\/\/www.diarioimagen.net\/wp-content\/uploads\/2016\/02\/ine-2814-220x123.jpg 220w, https:\/\/www.diarioimagen.net\/wp-content\/uploads\/2016\/02\/ine-2814-237x132.jpg 237w, https:\/\/www.diarioimagen.net\/wp-content\/uploads\/2016\/02\/ine-2814.jpg 480w\" sizes=\"auto, (max-width: 420px) 100vw, 420px\" \/><\/a><p id=\"caption-attachment-257930\" class=\"wp-caption-text\">Ma\u00f1ana martes concluye el plazo para recoger credenciales que se hayan tramitado en las 14 entidades que celebrar\u00e1n comicios el 5 de junio.<\/p><\/div>\n<p>&nbsp;<\/p>\n<p>Ma\u00f1ana, 1 de marzo, concluir\u00e1 el plazo para recoger las credenciales para votar que se hayan solicitado o actualizado en las 14 entidades que celebrar\u00e1n comicios el 5 de junio, inform\u00f3 el Instituto Nacional Electoral (INE).<\/p>\n<p>Todos los ciudadanos que tramitaron, por primera vez, su inscripci\u00f3n al Padr\u00f3n Electoral o solicitaron la renovaci\u00f3n, actualizaci\u00f3n o reposici\u00f3n de su mica y a\u00fan no la recogen, tendr\u00e1n hasta las 24 horas de este d\u00eda para recogerla en el M\u00f3dulo de Atenci\u00f3n Ciudadana en donde la solicitaron.<\/p>\n<p>A trav\u00e9s de un comunicado, el INE record\u00f3 que solo las y los ciudadanos que cuenten con su credencial de elector podr\u00e1n participar en la jornada electoral que se celebre en su entidad el 5 de junio pr\u00f3ximo.<\/p>\n<p>De acuerdo con la ley, cuando el elector inicia un tr\u00e1mite en el Instituto, su registro se baja temporalmente de la Lista Nominal de Electores y s\u00f3lo se habilita cuando obtiene su credencial para votar.<\/p>\n<p>En caso de no acudir al M\u00f3dulo por la Credencial, se reguardar\u00e1 en una b\u00f3veda bancaria hasta el 6 de junio de este a\u00f1o, y ser\u00e1 a partir de esa fecha que sus titulares podr\u00e1n recogerla.<\/p>\n<p>Para recoger la credencial, el \u00fanico requisito que debe cumplir los ciudadanos es llevar el recibo, que les fue entregado el d\u00eda en que la tramitaron.<\/p>\n<p>Para cualquier duda o aclaraci\u00f3n el Instituto puso a disposici\u00f3n de la ciudadan\u00eda el n\u00famero telef\u00f3nico de INETEL, 01800 433 2000 o bien el portal de internet del INE (www.ine.mx).<\/p>\n<p>Adem\u00e1s los perfiles de las redes sociales del Instituto en twitter (@INEtelMX) y Facebook (facebook.com\/INEMexico).<\/p>\n<p>Los 12 estados que celebrar\u00e1n elecciones el 5 de junio y que renovar\u00e1n la gubernatura son: Aguascalientes, Zacatecas, Sinaloa, Tlaxcala, Puebla, Hidalgo, Oaxaca, Quintana Roo, Tamaulipas, Chihuahua, Veracruz y Durango.<\/p>\n<p>Adem\u00e1s, se elegir\u00e1n 60 diputados a la Asamblea Constituyente de la Ciudad de M\u00e9xico y Congreso local y ayuntamientos en Baja California.<\/p>\n<p>&nbsp;<\/p>\n","protected":false},"excerpt":{"rendered":"<p>Ma\u00f1ana, 1 de marzo, concluir\u00e1 el plazo para recoger las credenciales para votar que se hayan solicitado o actualizado en las 14 entidades que celebrar\u00e1n comicios el 5 de junio, inform\u00f3 el Instituto Nacional Electoral (INE).<\/p>\n","protected":false},"author":3,"featured_media":257930,"comment_status":"open","ping_status":"open","sticky":false,"template":"","format":"standard","meta":{"_monsterinsights_skip_tracking":false,"_monsterinsights_sitenote_active":false,"_monsterinsights_sitenote_note":"","_monsterinsights_sitenote_category":0,"footnotes":""},"categories":[3],"tags":[28759,43673],"class_list":["post-257833","post","type-post","status-publish","format-standard","has-post-thumbnail","hentry","category-nacional","tag-instituto-nacional-electoral","tag-nacional"],"_links":{"self":[{"href":"https:\/\/www.diarioimagen.net\/index.php?rest_route=\/wp\/v2\/posts\/257833","targetHints":{"allow":["GET"]}}],"collection":[{"href":"https:\/\/www.diarioimagen.net\/index.php?rest_route=\/wp\/v2\/posts"}],"about":[{"href":"https:\/\/www.diarioimagen.net\/index.php?rest_route=\/wp\/v2\/types\/post"}],"author":[{"embeddable":true,"href":"https:\/\/www.diarioimagen.net\/index.php?rest_route=\/wp\/v2\/users\/3"}],"replies":[{"embeddable":true,"href":"https:\/\/www.diarioimagen.net\/index.php?rest_route=%2Fwp%2Fv2%2Fcomments&post=257833"}],"version-history":[{"count":0,"href":"https:\/\/www.diarioimagen.net\/index.php?rest_route=\/wp\/v2\/posts\/257833\/revisions"}],"wp:featuredmedia":[{"embeddable":true,"href":"https:\/\/www.diarioimagen.net\/index.php?rest_route=\/wp\/v2\/media\/257930"}],"wp:attachment":[{"href":"https:\/\/www.diarioimagen.net\/index.php?rest_route=%2Fwp%2Fv2%2Fmedia&parent=257833"}],"wp:term":[{"taxonomy":"category","embeddable":true,"href":"https:\/\/www.diarioimagen.net\/index.php?rest_route=%2Fwp%2Fv2%2Fcategories&post=257833"},{"taxonomy":"post_tag","embeddable":true,"href":"https:\/\/www.diarioimagen.net\/index.php?rest_route=%2Fwp%2Fv2%2Ftags&post=257833"}],"curies":[{"name":"wp","href":"https:\/\/api.w.org\/{rel}","templated":true}]}}