{"id":257835,"date":"2016-02-29T00:08:34","date_gmt":"2016-02-29T06:08:34","guid":{"rendered":"http:\/\/www.diarioimagen.net\/?p=257835"},"modified":"2016-02-29T05:33:44","modified_gmt":"2016-02-29T11:33:44","slug":"exigen-frenar-el-alza-en-la-tortilla","status":"publish","type":"post","link":"https:\/\/www.diarioimagen.net\/?p=257835","title":{"rendered":"Exigen frenar el alza en la tortilla"},"content":{"rendered":"<ul>\n<li><strong><em>Especulaci\u00f3n de productores<\/em><\/strong><\/li>\n<\/ul>\n<p>&nbsp;<\/p>\n<p>&nbsp;<\/p>\n<div id=\"attachment_257942\" style=\"width: 430px\" class=\"wp-caption aligncenter\"><a href=\"http:\/\/www.diarioimagen.net\/?attachment_id=257942\" rel=\"attachment wp-att-257942\"><img loading=\"lazy\" decoding=\"async\" aria-describedby=\"caption-attachment-257942\" class=\"size-large wp-image-257942\" src=\"http:\/\/www.diarioimagen.net\/wp-content\/uploads\/2016\/02\/tortilla-2814-420x236.jpg\" alt=\"Piden a Econom\u00eda, Agricultura, Profeco y a la Comisi\u00f3n Federal de Competencia Econ\u00f3mica, para que desde el \u00e1mbito de sus responsabilidades intervengan e impidan todo aumento arbitrario en el precio de la tortilla.\" width=\"420\" height=\"236\" srcset=\"https:\/\/www.diarioimagen.net\/wp-content\/uploads\/2016\/02\/tortilla-2814-420x236.jpg 420w, https:\/\/www.diarioimagen.net\/wp-content\/uploads\/2016\/02\/tortilla-2814-240x135.jpg 240w, https:\/\/www.diarioimagen.net\/wp-content\/uploads\/2016\/02\/tortilla-2814-235x132.jpg 235w, https:\/\/www.diarioimagen.net\/wp-content\/uploads\/2016\/02\/tortilla-2814-202x114.jpg 202w, https:\/\/www.diarioimagen.net\/wp-content\/uploads\/2016\/02\/tortilla-2814-350x196.jpg 350w, https:\/\/www.diarioimagen.net\/wp-content\/uploads\/2016\/02\/tortilla-2814-220x123.jpg 220w, https:\/\/www.diarioimagen.net\/wp-content\/uploads\/2016\/02\/tortilla-2814-237x132.jpg 237w, https:\/\/www.diarioimagen.net\/wp-content\/uploads\/2016\/02\/tortilla-2814.jpg 480w\" sizes=\"auto, (max-width: 420px) 100vw, 420px\" \/><\/a><p id=\"caption-attachment-257942\" class=\"wp-caption-text\">Piden a Econom\u00eda, Agricultura, Profeco y a la Comisi\u00f3n Federal de Competencia Econ\u00f3mica, para que desde el \u00e1mbito de sus responsabilidades intervengan e impidan todo aumento arbitrario en el precio de la tortilla.<\/p><\/div>\n<p>&nbsp;<\/p>\n<p>El l\u00edder nacional del PRI, Manlio Fabio Beltrones, llam\u00f3 a los priistas a denunciar el alza injustificada de la tortilla y solicitar a las autoridades competentes su intervenci\u00f3n para frenar cualquier abuso o intento de especulaci\u00f3n con los alimentos de consumo b\u00e1sico.<\/p>\n<p>Extendi\u00f3 tambi\u00e9n el respaldo del Partido Revolucionario Institucional (PRI) al programa para disminuir el precio de la leche Liconsa en las zonas m\u00e1s pobres del pa\u00eds, el cual se mantendr\u00e1 vigente como se anunci\u00f3.<\/p>\n<p>En la reuni\u00f3n de evaluaci\u00f3n que sostiene cada semana con su equipo de trabajo cercano, el dirigente priista coment\u00f3 que gracias a la conducci\u00f3n responsable de la econom\u00eda y a las reformas que se est\u00e1n aplicando, el a\u00f1o pasado se logr\u00f3 tener la inflaci\u00f3n m\u00e1s baja en 40 a\u00f1os.<\/p>\n<p>\u201cVimos disminuirlos precios de las gasolinas, de la electricidad y de los servicios telef\u00f3nicos\u201d, expres\u00f3 Beltrones al plantear que esos logros se deben extender, pues \u201cal cuidar que los precios no aumenten de manera atrabiliaria, se protege la econom\u00eda de las familias y se logra que los salarios rindan m\u00e1s\u201d.<\/p>\n<p>El presidente del Comit\u00e9 Ejecutivo Nacional del partido tricolor afirm\u00f3 que en \u201cel PRI estamos convencidos de que no puede perderse este esfuerzo que ha dado tan buenos resultados\u201d.<\/p>\n<p>Los productores agr\u00edcolas han cumplido y han trabajado duro para acrecentar la producci\u00f3n de ma\u00edz blanco y amarillo en m\u00e1s de 11 por ciento en los ciclos 2014 y 2015. Seg\u00fan ha informado la Sagarpa, hay excedentes en la producci\u00f3n de ma\u00edz blanco, por lo que no existe motivo para afectar el precio de la tortilla.<\/p>\n<p>M\u00e1s a\u00fan, coment\u00f3 el l\u00edder partidista, los combustibles y la electricidad han bajado, por lo que tampoco pueden esgrimirse como pretexto para aumentar su precio.<\/p>\n<p>Por ello, Manlio Fabio Beltrones confi\u00f3 en que las autoridades se har\u00e1n cargo de este tema tan sensible, de modo que la poblaci\u00f3n se vea aliviada de una carga injusta sobre su econom\u00eda.<\/p>\n<p>Asimismo, coincidi\u00f3 con los legisladores en hacer un respetuoso llamado a las autoridades federales de las Secretar\u00edas de Econom\u00eda y de Agricultura, as\u00ed como a la Procuradur\u00eda Federal del Consumidor y a la Comisi\u00f3n Federal de Competencia Econ\u00f3mica, para que desde el \u00e1mbito de sus responsabilidades intervengan e impidan todo aumento arbitrario.<\/p>\n<p>Adem\u00e1s, para que se aplique una pol\u00edtica de precios m\u00e1ximos al costo de la tortilla y se asegure el abasto y se apliquen las sanciones correspondientes a los productores, comercializadores y expendedores de estos productos que eleven los precios.<\/p>\n<p>&nbsp;<\/p>\n","protected":false},"excerpt":{"rendered":"<p>El l\u00edder nacional del PRI, Manlio Fabio Beltrones, llam\u00f3 a los priistas a denunciar el alza injustificada de la tortilla y solicitar a las autoridades competentes su intervenci\u00f3n para frenar cualquier abuso o intento de especulaci\u00f3n con los alimentos de consumo b\u00e1sico. Extendi\u00f3 tambi\u00e9n el respaldo del Partido Revolucionario Institucional (PRI) al programa para disminuir el precio de la leche Liconsa en las zonas m\u00e1s pobres del pa\u00eds, el cual se mantendr\u00e1 vigente como se anunci\u00f3.<\/p>\n","protected":false},"author":3,"featured_media":257942,"comment_status":"open","ping_status":"open","sticky":false,"template":"","format":"standard","meta":{"_monsterinsights_skip_tracking":false,"_monsterinsights_sitenote_active":false,"_monsterinsights_sitenote_note":"","_monsterinsights_sitenote_category":0,"footnotes":""},"categories":[3],"tags":[24424,8606,43673,160],"class_list":["post-257835","post","type-post","status-publish","format-standard","has-post-thumbnail","hentry","category-nacional","tag-especulacion","tag-manlio-fabio-beltrones-rivera","tag-nacional","tag-tortilla"],"_links":{"self":[{"href":"https:\/\/www.diarioimagen.net\/index.php?rest_route=\/wp\/v2\/posts\/257835","targetHints":{"allow":["GET"]}}],"collection":[{"href":"https:\/\/www.diarioimagen.net\/index.php?rest_route=\/wp\/v2\/posts"}],"about":[{"href":"https:\/\/www.diarioimagen.net\/index.php?rest_route=\/wp\/v2\/types\/post"}],"author":[{"embeddable":true,"href":"https:\/\/www.diarioimagen.net\/index.php?rest_route=\/wp\/v2\/users\/3"}],"replies":[{"embeddable":true,"href":"https:\/\/www.diarioimagen.net\/index.php?rest_route=%2Fwp%2Fv2%2Fcomments&post=257835"}],"version-history":[{"count":0,"href":"https:\/\/www.diarioimagen.net\/index.php?rest_route=\/wp\/v2\/posts\/257835\/revisions"}],"wp:featuredmedia":[{"embeddable":true,"href":"https:\/\/www.diarioimagen.net\/index.php?rest_route=\/wp\/v2\/media\/257942"}],"wp:attachment":[{"href":"https:\/\/www.diarioimagen.net\/index.php?rest_route=%2Fwp%2Fv2%2Fmedia&parent=257835"}],"wp:term":[{"taxonomy":"category","embeddable":true,"href":"https:\/\/www.diarioimagen.net\/index.php?rest_route=%2Fwp%2Fv2%2Fcategories&post=257835"},{"taxonomy":"post_tag","embeddable":true,"href":"https:\/\/www.diarioimagen.net\/index.php?rest_route=%2Fwp%2Fv2%2Ftags&post=257835"}],"curies":[{"name":"wp","href":"https:\/\/api.w.org\/{rel}","templated":true}]}}