{"id":257839,"date":"2016-02-29T00:04:41","date_gmt":"2016-02-29T06:04:41","guid":{"rendered":"http:\/\/www.diarioimagen.net\/?p=257839"},"modified":"2016-03-01T00:57:31","modified_gmt":"2016-03-01T06:57:31","slug":"pgr-y-expertos-anuncian-nuevo-peritaje-en-cocula","status":"publish","type":"post","link":"https:\/\/www.diarioimagen.net\/?p=257839","title":{"rendered":"PGR y expertos anuncian nuevo peritaje en Cocula"},"content":{"rendered":"<ul>\n<li><strong><em>Rechazo de padres de familia<\/em><\/strong><\/li>\n<\/ul>\n<p>&nbsp;<\/p>\n<div id=\"attachment_257939\" style=\"width: 430px\" class=\"wp-caption aligncenter\"><a href=\"http:\/\/www.diarioimagen.net\/?attachment_id=257939\" rel=\"attachment wp-att-257939\"><img loading=\"lazy\" decoding=\"async\" aria-describedby=\"caption-attachment-257939\" class=\"size-large wp-image-257939\" src=\"http:\/\/www.diarioimagen.net\/wp-content\/uploads\/2016\/02\/cocula-2814-420x236.jpg\" alt=\"La PGR y el Grupo Interdisciplinario de Expertos Independientes (GIEI) anunciaron el inicio de los trabajos relacionados con el nuevo peritaje en Cocula.\" width=\"420\" height=\"236\" srcset=\"https:\/\/www.diarioimagen.net\/wp-content\/uploads\/2016\/02\/cocula-2814-420x236.jpg 420w, https:\/\/www.diarioimagen.net\/wp-content\/uploads\/2016\/02\/cocula-2814-240x135.jpg 240w, https:\/\/www.diarioimagen.net\/wp-content\/uploads\/2016\/02\/cocula-2814-235x132.jpg 235w, https:\/\/www.diarioimagen.net\/wp-content\/uploads\/2016\/02\/cocula-2814-202x114.jpg 202w, https:\/\/www.diarioimagen.net\/wp-content\/uploads\/2016\/02\/cocula-2814-350x196.jpg 350w, https:\/\/www.diarioimagen.net\/wp-content\/uploads\/2016\/02\/cocula-2814-220x123.jpg 220w, https:\/\/www.diarioimagen.net\/wp-content\/uploads\/2016\/02\/cocula-2814-237x132.jpg 237w, https:\/\/www.diarioimagen.net\/wp-content\/uploads\/2016\/02\/cocula-2814.jpg 480w\" sizes=\"auto, (max-width: 420px) 100vw, 420px\" \/><\/a><p id=\"caption-attachment-257939\" class=\"wp-caption-text\">La PGR y el Grupo Interdisciplinario de Expertos Independientes (GIEI) anunciaron el inicio de los trabajos relacionados con el nuevo peritaje en Cocula.<\/p><\/div>\n<p>&nbsp;<\/p>\n<p>A pesar del rechazo de padres de los normalistas desparecidos, la Procuradur\u00eda General de la Rep\u00fablica (PGR) y el Grupo Interdisciplinario de Expertos Independientes (GIEI) anunciaron el inicio de los trabajos relacionados con el nuevo estudio del fuego en Cocula, Guerrero.<\/p>\n<p>El grupo de especialistas internacionales y de M\u00e9xico deber\u00e1 analizar el evento del fuego en el basurero municipal referido en el expediente de la Averiguaci\u00f3n Previa, en relaci\u00f3n con los hechos del 26 y 27 de septiembre de 2014, se\u00f1al\u00f3 la PGR.<\/p>\n<p>Seg\u00fan el acuerdo formalizado el 20 de octubre de 2015, el estudio considera que se establezcan de com\u00fan acuerdo los objetivos, condiciones y el modo para llevarlo a cabo, y que se tome tambi\u00e9n de forma conjunta la decisi\u00f3n de los perfiles y elecci\u00f3n definitiva de los peritos, adem\u00e1s de que se consense el modo en que se realizar\u00e1 el estudio.<\/p>\n<p>Al t\u00e9rmino del estudio, que ya est\u00e1 en desarrollo, los expertos entregar\u00e1n a la PGR y al GIEI un informe conclusivo por consenso que deber\u00e1 ser entregado antes del 31 de marzo, de acuerdo con el comunicado emitido por la PGR.<\/p>\n<p>Establece que \u201ctoda la evidencia que se encuentra en el expediente por parte de los distintos peritos e instancias ser\u00e1 puesta a consideraci\u00f3n de los expertos, ser\u00e1 analizada y contrastada antes de emitir su propio informe\u201d.<\/p>\n<p>Este estudio se realiza en atenci\u00f3n a la propuesta de la PGR y atiende una de las l\u00edneas de investigaci\u00f3n del Caso Iguala y se continuar\u00e1 avanzando de forma paralela en otras labores ministeriales e indagatorias orientadas al esclarecimiento de los hechos y la detenci\u00f3n de los responsables.<\/p>\n<p>La dependencia no aclara los nombres de los especialistas que van a participar. La hip\u00f3tesis de que los estudiantes fueron incinerados ha sido puesta en duda por los investigadores del GIEI y tambi\u00e9n por el Equipo Argentino de Antropolog\u00eda Forense (EAAF) que encontraron evidencias de m\u00faltiples incendios en la zona del basurero, pero ninguno de la magnitud suficiente para incinerar 43 cuerpos en una sola hoguera.<\/p>\n","protected":false},"excerpt":{"rendered":"<p>A pesar del rechazo de padres de los normalistas desparecidos, la Procuradur\u00eda General de la Rep\u00fablica (PGR) y el Grupo Interdisciplinario de Expertos Independientes (GIEI) anunciaron el inicio de los trabajos relacionados con el nuevo estudio del fuego en Cocula, Guerrero.<\/p>\n","protected":false},"author":3,"featured_media":257939,"comment_status":"open","ping_status":"open","sticky":false,"template":"","format":"standard","meta":{"_monsterinsights_skip_tracking":false,"_monsterinsights_sitenote_active":false,"_monsterinsights_sitenote_note":"","_monsterinsights_sitenote_category":0,"footnotes":""},"categories":[3],"tags":[36681,3244,43673,232],"class_list":["post-257839","post","type-post","status-publish","format-standard","has-post-thumbnail","hentry","category-nacional","tag-cocula","tag-guerrero","tag-nacional","tag-pgr"],"_links":{"self":[{"href":"https:\/\/www.diarioimagen.net\/index.php?rest_route=\/wp\/v2\/posts\/257839","targetHints":{"allow":["GET"]}}],"collection":[{"href":"https:\/\/www.diarioimagen.net\/index.php?rest_route=\/wp\/v2\/posts"}],"about":[{"href":"https:\/\/www.diarioimagen.net\/index.php?rest_route=\/wp\/v2\/types\/post"}],"author":[{"embeddable":true,"href":"https:\/\/www.diarioimagen.net\/index.php?rest_route=\/wp\/v2\/users\/3"}],"replies":[{"embeddable":true,"href":"https:\/\/www.diarioimagen.net\/index.php?rest_route=%2Fwp%2Fv2%2Fcomments&post=257839"}],"version-history":[{"count":0,"href":"https:\/\/www.diarioimagen.net\/index.php?rest_route=\/wp\/v2\/posts\/257839\/revisions"}],"wp:featuredmedia":[{"embeddable":true,"href":"https:\/\/www.diarioimagen.net\/index.php?rest_route=\/wp\/v2\/media\/257939"}],"wp:attachment":[{"href":"https:\/\/www.diarioimagen.net\/index.php?rest_route=%2Fwp%2Fv2%2Fmedia&parent=257839"}],"wp:term":[{"taxonomy":"category","embeddable":true,"href":"https:\/\/www.diarioimagen.net\/index.php?rest_route=%2Fwp%2Fv2%2Fcategories&post=257839"},{"taxonomy":"post_tag","embeddable":true,"href":"https:\/\/www.diarioimagen.net\/index.php?rest_route=%2Fwp%2Fv2%2Ftags&post=257839"}],"curies":[{"name":"wp","href":"https:\/\/api.w.org\/{rel}","templated":true}]}}