{"id":257966,"date":"2016-03-01T00:05:10","date_gmt":"2016-03-01T06:05:10","guid":{"rendered":"http:\/\/www.diarioimagen.net\/?p=257966"},"modified":"2016-03-02T01:30:53","modified_gmt":"2016-03-02T07:30:53","slug":"nueva-sistema-de-justicia-cierra-el-paso-a-la-impunidad-osorio","status":"publish","type":"post","link":"https:\/\/www.diarioimagen.net\/?p=257966","title":{"rendered":"Se cierra el paso a la impunidad: Osorio Chong"},"content":{"rendered":"<ul>\n<li><strong><em>Transformaci\u00f3n del sistema penal<\/em><\/strong><\/li>\n<\/ul>\n<p>&nbsp;<\/p>\n<div id=\"attachment_258189\" style=\"width: 430px\" class=\"wp-caption aligncenter\"><a href=\"http:\/\/www.diarioimagen.net\/?attachment_id=258189\" rel=\"attachment wp-att-258189\"><img loading=\"lazy\" decoding=\"async\" aria-describedby=\"caption-attachment-258189\" class=\"size-large wp-image-258189\" src=\"http:\/\/www.diarioimagen.net\/wp-content\/uploads\/2016\/03\/osorio-2815-420x236.jpg\" alt=\"Miguel \u00c1ngel Osorio Chong encabez\u00f3 la ceremonia de inicio del Nuevo Sistema de Justicia Penal en nueve entidades del pa\u00eds.\" width=\"420\" height=\"236\" srcset=\"https:\/\/www.diarioimagen.net\/wp-content\/uploads\/2016\/03\/osorio-2815-420x236.jpg 420w, https:\/\/www.diarioimagen.net\/wp-content\/uploads\/2016\/03\/osorio-2815-240x135.jpg 240w, https:\/\/www.diarioimagen.net\/wp-content\/uploads\/2016\/03\/osorio-2815-235x132.jpg 235w, https:\/\/www.diarioimagen.net\/wp-content\/uploads\/2016\/03\/osorio-2815-202x114.jpg 202w, https:\/\/www.diarioimagen.net\/wp-content\/uploads\/2016\/03\/osorio-2815-350x196.jpg 350w, https:\/\/www.diarioimagen.net\/wp-content\/uploads\/2016\/03\/osorio-2815-220x123.jpg 220w, https:\/\/www.diarioimagen.net\/wp-content\/uploads\/2016\/03\/osorio-2815-237x132.jpg 237w, https:\/\/www.diarioimagen.net\/wp-content\/uploads\/2016\/03\/osorio-2815.jpg 480w\" sizes=\"auto, (max-width: 420px) 100vw, 420px\" \/><\/a><p id=\"caption-attachment-258189\" class=\"wp-caption-text\">Miguel \u00c1ngel Osorio Chong encabez\u00f3 la ceremonia de inicio del Nuevo Sistema de Justicia Penal en nueve entidades del pa\u00eds.<\/p><\/div>\n<p>&nbsp;<\/p>\n<p>Abrir el paso a la justicia es cerrar el paso a la impunidad, es avanzar por el camino de la certidumbre y la seguridad, afirm\u00f3 el secretario de Gobernaci\u00f3n, Miguel \u00c1ngel Osorio Chong, al encabezar la ceremonia de inicio del Nuevo Sistema de Justicia Penal en nueve entidades del pa\u00eds.<\/p>\n<p>Al mirar atr\u00e1s apenas hace tres a\u00f1os este sistema era un ideal; hoy empieza a ser realidad en la vida de m\u00e1s mexicanos\u201d, enfatiz\u00f3 el funcionario.<\/p>\n<p>Afirma que con la aplicaci\u00f3n del Nuevo Sistema de Justicia Penal se fortalecen las instituciones y con ello la convivencia diaria en las comunidades.<\/p>\n<p>Ahora vamos por la transformaci\u00f3n del sistema penal, pero sobre todo por la transformaci\u00f3n de la realidad que este \u00e9ste produce y resguarda, expuso.<\/p>\n<p>Ante los titulares de la Procuradur\u00eda General de la Rep\u00fablica, Arely G\u00f3mez Gonz\u00e1lez, y de la Suprema Corte de Justicia de la Naci\u00f3n, Luis Mar\u00eda Aguilar, declar\u00f3 que la justicia es la base de la libertad, la igualdad y de los ejercicios de los derechos, es el cimiento para construir la tranquilidad duradera y afianzar la uni\u00f3n como sociedad.<\/p>\n<p>Por ello, donde hay justicia, hay armon\u00eda y desarrollo; donde hay justicia los ciudadanos tienen m\u00e1s confianza para construir un mejor presente y futuro para sus familias.<\/p>\n<p>De ah\u00ed, la importancia de la transformaci\u00f3n del sistema penal que como Estado se lleva a cabo y de los avances que poderes p\u00fablicos, \u00f3rdenes de gobierno y sociedad han logrado, abund\u00f3 el titular de Gobernaci\u00f3n.<\/p>\n<p>Hoy, gracias al trabajo coordinado y la suma de esfuerzos, a partir de este momento el sistema acusatorio a nivel federal est\u00e1 vigente donde habitan tres de cada cuatro mexicano, y el compromiso de la Suprema Corte y de su presidente han sido fundamentales.<\/p>\n<p>Osorio Chong mencion\u00f3 que ante la comisi\u00f3n de un delito, las instituciones de procuraci\u00f3n de justicia y administraci\u00f3n de justicia actuar\u00e1n de forma cada vez m\u00e1s expedita, transparente e imparcial, mientras que los juicios penales ser\u00e1n m\u00e1s objetivos, garantizar\u00e1n el debido proceso y brindar\u00e1n certeza jur\u00eddica en todo momento y en cada lugar.<\/p>\n<p>El nuevo sistema debe proteger al inocente y castigar a los culpables. Se trata de que obtener justicia no sea privilegio de algunos, sino derecho de todos, porque el imperio de la ley significa antes que nada igualdad ante una ley congruente y clara, sin discreci\u00f3n para aplicarla.<\/p>\n<p>Para lograrlo se trabaja con determinaci\u00f3n y suma de esfuerzos, se generan consensos y concretan acuerdos, con el objetivo de alcanzar la justicia cercana, humana y accesible que la Constituci\u00f3n mandata y la sociedad demanda.<\/p>\n","protected":false},"excerpt":{"rendered":"<p>Abrir el paso a la justicia es cerrar el paso a la impunidad, es avanzar por el camino de la certidumbre y la seguridad, afirm\u00f3 el secretario de Gobernaci\u00f3n, Miguel \u00c1ngel Osorio Chong, al encabezar la ceremonia de inicio del Nuevo Sistema de Justicia Penal en nueve entidades del pa\u00eds.<\/p>\n","protected":false},"author":5,"featured_media":258189,"comment_status":"open","ping_status":"open","sticky":false,"template":"","format":"standard","meta":{"_monsterinsights_skip_tracking":false,"_monsterinsights_sitenote_active":false,"_monsterinsights_sitenote_note":"","_monsterinsights_sitenote_category":0,"footnotes":""},"categories":[3],"tags":[15268,4696,3676,43673,442],"class_list":["post-257966","post","type-post","status-publish","format-standard","has-post-thumbnail","hentry","category-nacional","tag-impunidad","tag-justicia","tag-miguel-angel-osorio-chong","tag-nacional","tag-secretaria-de-gobernacion"],"_links":{"self":[{"href":"https:\/\/www.diarioimagen.net\/index.php?rest_route=\/wp\/v2\/posts\/257966","targetHints":{"allow":["GET"]}}],"collection":[{"href":"https:\/\/www.diarioimagen.net\/index.php?rest_route=\/wp\/v2\/posts"}],"about":[{"href":"https:\/\/www.diarioimagen.net\/index.php?rest_route=\/wp\/v2\/types\/post"}],"author":[{"embeddable":true,"href":"https:\/\/www.diarioimagen.net\/index.php?rest_route=\/wp\/v2\/users\/5"}],"replies":[{"embeddable":true,"href":"https:\/\/www.diarioimagen.net\/index.php?rest_route=%2Fwp%2Fv2%2Fcomments&post=257966"}],"version-history":[{"count":0,"href":"https:\/\/www.diarioimagen.net\/index.php?rest_route=\/wp\/v2\/posts\/257966\/revisions"}],"wp:featuredmedia":[{"embeddable":true,"href":"https:\/\/www.diarioimagen.net\/index.php?rest_route=\/wp\/v2\/media\/258189"}],"wp:attachment":[{"href":"https:\/\/www.diarioimagen.net\/index.php?rest_route=%2Fwp%2Fv2%2Fmedia&parent=257966"}],"wp:term":[{"taxonomy":"category","embeddable":true,"href":"https:\/\/www.diarioimagen.net\/index.php?rest_route=%2Fwp%2Fv2%2Fcategories&post=257966"},{"taxonomy":"post_tag","embeddable":true,"href":"https:\/\/www.diarioimagen.net\/index.php?rest_route=%2Fwp%2Fv2%2Ftags&post=257966"}],"curies":[{"name":"wp","href":"https:\/\/api.w.org\/{rel}","templated":true}]}}