{"id":258005,"date":"2016-03-01T00:09:29","date_gmt":"2016-03-01T06:09:29","guid":{"rendered":"http:\/\/www.diarioimagen.net\/?p=258005"},"modified":"2016-03-01T03:27:24","modified_gmt":"2016-03-01T09:27:24","slug":"teotihuacan-sede-de-encuentro-de-globos-aerostaticos","status":"publish","type":"post","link":"https:\/\/www.diarioimagen.net\/?p=258005","title":{"rendered":"Teotihuac\u00e1n, sede de Encuentro de Globos Aerost\u00e1ticos"},"content":{"rendered":"<ul>\n<li><strong><em>Del 19 al 21 de marzo<\/em><\/strong><\/li>\n<\/ul>\n<p>&nbsp;<\/p>\n<div id=\"attachment_258080\" style=\"width: 430px\" class=\"wp-caption aligncenter\"><a href=\"http:\/\/www.diarioimagen.net\/?attachment_id=258080\" rel=\"attachment wp-att-258080\"><img loading=\"lazy\" decoding=\"async\" aria-describedby=\"caption-attachment-258080\" class=\"size-large wp-image-258080\" src=\"http:\/\/www.diarioimagen.net\/wp-content\/uploads\/2016\/03\/GLOBOS-2815-420x236.jpg\" alt=\"En el Cuarto Encuentro Nacional de Globos Aerost\u00e1ticos, que se celebrar\u00e1 en la zona arqueol\u00f3gica de Teotihuac\u00e1n, se espera una derrama econ\u00f3mica superior a los 5 millones de pesos.\" width=\"420\" height=\"236\" srcset=\"https:\/\/www.diarioimagen.net\/wp-content\/uploads\/2016\/03\/GLOBOS-2815-420x236.jpg 420w, https:\/\/www.diarioimagen.net\/wp-content\/uploads\/2016\/03\/GLOBOS-2815-240x135.jpg 240w, https:\/\/www.diarioimagen.net\/wp-content\/uploads\/2016\/03\/GLOBOS-2815-768x432.jpg 768w, https:\/\/www.diarioimagen.net\/wp-content\/uploads\/2016\/03\/GLOBOS-2815-480x270.jpg 480w, https:\/\/www.diarioimagen.net\/wp-content\/uploads\/2016\/03\/GLOBOS-2815-235x132.jpg 235w, https:\/\/www.diarioimagen.net\/wp-content\/uploads\/2016\/03\/GLOBOS-2815-202x114.jpg 202w, https:\/\/www.diarioimagen.net\/wp-content\/uploads\/2016\/03\/GLOBOS-2815-350x196.jpg 350w, https:\/\/www.diarioimagen.net\/wp-content\/uploads\/2016\/03\/GLOBOS-2815-220x123.jpg 220w, https:\/\/www.diarioimagen.net\/wp-content\/uploads\/2016\/03\/GLOBOS-2815-237x132.jpg 237w, https:\/\/www.diarioimagen.net\/wp-content\/uploads\/2016\/03\/GLOBOS-2815.jpg 1200w\" sizes=\"auto, (max-width: 420px) 100vw, 420px\" \/><\/a><p id=\"caption-attachment-258080\" class=\"wp-caption-text\">En el Cuarto Encuentro Nacional de Globos Aerost\u00e1ticos, que se celebrar\u00e1 en la zona arqueol\u00f3gica de Teotihuac\u00e1n, se espera una derrama econ\u00f3mica superior a los 5 millones de pesos.<\/p><\/div>\n<p>&nbsp;<\/p>\n<p><strong>Teotihuac\u00e1n, Estado de M\u00e9xico<\/strong>.- Del 19 al 21 de marzo, a partir de las 18:00 horas, en la zona arqueol\u00f3gica de Teotihuac\u00e1n se llevar\u00e1 a cabo el Cuarto Encuentro Nacional de Globos Aerost\u00e1ticos, evento que busca situarse como uno de los m\u00e1s atractivos para los viajeros nacionales y extranjeros, mismo que contribuir\u00e1 a consolidar a este Pueblo M\u00e1gico entre los sitios favoritos para volar en globo.<\/p>\n<p>La secretaria de Turismo, Rosalinda Ben\u00edtez, inform\u00f3 que este evento es un escaparate id\u00f3neo para proyectar tur\u00edsticamente a la regi\u00f3n de las Pir\u00e1mides y una excelente oportunidad para que m\u00e1s de 5 mil visitantes conozcan, no s\u00f3lo la oferta en materia de vuelos en globo, sino otros atractivos tur\u00edsticos que existen en el Valle de Teo\u00adtihuac\u00e1n.<\/p>\n<p>Para esta edici\u00f3n, en la que participar\u00e1n aeronaves y pilotos nacionales de estados como Jalisco, Morelos, Hidalgo, Quer\u00e9taro, entre otros, se espera una derrama econ\u00f3mica superior a los 5 millones de pesos y una ocupaci\u00f3n hotelera del cien por ciento en los municipios de Acolman, San Juan Teotihuac\u00e1n y San Mart\u00edn de las Pir\u00e1mides.<\/p>\n<p>Durante este encuentro se realizar\u00e1n diversas actividades para brindar a los turistas mayores opciones de entretenimiento, como muestras gastron\u00f3micas, lanzamiento de globos de Cantolla y conciertos de rock.<\/p>\n<p>&nbsp;<\/p>\n","protected":false},"excerpt":{"rendered":"<p>Del 19 al 21 de marzo, a partir de las 18:00 horas, en la zona arqueol\u00f3gica de Teotihuac\u00e1n se llevar\u00e1 a cabo el Cuarto Encuentro Nacional de Globos Aerost\u00e1ticos, evento que busca situarse como uno de los m\u00e1s atractivos para los viajeros nacionales y extranjeros, mismo que contribuir\u00e1 a consolidar a este Pueblo M\u00e1gico entre los sitios favoritos para volar en globo.<\/p>\n","protected":false},"author":3,"featured_media":258080,"comment_status":"open","ping_status":"open","sticky":false,"template":"","format":"standard","meta":{"_monsterinsights_skip_tracking":false,"_monsterinsights_sitenote_active":false,"_monsterinsights_sitenote_note":"","_monsterinsights_sitenote_category":0,"footnotes":""},"categories":[5],"tags":[43675,3450],"class_list":["post-258005","post","type-post","status-publish","format-standard","has-post-thumbnail","hentry","category-estado-de-mexico","tag-estado-de-mexico","tag-teotihuacan"],"_links":{"self":[{"href":"https:\/\/www.diarioimagen.net\/index.php?rest_route=\/wp\/v2\/posts\/258005","targetHints":{"allow":["GET"]}}],"collection":[{"href":"https:\/\/www.diarioimagen.net\/index.php?rest_route=\/wp\/v2\/posts"}],"about":[{"href":"https:\/\/www.diarioimagen.net\/index.php?rest_route=\/wp\/v2\/types\/post"}],"author":[{"embeddable":true,"href":"https:\/\/www.diarioimagen.net\/index.php?rest_route=\/wp\/v2\/users\/3"}],"replies":[{"embeddable":true,"href":"https:\/\/www.diarioimagen.net\/index.php?rest_route=%2Fwp%2Fv2%2Fcomments&post=258005"}],"version-history":[{"count":0,"href":"https:\/\/www.diarioimagen.net\/index.php?rest_route=\/wp\/v2\/posts\/258005\/revisions"}],"wp:featuredmedia":[{"embeddable":true,"href":"https:\/\/www.diarioimagen.net\/index.php?rest_route=\/wp\/v2\/media\/258080"}],"wp:attachment":[{"href":"https:\/\/www.diarioimagen.net\/index.php?rest_route=%2Fwp%2Fv2%2Fmedia&parent=258005"}],"wp:term":[{"taxonomy":"category","embeddable":true,"href":"https:\/\/www.diarioimagen.net\/index.php?rest_route=%2Fwp%2Fv2%2Fcategories&post=258005"},{"taxonomy":"post_tag","embeddable":true,"href":"https:\/\/www.diarioimagen.net\/index.php?rest_route=%2Fwp%2Fv2%2Ftags&post=258005"}],"curies":[{"name":"wp","href":"https:\/\/api.w.org\/{rel}","templated":true}]}}