{"id":258018,"date":"2016-03-01T00:07:34","date_gmt":"2016-03-01T06:07:34","guid":{"rendered":"http:\/\/www.diarioimagen.net\/?p=258018"},"modified":"2016-03-02T01:31:04","modified_gmt":"2016-03-02T07:31:04","slug":"urge-la-scjn-a-jueces-orales-atacar-corrupcion","status":"publish","type":"post","link":"https:\/\/www.diarioimagen.net\/?p=258018","title":{"rendered":"Urge la SCJN a jueces orales atacar corrupci\u00f3n"},"content":{"rendered":"<ul>\n<li><strong><em>Da\u00f1ada, la credibilidad de la justicia en M\u00e9xico<\/em><\/strong><\/li>\n<\/ul>\n<p>&nbsp;<\/p>\n<div id=\"attachment_258120\" style=\"width: 430px\" class=\"wp-caption aligncenter\"><a href=\"http:\/\/www.diarioimagen.net\/?attachment_id=258120\" rel=\"attachment wp-att-258120\"><img loading=\"lazy\" decoding=\"async\" aria-describedby=\"caption-attachment-258120\" class=\"size-large wp-image-258120\" src=\"http:\/\/www.diarioimagen.net\/wp-content\/uploads\/2016\/03\/suprema-2815-420x236.jpg\" alt=\"El ministro presidente de la SCJN, Luis Mar\u00eda Aguilar, y la titular de la PGR, Arely G\u00f3mez Gonz\u00e1lez, durante la puesta en operaci\u00f3n de la quinta etapa del nuevo sistema penal.\" width=\"420\" height=\"236\" srcset=\"https:\/\/www.diarioimagen.net\/wp-content\/uploads\/2016\/03\/suprema-2815-420x236.jpg 420w, https:\/\/www.diarioimagen.net\/wp-content\/uploads\/2016\/03\/suprema-2815-240x135.jpg 240w, https:\/\/www.diarioimagen.net\/wp-content\/uploads\/2016\/03\/suprema-2815-235x132.jpg 235w, https:\/\/www.diarioimagen.net\/wp-content\/uploads\/2016\/03\/suprema-2815-202x114.jpg 202w, https:\/\/www.diarioimagen.net\/wp-content\/uploads\/2016\/03\/suprema-2815-350x196.jpg 350w, https:\/\/www.diarioimagen.net\/wp-content\/uploads\/2016\/03\/suprema-2815-220x123.jpg 220w, https:\/\/www.diarioimagen.net\/wp-content\/uploads\/2016\/03\/suprema-2815-237x132.jpg 237w, https:\/\/www.diarioimagen.net\/wp-content\/uploads\/2016\/03\/suprema-2815.jpg 480w\" sizes=\"auto, (max-width: 420px) 100vw, 420px\" \/><\/a><p id=\"caption-attachment-258120\" class=\"wp-caption-text\">El ministro presidente de la SCJN, Luis Mar\u00eda Aguilar, y la titular de la PGR, Arely G\u00f3mez Gonz\u00e1lez, durante la puesta en operaci\u00f3n de la quinta etapa del nuevo sistema penal.<\/p><\/div>\n<p>&nbsp;<\/p>\n<p>El presidente de la Suprema Corte de Justicia de la Naci\u00f3n (SCJN), ministro Luis Mar\u00eda Aguilar, llam\u00f3 a los jueces de juicios orales a combatir los flagelos de la impunidad, la ineficiencia y la corrupci\u00f3n, que han da\u00f1ado la credibilidad de la justicia en M\u00e9xico.<\/p>\n<p>Durante la puesta en operaci\u00f3n de la quinta etapa del nuevo sistema penal, dijo que ello se lograr\u00e1 con la colaboraci\u00f3n de todas las instituciones involucradas y de la sociedad civil, donde se sentar\u00e1n las bases para transformar la justicia penal, con la alta expectativa de cumplir con el pueblo de M\u00e9xico.<\/p>\n<p>En la ceremonia de entrada en operaci\u00f3n del Nuevo Sistema de Justicia Penal Federal, detall\u00f3 que \u00e9ste se hace una realidad y es aplicable en nueve entidades m\u00e1s: Aguascalientes, Colima, Ciudad de M\u00e9xico, Estado de M\u00e9xico, Hidalgo, Morelos, Nuevo Le\u00f3n, Quintana Roo y Tabasco.<\/p>\n<p>Precis\u00f3 que son ya 24 entidades del pa\u00eds las que cuentan con este sistema y que con ello se cubre a 85 millones de mexicanos, quienes tendr\u00e1n la justicia a su alcance, pues se satisface las leg\u00edtimas demandas de una sociedad que requiere de transparencia, honestidad, calidad en la aplicaci\u00f3n del derecho penal y en la actuaci\u00f3n de sus jueces.<\/p>\n<p>El presidente de la SCJN asegur\u00f3 que en cada una de las etapas trazadas se ha cumplido con el reloj constitucional de establecimiento de la reforma; y que \u201ceste &#8211; ayer- lunes se hace sonar la antepen\u00faltima campanada\u201d.<\/p>\n<p>Dijo que el Poder Judicial de la Federaci\u00f3n es el primero en refrendar su compromiso de puntual observancia, a trav\u00e9s de las dos vertientes de su competencia: por un lado, la justicia oral acusatoria para los delitos federales y, por el otro, el control constitucional de todo el sistema, incluida la justicia estatal, mediante el juicio de amparo.<\/p>\n<p>Manifest\u00f3 que en lo que se refiere a la administraci\u00f3n de justicia para los delitos en materia federal, el Consejo de la Judicatura Federal ha hecho un ejercicio de planeaci\u00f3n y ha tomado y ejecutado las decisiones estrat\u00e9gicas, no s\u00f3lo para cumplir con un cronograma, sino para hacerlo de manera \u00f3ptima. Las Salas de Audiencias est\u00e1n desde ayer lunes en funcionamiento en nueve entidades m\u00e1s del pa\u00eds, para atender los asuntos que son judicializables en el \u00e1mbito federal, dentro de los espacios que conforman los Centros de Justicia Penal Federal, y que en su mayor\u00eda para esta etapa son ya definitivos.<\/p>\n<p style=\"text-align: center;\"><strong>Colaboraci\u00f3n\u00a0<\/strong><strong> de la PGR <\/strong><\/p>\n<p>Por su parte, la titular de la Procuradur\u00eda General de la Rep\u00fablica (PGR), Arely G\u00f3mez Gonz\u00e1lez, se\u00f1al\u00f3 que uno de los ejes rectores que conforman el plan de trabajo de la instituci\u00f3n es la debida y oportuna implantaci\u00f3n del nuevo sistema de justicia penal.<\/p>\n<p>Al participar en el Inicio Formal de Actividades de Centros de Justicia Penal Federal en nueve entidades de la Rep\u00fablica, la funcionaria federal detall\u00f3 ya se solicit\u00f3 al Congreso de la Uni\u00f3n la emisi\u00f3n de la sexta declaratoria de entrada en vigor del mencionado c\u00f3digo para Campeche, Michoac\u00e1n, Sonora y Veracruz, prevista para el 29 abril se 2016.<\/p>\n<p>&nbsp;<\/p>\n","protected":false},"excerpt":{"rendered":"<p>El presidente de la Suprema Corte de Justicia de la Naci\u00f3n (SCJN), ministro Luis Mar\u00eda Aguilar, llam\u00f3 a los jueces de juicios orales a combatir los flagelos de la impunidad, la ineficiencia y la corrupci\u00f3n, que han da\u00f1ado la credibilidad de la justicia en M\u00e9xico.<\/p>\n","protected":false},"author":3,"featured_media":258120,"comment_status":"open","ping_status":"open","sticky":false,"template":"","format":"standard","meta":{"_monsterinsights_skip_tracking":false,"_monsterinsights_sitenote_active":false,"_monsterinsights_sitenote_note":"","_monsterinsights_sitenote_category":0,"footnotes":""},"categories":[3],"tags":[6665,43673,1584],"class_list":["post-258018","post","type-post","status-publish","format-standard","has-post-thumbnail","hentry","category-nacional","tag-corrupcion","tag-nacional","tag-suprema-corte-de-justicia-de-la-nacion"],"_links":{"self":[{"href":"https:\/\/www.diarioimagen.net\/index.php?rest_route=\/wp\/v2\/posts\/258018","targetHints":{"allow":["GET"]}}],"collection":[{"href":"https:\/\/www.diarioimagen.net\/index.php?rest_route=\/wp\/v2\/posts"}],"about":[{"href":"https:\/\/www.diarioimagen.net\/index.php?rest_route=\/wp\/v2\/types\/post"}],"author":[{"embeddable":true,"href":"https:\/\/www.diarioimagen.net\/index.php?rest_route=\/wp\/v2\/users\/3"}],"replies":[{"embeddable":true,"href":"https:\/\/www.diarioimagen.net\/index.php?rest_route=%2Fwp%2Fv2%2Fcomments&post=258018"}],"version-history":[{"count":0,"href":"https:\/\/www.diarioimagen.net\/index.php?rest_route=\/wp\/v2\/posts\/258018\/revisions"}],"wp:featuredmedia":[{"embeddable":true,"href":"https:\/\/www.diarioimagen.net\/index.php?rest_route=\/wp\/v2\/media\/258120"}],"wp:attachment":[{"href":"https:\/\/www.diarioimagen.net\/index.php?rest_route=%2Fwp%2Fv2%2Fmedia&parent=258018"}],"wp:term":[{"taxonomy":"category","embeddable":true,"href":"https:\/\/www.diarioimagen.net\/index.php?rest_route=%2Fwp%2Fv2%2Fcategories&post=258018"},{"taxonomy":"post_tag","embeddable":true,"href":"https:\/\/www.diarioimagen.net\/index.php?rest_route=%2Fwp%2Fv2%2Ftags&post=258018"}],"curies":[{"name":"wp","href":"https:\/\/api.w.org\/{rel}","templated":true}]}}