{"id":258028,"date":"2016-03-01T00:06:49","date_gmt":"2016-03-01T06:06:49","guid":{"rendered":"http:\/\/www.diarioimagen.net\/?p=258028"},"modified":"2016-03-02T01:30:58","modified_gmt":"2016-03-02T07:30:58","slug":"epn-urge-a-acelerar-mando-unico-estatal","status":"publish","type":"post","link":"https:\/\/www.diarioimagen.net\/?p=258028","title":{"rendered":"EPN urge a acelerar Mando \u00danico estatal"},"content":{"rendered":"<ul>\n<li><strong><em>Asiste a la 50 Sesi\u00f3n de Conago<\/em><\/strong><\/li>\n<\/ul>\n<p>&nbsp;<\/p>\n<div id=\"attachment_258117\" style=\"width: 430px\" class=\"wp-caption aligncenter\"><a href=\"http:\/\/www.diarioimagen.net\/?attachment_id=258117\" rel=\"attachment wp-att-258117\"><img loading=\"lazy\" decoding=\"async\" aria-describedby=\"caption-attachment-258117\" class=\"size-large wp-image-258117\" src=\"http:\/\/www.diarioimagen.net\/wp-content\/uploads\/2016\/03\/arco-epn-2815-420x236.jpg\" alt=\"Enrique Pe\u00f1a Nieto encabez\u00f3 la Clausura de la 50\u00aa Reuni\u00f3n Ordinaria de la Conago, en la ciudad de Toluca. En el evento, el Presidente llam\u00f3 a acelerar la aplicaci\u00f3n de pol\u00edticas en materias de seguridad y justicia, como la creaci\u00f3n de la Polic\u00eda \u00danica Estatal, la aplicaci\u00f3n del sistema de justicia penal y la modernizaci\u00f3n del sistema penitenciario.\" width=\"420\" height=\"236\" srcset=\"https:\/\/www.diarioimagen.net\/wp-content\/uploads\/2016\/03\/arco-epn-2815-420x236.jpg 420w, https:\/\/www.diarioimagen.net\/wp-content\/uploads\/2016\/03\/arco-epn-2815-240x135.jpg 240w, https:\/\/www.diarioimagen.net\/wp-content\/uploads\/2016\/03\/arco-epn-2815-768x432.jpg 768w, https:\/\/www.diarioimagen.net\/wp-content\/uploads\/2016\/03\/arco-epn-2815-480x270.jpg 480w, https:\/\/www.diarioimagen.net\/wp-content\/uploads\/2016\/03\/arco-epn-2815-235x132.jpg 235w, https:\/\/www.diarioimagen.net\/wp-content\/uploads\/2016\/03\/arco-epn-2815-202x114.jpg 202w, https:\/\/www.diarioimagen.net\/wp-content\/uploads\/2016\/03\/arco-epn-2815-350x196.jpg 350w, https:\/\/www.diarioimagen.net\/wp-content\/uploads\/2016\/03\/arco-epn-2815-220x123.jpg 220w, https:\/\/www.diarioimagen.net\/wp-content\/uploads\/2016\/03\/arco-epn-2815-237x132.jpg 237w, https:\/\/www.diarioimagen.net\/wp-content\/uploads\/2016\/03\/arco-epn-2815.jpg 1200w\" sizes=\"auto, (max-width: 420px) 100vw, 420px\" \/><\/a><p id=\"caption-attachment-258117\" class=\"wp-caption-text\">Enrique Pe\u00f1a Nieto encabez\u00f3 la Clausura de la 50\u00aa Reuni\u00f3n Ordinaria de la Conago, en la ciudad de Toluca. En el evento, el Presidente llam\u00f3 a acelerar la aplicaci\u00f3n de pol\u00edticas en materias de seguridad y justicia, como la creaci\u00f3n de la Polic\u00eda \u00danica Estatal, la aplicaci\u00f3n del sistema de justicia penal y la modernizaci\u00f3n del sistema penitenciario.<\/p><\/div>\n<p>&nbsp;<\/p>\n<p>El presidente Enrique Pe\u00f1a Nieto llam\u00f3 a acelerar la aplicaci\u00f3n de pol\u00edticas en materias de seguridad y justicia, como la creaci\u00f3n del Mando \u00danico estatal, la aplicaci\u00f3n del sistema de justicia penal y la modernizaci\u00f3n del sistema penitenciario.<\/p>\n<p>Durante la clausura de la 50 Sesi\u00f3n Ordinaria de la Conferencia Nacional de Gobernadores (Conago), llam\u00f3 a que el Congreso de la Uni\u00f3n \u201cdebata ya\u201d la iniciativa de reforma constitucional para crear el Mando \u00danico de Polic\u00eda Estatal, que envi\u00f3 hace m\u00e1s de un a\u00f1o.<\/p>\n<p>\u201cHace m\u00e1s de un a\u00f1o present\u00e9 una iniciativa para este prop\u00f3sito, y hace m\u00e1s de un a\u00f1o que desde entonces a la fecha no hemos logrado avanzar en la consolidaci\u00f3n de este modelo\u201d, indic\u00f3 el jefe del Estado mexicano ante los mandatarios de las 32 entidades federativas.<\/p>\n<p>Sostuvo que la existencia de m\u00e1s de mil 800 corporaciones policiacas que hay en el pa\u00eds \u201csin suficiente capacitaci\u00f3n, preparaci\u00f3n, equipamiento, no puede ser la mejor manera de hacerle frente al crimen organizado, a organizaciones delictivas\u201d.<\/p>\n<p>Esos grupos criminales \u201choy act\u00faan de forma mucho m\u00e1s sofisticada, tienen mayores capacidades financieras y de equiparse, y el Estado mexicano tiene que hacer lo propio y superar esas capacidades\u201d, por lo cual urgi\u00f3 a consolidar 32 corporaciones policiacas mejor capacitadas, preparadas y organizadas.<\/p>\n<p>\u201cLa iniciativa est\u00e1 presentada y el llamado, respetuoso, (\u2026) al Congreso para que ante esta iniciativa, ante el posicionamiento de las autoridades locales, de los gobernadores de las entidades federativas, del gobierno de la Ciudad de M\u00e9xico, puedan avanzar en este proyecto\u201d, subray\u00f3.<\/p>\n<p>No significa que el dictamen tenga que aprobarse en sus t\u00e9rminos, precis\u00f3, \u201cpero que se debata ya, porque no podemos permanecer por m\u00e1s tiempo pasivos y a la espera de que pase el tiempo y no se resuelva este tema, que sin duda dar\u00e1 mayor solidez al Estado mexicano\u201d, y permitir\u00e1 dar m\u00e1s tranquilidad y paz a las familias.<\/p>\n<p>En el Teatro Morelos de la capital mexiquense, el Ejecutivo federal tambi\u00e9n urgi\u00f3 a las entidades federativas que todav\u00eda no avanzan en la aplicaci\u00f3n del nuevo sistema de justicia penal, a \u201cacelerar el paso\u201d, pues la entrada en vigor de este sistema, establecido para junio de este a\u00f1o \u201cno admitir\u00e1 pr\u00f3rroga alguna\u201d.<\/p>\n<p>Record\u00f3 que romper con un modelo de justicia penal que ten\u00eda m\u00e1s de 100 a\u00f1os qued\u00f3 enmarcado en la Constituci\u00f3n, donde se estableci\u00f3 un periodo de gracia de ocho a\u00f1os para la aplicaci\u00f3n del nuevo sistema en todo el pa\u00eds.<\/p>\n<p>Pe\u00f1a Nieto refiri\u00f3 que a la fecha, 74 por ciento de la poblaci\u00f3n ya tiene acceso a este sistema y en 22 entidades opera de manera efectiva, pero a \u201cquienes todav\u00eda tienen tarea qu\u00e9 hacer en esta asignatura, mi llamado tambi\u00e9n respetuoso a acelerar el paso (\u2026). Apuro y les convoco de manera respetuosa para que aceleremos el paso en donde haya mayor rezago\u201d.<\/p>\n<p>Como tercer tema, el mandatario record\u00f3 a los gobernadores que en la pasada reuni\u00f3n del Consejo Nacional de Seguridad P\u00fablica se tomaron acuerdos puntuales sobre tareas especificas, para modernizar el sistema penitenciario.<\/p>\n<p>La pronta adopci\u00f3n de estos acuerdos permitir\u00e1 evitar hechos violentos, como los que han ocurrido recientemente en algunos penales del pa\u00eds.<\/p>\n<p>Antes de clausurar la reuni\u00f3n, en la que asumi\u00f3 la presidencia de la Conago el gobernador de Oaxaca, Gabino Cu\u00e9 Monteagudo, Pe\u00f1a Nieto reiter\u00f3 \u201cla invariable disposici\u00f3n y apertura del gobierno de la Rep\u00fablica\u201d para hacer frente com\u00fan con los gobiernos locales, ante los distintos retos, problemas y desaf\u00edos que enfrentan de manera diferenciada.<\/p>\n<p>&nbsp;<\/p>\n","protected":false},"excerpt":{"rendered":"<p>El presidente Enrique Pe\u00f1a Nieto llam\u00f3 a acelerar la aplicaci\u00f3n de pol\u00edticas en materias de seguridad y justicia, como la creaci\u00f3n del Mando \u00danico estatal, la aplicaci\u00f3n del sistema de justicia penal y la modernizaci\u00f3n del sistema penitenciario.<\/p>\n","protected":false},"author":3,"featured_media":258117,"comment_status":"open","ping_status":"open","sticky":false,"template":"","format":"standard","meta":{"_monsterinsights_skip_tracking":false,"_monsterinsights_sitenote_active":false,"_monsterinsights_sitenote_note":"","_monsterinsights_sitenote_category":0,"footnotes":""},"categories":[3],"tags":[2255,18,2674,43673,491],"class_list":["post-258028","post","type-post","status-publish","format-standard","has-post-thumbnail","hentry","category-nacional","tag-congreso-de-la-union","tag-enrique-pena-nieto","tag-gabino-cue-monteagudo","tag-nacional","tag-oaxaca"],"_links":{"self":[{"href":"https:\/\/www.diarioimagen.net\/index.php?rest_route=\/wp\/v2\/posts\/258028","targetHints":{"allow":["GET"]}}],"collection":[{"href":"https:\/\/www.diarioimagen.net\/index.php?rest_route=\/wp\/v2\/posts"}],"about":[{"href":"https:\/\/www.diarioimagen.net\/index.php?rest_route=\/wp\/v2\/types\/post"}],"author":[{"embeddable":true,"href":"https:\/\/www.diarioimagen.net\/index.php?rest_route=\/wp\/v2\/users\/3"}],"replies":[{"embeddable":true,"href":"https:\/\/www.diarioimagen.net\/index.php?rest_route=%2Fwp%2Fv2%2Fcomments&post=258028"}],"version-history":[{"count":0,"href":"https:\/\/www.diarioimagen.net\/index.php?rest_route=\/wp\/v2\/posts\/258028\/revisions"}],"wp:featuredmedia":[{"embeddable":true,"href":"https:\/\/www.diarioimagen.net\/index.php?rest_route=\/wp\/v2\/media\/258117"}],"wp:attachment":[{"href":"https:\/\/www.diarioimagen.net\/index.php?rest_route=%2Fwp%2Fv2%2Fmedia&parent=258028"}],"wp:term":[{"taxonomy":"category","embeddable":true,"href":"https:\/\/www.diarioimagen.net\/index.php?rest_route=%2Fwp%2Fv2%2Fcategories&post=258028"},{"taxonomy":"post_tag","embeddable":true,"href":"https:\/\/www.diarioimagen.net\/index.php?rest_route=%2Fwp%2Fv2%2Ftags&post=258028"}],"curies":[{"name":"wp","href":"https:\/\/api.w.org\/{rel}","templated":true}]}}