{"id":258052,"date":"2016-03-01T00:09:54","date_gmt":"2016-03-01T06:09:54","guid":{"rendered":"http:\/\/www.diarioimagen.net\/?p=258052"},"modified":"2016-03-01T04:41:52","modified_gmt":"2016-03-01T10:41:52","slug":"la-mitad-de-profesores-reprobo-o-paso-de-panzazo","status":"publish","type":"post","link":"https:\/\/www.diarioimagen.net\/?p=258052","title":{"rendered":"La mitad de profesores reprob\u00f3 o pas\u00f3 de <em>panzazo<\/em>"},"content":{"rendered":"<ul>\n<li><strong><em>Resultados de evaluaci\u00f3n docente<\/em><\/strong><\/li>\n<\/ul>\n<p>&nbsp;<\/p>\n<div id=\"attachment_258159\" style=\"width: 430px\" class=\"wp-caption aligncenter\"><a href=\"http:\/\/www.diarioimagen.net\/?attachment_id=258159\" rel=\"attachment wp-att-258159\"><img loading=\"lazy\" decoding=\"async\" aria-describedby=\"caption-attachment-258159\" class=\"size-large wp-image-258159\" src=\"http:\/\/www.diarioimagen.net\/wp-content\/uploads\/2016\/03\/sep-2815-420x236.jpg\" alt=\"El titular de la SEP, Aurelio Nu\u00f1o Mayer, present\u00f3 los Resultados de la Evaluaci\u00f3n de Desempe\u00f1o para el ciclo escolar 2015-2016.\" width=\"420\" height=\"236\" srcset=\"https:\/\/www.diarioimagen.net\/wp-content\/uploads\/2016\/03\/sep-2815-420x236.jpg 420w, https:\/\/www.diarioimagen.net\/wp-content\/uploads\/2016\/03\/sep-2815-240x135.jpg 240w, https:\/\/www.diarioimagen.net\/wp-content\/uploads\/2016\/03\/sep-2815-235x132.jpg 235w, https:\/\/www.diarioimagen.net\/wp-content\/uploads\/2016\/03\/sep-2815-202x114.jpg 202w, https:\/\/www.diarioimagen.net\/wp-content\/uploads\/2016\/03\/sep-2815-350x196.jpg 350w, https:\/\/www.diarioimagen.net\/wp-content\/uploads\/2016\/03\/sep-2815-220x123.jpg 220w, https:\/\/www.diarioimagen.net\/wp-content\/uploads\/2016\/03\/sep-2815-237x132.jpg 237w, https:\/\/www.diarioimagen.net\/wp-content\/uploads\/2016\/03\/sep-2815.jpg 480w\" sizes=\"auto, (max-width: 420px) 100vw, 420px\" \/><\/a><p id=\"caption-attachment-258159\" class=\"wp-caption-text\">El titular de la SEP, Aurelio Nu\u00f1o Mayer, present\u00f3 los Resultados de la Evaluaci\u00f3n de Desempe\u00f1o para el ciclo escolar 2015-2016.<\/p><\/div>\n<p>&nbsp;<\/p>\n<p>Aurelio Nu\u00f1o Mayer, secretario de Educaci\u00f3n P\u00fablica, dio a conocer los resultados de la evaluaci\u00f3n de desempe\u00f1o docente aplicada el a\u00f1o pasado, de los cuales m\u00e1s de la mitad obtuvo resultados bajos en su prueba.<\/p>\n<p>El funcionario federal aclar\u00f3 que quienes obtuvieron el peor desempe\u00f1o, es decir, calificaci\u00f3n \u2018insuficiente\u2019, no perder\u00e1n su empleo o sus derechos laborales, sino que deber\u00e1n volver a presentar la prueba este a\u00f1o en la que ser\u00e1 la segunda de tres oportunidades para salir de ese nivel en un plazo menor a 12 meses.<\/p>\n<p>Inform\u00f3 que de los m\u00e1s 134 mil profesores de educaci\u00f3n b\u00e1sica y media superior y los directivos que participaron en la Evaluaci\u00f3n de Desempe\u00f1o Docente, 36.2 por ciento obtuvieron una calificaci\u00f3n de suficiente.<\/p>\n<p>Al presentar los Resultados de la Evaluaci\u00f3n de Desempe\u00f1o para el ciclo escolar 2015-2016, Nu\u00f1o Mayer indic\u00f3 que de un total de 150 mil 86 maestros convocados, 134 mil 140 aplicaron en la primera fecha y en la reposici\u00f3n, esto es 90 por ciento de la meta cumplida.<\/p>\n<p>En el Patio del Trabajo de la Secretar\u00eda de Educaci\u00f3n P\u00fablica (SEP), el funcionario indic\u00f3 que m\u00e1s de la mitad de los maestros evaluados tienen un amplio margen para mejorar sus conocimientos y aptitudes a trav\u00e9s de diversas capacitaciones.<\/p>\n<p>Precis\u00f3 que en las 32 entidades del pa\u00eds se llev\u00f3 a cabo la primera evaluaci\u00f3n y s\u00f3lo en 28 est\u00e1 concluido el proceso; en los casos de Oaxaca, Michoac\u00e1n, Guerrero y Chiapas se han programado las fechas de evaluaci\u00f3n para la primera mitad del a\u00f1o en curso y, de manera oportuna, dar\u00e1n a conocer para que los profesores puedan prepararse.<\/p>\n<p>El titular de la SEP mencion\u00f3 que 48.5 por ciento de los docentes evaluados est\u00e1n en el rango de excelentes, destacados y buenos, lo cual significa que casi la mitad tienen las condiciones necesarias para dar clases a los alumnos.<\/p>\n<p>Al hacer un desglose de los resultados, Nu\u00f1o Mayer explic\u00f3 que en educaci\u00f3n b\u00e1sica, 14 mil 545 profesores obtuvieron la calificaci\u00f3n de insuficiente, cifra que representa 14.1 por ciento de los evaluados; mientras que para 38 mil 824, que equivale a 37.6 por ciento, fue suficiente.<\/p>\n<p>El resultado fue bueno para otros 41 mil 791 docentes, que suman 40.5 por ciento de quienes participaron en la evaluaci\u00f3n, y destacado para ocho mil 153, que corresponde a 7.9 por ciento.<\/p>\n<p>En educaci\u00f3n media superior, en tanto, cinco mil 134 maestros lograron una calificaci\u00f3n insuficiente, lo que agrupa a 18.5 por ciento de los evaluados.<\/p>\n<p>La calificaci\u00f3n fue suficiente para ocho mil 721, que equivale a 31.5 por ciento de los participantes; buena para 11 mil 450, que son 41.4 por ciento, y destacada para un total de mil 544 profesores, cifra que representa 7.4 por ciento del total.<\/p>\n<p>Entre los directores de educaci\u00f3n b\u00e1sica, 800 obtuvieron una calificaci\u00f3n insuficiente, cifra que equivale a 25.4 por ciento de quienes participaron en le proceso; para otros mil 38 fue suficiente, esto es 33 por ciento.<\/p>\n<p>Buenos resultados lograron mil 73 directores, que suman 34.1 por ciento, en tanto que 234 directores dieron una calificaci\u00f3n destacada, quienes representan 7.4 por ciento de los evaluados.<\/p>\n<p>Respecto a quienes no aprobaron la evaluaci\u00f3n, el funcionario record\u00f3 que de acuerdo con el Art\u00edculo 53 de la Ley General de Servicio Profesional Docente, ninguno de estos docentes perder\u00e1 su empleo o alguno de sus derechos laborales.<\/p>\n<p>Por el contrario, tendr\u00e1n la segunda de tres oportunidades para presentar la Evaluaci\u00f3n de Desempe\u00f1o Docente en un plazo menor a 12 meses.<\/p>\n<p>Para quienes obtuvieron una calificaci\u00f3n suficiente, abund\u00f3, tendr\u00e1n su plaza por cuatro a\u00f1os y despu\u00e9s volver\u00e1n a presentar la evaluaci\u00f3n, adem\u00e1s de que recibir\u00e1n formaci\u00f3n continua y espec\u00edfica conforme a sus resultados y necesidades acad\u00e9micas.<\/p>\n<p>&nbsp;<\/p>\n<blockquote>\n<h1 style=\"text-align: center;\">Causan baja 3 mil 360 maestros sin evaluar<\/h1>\n<p>&nbsp;<\/p>\n<ul>\n<li><strong><em>Ning\u00fan ni\u00f1o se quedar\u00e1 sin profesor: Nu\u00f1o Mayer<\/em><\/strong><\/li>\n<\/ul>\n<p>M\u00e1s de 3 mil 300 maestros ser\u00e1n dados de baja a partir de este martes por no haber presentado la Evaluaci\u00f3n de Desempe\u00f1o Docente, confirm\u00f3 el titular de la Secretar\u00eda de Educaci\u00f3n P\u00fablica (SEP), Aurelio Nu\u00f1o Mayer.<\/p>\n<p>Al dar a conocer los resultados correspondientes al ciclo 2015-2016, el funcionario indic\u00f3 que 3 mil 360 profesores de educaci\u00f3n b\u00e1sica y media superior no se presentaron a la evaluaci\u00f3n ni a las reposiciones.<\/p>\n<p>Por ello y como lo marca el Art\u00edculo 74 de la Ley General de Servicio Profesional Docente, ser\u00e1n dados de baja a partir de hoy, 1 de marzo.<\/p>\n<p>Detall\u00f3 que ese n\u00famero de docentes representa 2.2 por ciento de 34 mil 140 que participaron en la primera fecha y la evaluaci\u00f3n de la reposici\u00f3n en las 28 entidades de la Rep\u00fablica, donde ya est\u00e1 concluido dicho proceso.<\/p>\n<p>En ese sentido, el titular de la SEP puntualiz\u00f3 que las plazas vacantes ser\u00e1n ocupadas por aspirantes que presentaron los concursos de oposici\u00f3n al ingreso en el ciclo 2015-2016.<\/p>\n<p>\u201cLes quiero asegurar que no habr\u00e1 ning\u00fan ni\u00f1o que se quede sin maestro por estas bajas\u201d, enfatiz\u00f3 y reiter\u00f3 que los lugares ser\u00e1n sustituidos por maestros que est\u00e1n en la lista de espera.<\/p>\n<p>Record\u00f3 que en las 32 entidades de la Rep\u00fablica se llev\u00f3 a cabo la primera evaluaci\u00f3n y s\u00f3lo en 28 est\u00e1 concluido el proceso, puesto que en Oaxaca, Michoac\u00e1n, Guerrero y Chiapas se han programado las fechas de evaluaci\u00f3n para la primer semestre del presente a\u00f1o y, de manera oportuna, dar\u00e1n a conocer para que los profesores puedan prepararse.<\/p>\n<p>Nu\u00f1o Mayer adelant\u00f3 que el pr\u00f3ximo 7 de marzo presentar\u00e1 la Estrategia de Formaci\u00f3n Continua y Desarrollo Profesional para la educaci\u00f3n b\u00e1sica y media superior para los maestros que participaron en dicha evaluaci\u00f3n.<\/p>\n<p>Expuso que este programa a impulsar est\u00e1 destinado a un mill\u00f3n 200 mil maestros que requieran capacitaci\u00f3n en la labor y, sobre todo, para aquellos que obtuvieron la calificaci\u00f3n insuficiente, pues son ellos quienes tendr\u00e1n la segunda de tres oportunidades para volver a presentar la evaluaci\u00f3n en un plazo menor a 12 meses.<\/p>\n<p>Subray\u00f3 que la evaluaci\u00f3n no se reduce a un examen, \u201ces parte inherente de un proceso dise\u00f1ado para mejorar la habilidad y capacidades de los docentes y, por esa raz\u00f3n, daremos seguimiento a todos los casos para que reciban el acompa\u00f1amiento necesario\u201d.<\/p>\n<p>El funcionario agreg\u00f3 que el compromiso con la formaci\u00f3n docente se refleja en el incremento hist\u00f3rico del presupuesto para 2016, ya que los programas federales contaban en 2015 con 203 millones de pesos y para este a\u00f1o tendr\u00e1n mil 809 millones de pesos, es decir, casi 900 por ciento m\u00e1s.<\/p><\/blockquote>\n<p>&nbsp;<\/p>\n","protected":false},"excerpt":{"rendered":"<p>Aurelio Nu\u00f1o Mayer, secretario de Educaci\u00f3n P\u00fablica, dio a conocer los resultados de la evaluaci\u00f3n de desempe\u00f1o docente aplicada el a\u00f1o pasado, de los cuales m\u00e1s de la mitad obtuvo resultados bajos en su prueba. El funcionario federal aclar\u00f3 que quienes obtuvieron el peor desempe\u00f1o, es decir, calificaci\u00f3n \u2018insuficiente\u2019, no perder\u00e1n su empleo o sus derechos laborales, sino que deber\u00e1n volver a presentar la prueba este a\u00f1o en la que ser\u00e1 la segunda de tres oportunidades para salir de ese nivel en un plazo menor a 12 meses.<\/p>\n","protected":false},"author":3,"featured_media":258159,"comment_status":"open","ping_status":"open","sticky":false,"template":"","format":"standard","meta":{"_monsterinsights_skip_tracking":false,"_monsterinsights_sitenote_active":false,"_monsterinsights_sitenote_note":"","_monsterinsights_sitenote_category":0,"footnotes":""},"categories":[3],"tags":[19701,46280,43673,459],"class_list":["post-258052","post","type-post","status-publish","format-standard","has-post-thumbnail","hentry","category-nacional","tag-baja","tag-evaluacion-docente","tag-nacional","tag-sep"],"_links":{"self":[{"href":"https:\/\/www.diarioimagen.net\/index.php?rest_route=\/wp\/v2\/posts\/258052","targetHints":{"allow":["GET"]}}],"collection":[{"href":"https:\/\/www.diarioimagen.net\/index.php?rest_route=\/wp\/v2\/posts"}],"about":[{"href":"https:\/\/www.diarioimagen.net\/index.php?rest_route=\/wp\/v2\/types\/post"}],"author":[{"embeddable":true,"href":"https:\/\/www.diarioimagen.net\/index.php?rest_route=\/wp\/v2\/users\/3"}],"replies":[{"embeddable":true,"href":"https:\/\/www.diarioimagen.net\/index.php?rest_route=%2Fwp%2Fv2%2Fcomments&post=258052"}],"version-history":[{"count":0,"href":"https:\/\/www.diarioimagen.net\/index.php?rest_route=\/wp\/v2\/posts\/258052\/revisions"}],"wp:featuredmedia":[{"embeddable":true,"href":"https:\/\/www.diarioimagen.net\/index.php?rest_route=\/wp\/v2\/media\/258159"}],"wp:attachment":[{"href":"https:\/\/www.diarioimagen.net\/index.php?rest_route=%2Fwp%2Fv2%2Fmedia&parent=258052"}],"wp:term":[{"taxonomy":"category","embeddable":true,"href":"https:\/\/www.diarioimagen.net\/index.php?rest_route=%2Fwp%2Fv2%2Fcategories&post=258052"},{"taxonomy":"post_tag","embeddable":true,"href":"https:\/\/www.diarioimagen.net\/index.php?rest_route=%2Fwp%2Fv2%2Ftags&post=258052"}],"curies":[{"name":"wp","href":"https:\/\/api.w.org\/{rel}","templated":true}]}}