{"id":258203,"date":"2016-03-02T00:08:55","date_gmt":"2016-03-02T06:08:55","guid":{"rendered":"http:\/\/www.diarioimagen.net\/?p=258203"},"modified":"2016-03-03T01:13:43","modified_gmt":"2016-03-03T07:13:43","slug":"irrevocable-el-despido-de-mas-de-tres-mil-maestros-sep","status":"publish","type":"post","link":"https:\/\/www.diarioimagen.net\/?p=258203","title":{"rendered":"Es irrevocable el despido de m\u00e1s de 3 mil maestros"},"content":{"rendered":"<ul>\n<li><strong><em>La evaluaci\u00f3n es obligatoria, advierte Nu\u00f1o<\/em><\/strong><\/li>\n<\/ul>\n<h6>Jos\u00e9 Luis Monta\u00f1ez<\/h6>\n<p>&nbsp;<\/p>\n<div id=\"attachment_258204\" style=\"width: 430px\" class=\"wp-caption aligncenter\"><a href=\"http:\/\/www.diarioimagen.net\/?attachment_id=258204\" rel=\"attachment wp-att-258204\"><img loading=\"lazy\" decoding=\"async\" aria-describedby=\"caption-attachment-258204\" class=\"wp-image-258204 size-large\" src=\"http:\/\/www.diarioimagen.net\/wp-content\/uploads\/2016\/03\/NU\u00d1O-portal-420x245.jpg\" alt=\"Aurelio Nu\u00f1o Mayer afirma que el despido de los 3 mil 360 maestros que no se evaluaron es una decisi\u00f3n irrevocable.\" width=\"420\" height=\"245\" srcset=\"https:\/\/www.diarioimagen.net\/wp-content\/uploads\/2016\/03\/NU\u00d1O-portal-420x245.jpg 420w, https:\/\/www.diarioimagen.net\/wp-content\/uploads\/2016\/03\/NU\u00d1O-portal-240x140.jpg 240w, https:\/\/www.diarioimagen.net\/wp-content\/uploads\/2016\/03\/NU\u00d1O-portal.jpg 480w\" sizes=\"auto, (max-width: 420px) 100vw, 420px\" \/><\/a><p id=\"caption-attachment-258204\" class=\"wp-caption-text\">Aurelio Nu\u00f1o Mayer afirma que el despido de los 3 mil 360 maestros que no se evaluaron es una decisi\u00f3n irrevocable.<\/p><\/div>\n<p>&nbsp;<\/p>\n<p>El despido de 3 mil 360 maestros, que tiene efecto a partir de ayer martes, es una decisi\u00f3n irrevocable, afirma el secretario de Educaci\u00f3n P\u00fablica, Aurelio Nu\u00f1o Mayer.<\/p>\n<p>El funcionario federal dej\u00f3 en claro que los mentores tuvieron dos oportunidades y no se presentaron a la evaluaci\u00f3n magisterial, por lo que no tendr\u00e1n una tercera.<\/p>\n<p>Entrevistado durante una visita a la escuela primaria Asociaci\u00f3n de Ferreteros de M\u00e9xico, en la delegaci\u00f3n \u00c1lvaro Obreg\u00f3n, dej\u00f3 claro que los mentores \u201cno tendr\u00e1n una tercera oportunidad. Es una decisi\u00f3n ya tomada\u201d.<\/p>\n<p>El funcionario federal subray\u00f3 que \u201cla evaluaci\u00f3n es obligatoria y maestro que haya sido convocado y no se haya presentado tendr\u00e1 que ser, desafortunadamente, separado del servicio, as\u00ed lo marca la normatividad\u201d.<\/p>\n<p>Record\u00f3 que los profesores tuvieron dos oportunidades, y que en el caso de esos 3 mil 360 no se presentaron ni en la primera evaluaci\u00f3n ni en su reposici\u00f3n ser\u00e1n despedidos, \u201cas\u00ed que es una decisi\u00f3n ya tomada, que no tiene vuelta y no se tendr\u00e1 una tercera oportunidad\u201d.<\/p>\n<p>En cuanto a la ruta jur\u00eddica que podr\u00e1n seguir los maestros expuso que \u201cla ley en esto es muy clara.<\/p>\n<p>Al ser la evaluaci\u00f3n una obligaci\u00f3n quien no se presente despu\u00e9s de haber sido convocado se separa del servicio sin ninguna consecuencia para el Estado\u201d.<\/p>\n<p>Es decir, indic\u00f3, \u201cno hay ninguna liquidaci\u00f3n. Obviamente, todos tienen el derecho de seguir una ruta jur\u00eddica\u201d.<\/p>\n<p>Sobre la sustituci\u00f3n de quienes ser\u00e1n despedidos, coment\u00f3 que un grupo que hizo la evaluaci\u00f3n para entrar a ser maestros qued\u00f3 en una especie de lista de espera, de acuerdo con la prelaci\u00f3n, y ser\u00e1n ellos quienes ocupen los lugares de los maestros dados de baja.<\/p>\n<p>\u201cEsto es un proceso que tomar\u00e1 algunos d\u00edas, muy pocos, para que podamos no afectar a los ni\u00f1os que se queden sin maestro y que muy r\u00e1pido tengan esta sustituci\u00f3n\u201d, explic\u00f3 Nu\u00f1o Mayer.<\/p>\n<p>Expuso que en este caso lo fundamental es cumplir con la ley y reiter\u00f3 que \u201cesos maestros, pese a haber tenido dos oportunidades, decidieron no acudir a la evaluaci\u00f3n, conforme lo marca la ley y as\u00ed lo tenemos que respetar, por eso est\u00e1n siendo dados de baja\u201d.<\/p>\n<p>El secretario de Educaci\u00f3n P\u00fablica hizo \u00e9nfasis en su compromiso de trabajar de manera muy r\u00e1pida para que est\u00e9n las sustituciones y los alumnos tengan la menor afectaci\u00f3n posible.<\/p>\n<p style=\"text-align: center;\"><strong>Sindicato reconoce a maestros que se evaluaron <\/strong><\/p>\n<p>El Sindicato Nacional de Trabajadores de la Educaci\u00f3n (SNTE) reconoci\u00f3 a 98 por ciento del personal que se evalu\u00f3, as\u00ed como al 85 por ciento que obtuvo buenas notas, y refrend\u00f3 su apoyo a la instrumentaci\u00f3n de la reforma educativa.<\/p>\n<p>&nbsp;<\/p>\n","protected":false},"excerpt":{"rendered":"<p><span style=\"color: #005497;\">Jos\u00e9 Luis Monta\u00f1ez<\/span><br \/>\n<br \/>\nEl despido de 3 mil 360 maestros, que tiene efecto a partir de ayer martes, es una decisi\u00f3n irrevocable, afirma el secretario de Educaci\u00f3n P\u00fablica, Aurelio Nu\u00f1o Mayer.<\/p>\n","protected":false},"author":5,"featured_media":258204,"comment_status":"open","ping_status":"open","sticky":false,"template":"","format":"standard","meta":{"_monsterinsights_skip_tracking":false,"_monsterinsights_sitenote_active":false,"_monsterinsights_sitenote_note":"","_monsterinsights_sitenote_category":0,"footnotes":""},"categories":[3],"tags":[30144,7947,46280,43673,459],"class_list":["post-258203","post","type-post","status-publish","format-standard","has-post-thumbnail","hentry","category-nacional","tag-aurelio-nuno-mayer","tag-despido","tag-evaluacion-docente","tag-nacional","tag-sep"],"_links":{"self":[{"href":"https:\/\/www.diarioimagen.net\/index.php?rest_route=\/wp\/v2\/posts\/258203","targetHints":{"allow":["GET"]}}],"collection":[{"href":"https:\/\/www.diarioimagen.net\/index.php?rest_route=\/wp\/v2\/posts"}],"about":[{"href":"https:\/\/www.diarioimagen.net\/index.php?rest_route=\/wp\/v2\/types\/post"}],"author":[{"embeddable":true,"href":"https:\/\/www.diarioimagen.net\/index.php?rest_route=\/wp\/v2\/users\/5"}],"replies":[{"embeddable":true,"href":"https:\/\/www.diarioimagen.net\/index.php?rest_route=%2Fwp%2Fv2%2Fcomments&post=258203"}],"version-history":[{"count":0,"href":"https:\/\/www.diarioimagen.net\/index.php?rest_route=\/wp\/v2\/posts\/258203\/revisions"}],"wp:featuredmedia":[{"embeddable":true,"href":"https:\/\/www.diarioimagen.net\/index.php?rest_route=\/wp\/v2\/media\/258204"}],"wp:attachment":[{"href":"https:\/\/www.diarioimagen.net\/index.php?rest_route=%2Fwp%2Fv2%2Fmedia&parent=258203"}],"wp:term":[{"taxonomy":"category","embeddable":true,"href":"https:\/\/www.diarioimagen.net\/index.php?rest_route=%2Fwp%2Fv2%2Fcategories&post=258203"},{"taxonomy":"post_tag","embeddable":true,"href":"https:\/\/www.diarioimagen.net\/index.php?rest_route=%2Fwp%2Fv2%2Ftags&post=258203"}],"curies":[{"name":"wp","href":"https:\/\/api.w.org\/{rel}","templated":true}]}}