{"id":258262,"date":"2016-03-02T00:04:22","date_gmt":"2016-03-02T06:04:22","guid":{"rendered":"http:\/\/www.diarioimagen.net\/?p=258262"},"modified":"2016-03-03T01:13:21","modified_gmt":"2016-03-03T07:13:21","slug":"epn-envia-propuestas-de-22-embajadores","status":"publish","type":"post","link":"https:\/\/www.diarioimagen.net\/?p=258262","title":{"rendered":"EPN env\u00eda propuestas de 22 embajadores"},"content":{"rendered":"<ul>\n<li><strong><em>Al Senado de la Rep\u00fablica<\/em><\/strong><\/li>\n<\/ul>\n<p>&nbsp;<\/p>\n<div id=\"attachment_258362\" style=\"width: 430px\" class=\"wp-caption aligncenter\"><a href=\"http:\/\/www.diarioimagen.net\/?attachment_id=258362\" rel=\"attachment wp-att-258362\"><img loading=\"lazy\" decoding=\"async\" aria-describedby=\"caption-attachment-258362\" class=\"size-large wp-image-258362\" src=\"http:\/\/www.diarioimagen.net\/wp-content\/uploads\/2016\/03\/epn-2816-420x236.jpg\" alt=\"El Senado de la Rep\u00fablica recibi\u00f3 una lista integrada por 22 propuestas de embajadores, representantes y c\u00f3nsules generales de M\u00e9xico para su ratificaci\u00f3n.\" width=\"420\" height=\"236\" srcset=\"https:\/\/www.diarioimagen.net\/wp-content\/uploads\/2016\/03\/epn-2816-420x236.jpg 420w, https:\/\/www.diarioimagen.net\/wp-content\/uploads\/2016\/03\/epn-2816-240x135.jpg 240w, https:\/\/www.diarioimagen.net\/wp-content\/uploads\/2016\/03\/epn-2816-235x132.jpg 235w, https:\/\/www.diarioimagen.net\/wp-content\/uploads\/2016\/03\/epn-2816-202x114.jpg 202w, https:\/\/www.diarioimagen.net\/wp-content\/uploads\/2016\/03\/epn-2816-350x196.jpg 350w, https:\/\/www.diarioimagen.net\/wp-content\/uploads\/2016\/03\/epn-2816-220x123.jpg 220w, https:\/\/www.diarioimagen.net\/wp-content\/uploads\/2016\/03\/epn-2816-237x132.jpg 237w, https:\/\/www.diarioimagen.net\/wp-content\/uploads\/2016\/03\/epn-2816.jpg 480w\" sizes=\"auto, (max-width: 420px) 100vw, 420px\" \/><\/a><p id=\"caption-attachment-258362\" class=\"wp-caption-text\">El Senado de la Rep\u00fablica recibi\u00f3 una lista integrada por 22 propuestas de embajadores, representantes y c\u00f3nsules generales de M\u00e9xico para su ratificaci\u00f3n.<\/p><\/div>\n<p>&nbsp;<\/p>\n<p>El presidente Enrique Pe\u00f1a Nieto envi\u00f3 al Senado de la Rep\u00fablica una lista integrada por 22 propuestas de embajadores, representantes y c\u00f3nsules generales de M\u00e9xico ante diversos pa\u00edses y organismos internacionales, para su ratificaci\u00f3n.<\/p>\n<p>Durante la sesi\u00f3n ordinaria se recibieron y turnaron a la Comisi\u00f3n de Relaciones Exteriores las propuestas, entre ellas las de Enrique Mart\u00ednez y Mart\u00ednez, ex titular de la Secretar\u00eda de Agricultura, como embajador de M\u00e9xico en Cuba.<\/p>\n<p>Tambi\u00e9n la de Diego Antonio G\u00f3mez Pickering, quien fung\u00eda como embajador extraordinario y plenipotenciario en Reino Unido, y ahora se plantea como c\u00f3nsul general de M\u00e9xico en Nueva York.<\/p>\n<p>El ex director general para Europa de la Secretar\u00eda de Relaciones Exteriores, Alejandro Negr\u00edn Mu\u00f1oz, fue postulado como embajador en Polonia; Jaime Virgilio Nualart S\u00e1nchez en el Reino de Tailandia, y Jos\u00e9 Eduardo Traslosheros Hern\u00e1ndez en Nueva Zelanda.<\/p>\n<p>En tanto que la ex c\u00f3nsul de M\u00e9xico en Hong Kong, Alicia Guadalupe Buenrostro Massieu, fue propuesta como titular de la embajada en Austria y representante permanente en los Organismos Internacionales, con sede en Viena.<\/p>\n<p>Andr\u00e9s Isaac Roemer Slomianski se convertir\u00eda en el representante de M\u00e9xico ante la Organizaci\u00f3n de las Naciones Unidas para la Educaci\u00f3n, la Ciencia y la Cultura (Unesco).<\/p>\n<p>Jes\u00fas Alberto L\u00f3pez Gonz\u00e1lez fue propuesto para encabezar la representaci\u00f3n diplom\u00e1tica en Surinam, Trinidad y Tobago, as\u00ed como representante permanente de M\u00e9xico ante la Asociaci\u00f3n de Estados del Caribe (AEC).<\/p>\n<p>La lista de propuestas para c\u00f3nsules generales est\u00e1 integrada por Margarita P\u00e9rez Villase\u00f1or, en Sao Paulo, Brasil; Carlos Ignacio Giralt Cabrales, en China; Francisco de la Torre Galindo, en Dallas, Texas; Francisco Javier D\u00edaz de Le\u00f3n, en Atlanta, Georgia.<\/p>\n<p>Claudia Franco Hijuelos fue propuesta como c\u00f3nsul en Phoenix, Arizona; Emilio Rabasa Gamboa, en Boston, Massachusetts; Marcos Antonio Augusto Bucio M\u00fajica, en El Paso, Texas, y Ricardo Santana Vel\u00e1zquez, en Nogales, Arizona.<\/p>\n<p>El Presidente propuso igualmente a Ana Berenice D\u00edaz Cevallos Parada como c\u00f3nsul general en Vancouver, Canad\u00e1; Gemi Jos\u00e9 Gonz\u00e1lez L\u00f3pez, en San Francisco, California; Mar\u00eda de los Remedios G\u00f3mez Arnau, en Raleigh, Carolina del Norte.<\/p>\n<p>Marcela Celorio Mancera fue propuesta para ocupar el consulado general en San Diego, California, y H\u00e9ctor Eduardo Velasco Monroy, en San Antonio, Texas, mientras que Luis Alfonso de Alba G\u00f3ngora ser\u00eda el nuevo representante de M\u00e9xico ante la Organizaci\u00f3n de Estados Americanos (OEA), con sede en Washington.<\/p>\n<p>&nbsp;<\/p>\n","protected":false},"excerpt":{"rendered":"<p>El presidente Enrique Pe\u00f1a Nieto envi\u00f3 al Senado de la Rep\u00fablica una lista integrada por 22 propuestas de embajadores, representantes y c\u00f3nsules generales de M\u00e9xico ante diversos pa\u00edses y organismos internacionales, para su ratificaci\u00f3n.<\/p>\n","protected":false},"author":3,"featured_media":258362,"comment_status":"open","ping_status":"open","sticky":false,"template":"","format":"standard","meta":{"_monsterinsights_skip_tracking":false,"_monsterinsights_sitenote_active":false,"_monsterinsights_sitenote_note":"","_monsterinsights_sitenote_category":0,"footnotes":""},"categories":[3],"tags":[22415,1716,29280,116],"class_list":["post-258262","post","type-post","status-publish","format-standard","has-post-thumbnail","hentry","category-nacional","tag-embajadores","tag-epn","tag-propuesta","tag-senado-de-la-republica"],"_links":{"self":[{"href":"https:\/\/www.diarioimagen.net\/index.php?rest_route=\/wp\/v2\/posts\/258262","targetHints":{"allow":["GET"]}}],"collection":[{"href":"https:\/\/www.diarioimagen.net\/index.php?rest_route=\/wp\/v2\/posts"}],"about":[{"href":"https:\/\/www.diarioimagen.net\/index.php?rest_route=\/wp\/v2\/types\/post"}],"author":[{"embeddable":true,"href":"https:\/\/www.diarioimagen.net\/index.php?rest_route=\/wp\/v2\/users\/3"}],"replies":[{"embeddable":true,"href":"https:\/\/www.diarioimagen.net\/index.php?rest_route=%2Fwp%2Fv2%2Fcomments&post=258262"}],"version-history":[{"count":0,"href":"https:\/\/www.diarioimagen.net\/index.php?rest_route=\/wp\/v2\/posts\/258262\/revisions"}],"wp:featuredmedia":[{"embeddable":true,"href":"https:\/\/www.diarioimagen.net\/index.php?rest_route=\/wp\/v2\/media\/258362"}],"wp:attachment":[{"href":"https:\/\/www.diarioimagen.net\/index.php?rest_route=%2Fwp%2Fv2%2Fmedia&parent=258262"}],"wp:term":[{"taxonomy":"category","embeddable":true,"href":"https:\/\/www.diarioimagen.net\/index.php?rest_route=%2Fwp%2Fv2%2Fcategories&post=258262"},{"taxonomy":"post_tag","embeddable":true,"href":"https:\/\/www.diarioimagen.net\/index.php?rest_route=%2Fwp%2Fv2%2Ftags&post=258262"}],"curies":[{"name":"wp","href":"https:\/\/api.w.org\/{rel}","templated":true}]}}