{"id":258265,"date":"2016-03-02T00:07:07","date_gmt":"2016-03-02T06:07:07","guid":{"rendered":"http:\/\/www.diarioimagen.net\/?p=258265"},"modified":"2016-03-03T01:13:36","modified_gmt":"2016-03-03T07:13:36","slug":"destacan-superavit-de-mexico-en-comercio-agroalimentario","status":"publish","type":"post","link":"https:\/\/www.diarioimagen.net\/?p=258265","title":{"rendered":"Destacan super\u00e1vit de M\u00e9xico en comercio agroalimentario"},"content":{"rendered":"<ul>\n<li><strong><em>Por mil 289 millones de d\u00f3lares<\/em><\/strong><\/li>\n<\/ul>\n<p>&nbsp;<\/p>\n<div id=\"attachment_258365\" style=\"width: 430px\" class=\"wp-caption aligncenter\"><a href=\"http:\/\/www.diarioimagen.net\/?attachment_id=258365\" rel=\"attachment wp-att-258365\"><img loading=\"lazy\" decoding=\"async\" aria-describedby=\"caption-attachment-258365\" class=\"size-large wp-image-258365\" src=\"http:\/\/www.diarioimagen.net\/wp-content\/uploads\/2016\/03\/epn-fao-2816-420x236.jpg\" alt=\"Enrique Pe\u00f1a Nieto, durante la inauguraci\u00f3n de la XXXIV Conferencia Regional de la FAO para Am\u00e9rica Latina y el Caribe.\" width=\"420\" height=\"236\" srcset=\"https:\/\/www.diarioimagen.net\/wp-content\/uploads\/2016\/03\/epn-fao-2816-420x236.jpg 420w, https:\/\/www.diarioimagen.net\/wp-content\/uploads\/2016\/03\/epn-fao-2816-240x135.jpg 240w, https:\/\/www.diarioimagen.net\/wp-content\/uploads\/2016\/03\/epn-fao-2816-235x132.jpg 235w, https:\/\/www.diarioimagen.net\/wp-content\/uploads\/2016\/03\/epn-fao-2816-202x114.jpg 202w, https:\/\/www.diarioimagen.net\/wp-content\/uploads\/2016\/03\/epn-fao-2816-350x196.jpg 350w, https:\/\/www.diarioimagen.net\/wp-content\/uploads\/2016\/03\/epn-fao-2816-220x123.jpg 220w, https:\/\/www.diarioimagen.net\/wp-content\/uploads\/2016\/03\/epn-fao-2816-237x132.jpg 237w, https:\/\/www.diarioimagen.net\/wp-content\/uploads\/2016\/03\/epn-fao-2816.jpg 480w\" sizes=\"auto, (max-width: 420px) 100vw, 420px\" \/><\/a><p id=\"caption-attachment-258365\" class=\"wp-caption-text\">Enrique Pe\u00f1a Nieto, durante la inauguraci\u00f3n de la XXXIV Conferencia Regional de la FAO para Am\u00e9rica Latina y el Caribe.<\/p><\/div>\n<p>&nbsp;<\/p>\n<p>Por primera vez en 20 a\u00f1os, la balanza comercial en el sector agroalimentario present\u00f3 un super\u00e1vit al cierre del 2015, por mil 289 millones de d\u00f3lares, destac\u00f3 el presidente Enrique Pe\u00f1a Nieto.<\/p>\n<p>\u201cCabe se\u00f1alar que desde hace 20 a\u00f1os esta balanza hab\u00eda sido negativa\u201d, enfatiz\u00f3 el mandatario durante la inauguraci\u00f3n de la XXXIV Conferencia Regional de la FAO para Am\u00e9rica Latina y el Caribe.<\/p>\n<p>Dijo que esta cifra fue posible gracias al aumento de las exportaciones, como resultado de pol\u00edticas, programas y acciones que han logrado que M\u00e9xico incremente de manera sustancial su productividad agr\u00edcola.<\/p>\n<p>\u201cEn 2015 las exportaciones agroalimentarias ascendieron a 26 mil 373 millones de d\u00f3lares, superando en 16.6 por ciento a las registradas al inicio de la administraci\u00f3n\u201d, afirm\u00f3 Pe\u00f1a Nieto, acompa\u00f1ado por el director general de la Organizaci\u00f3n para la Agricultura y la Alimentaci\u00f3n (FAO), Jos\u00e9 Graziano da Silva.<\/p>\n<p>\u201cEstas cifras reflejan que en M\u00e9xico se est\u00e1 consolidando un sector rural moderno y m\u00e1s productivo, que contribuye a generar desarrollo en las diversas regiones del pa\u00eds y a asegurar el pleno ejercicio del derecho humano a la alimentaci\u00f3n\u201d, sostuvo.<\/p>\n<p>Asever\u00f3 que los programas que se han implementado en los primeros tres a\u00f1os de su administraci\u00f3n, promueven una verdadera transformaci\u00f3n del campo, centrada en los peque\u00f1os productores y la agricultura familiar, facilitando su inserci\u00f3n en los mercados locales y regionales.<\/p>\n<p>Ante ministros y viceministros de los pa\u00edses de Am\u00e9rica Latina y el Caribe, Pe\u00f1a Nieto destac\u00f3 que esta regi\u00f3n es la \u00fanica del mundo que alcanz\u00f3 las metas establecidas, en los Objetivos de Desarrollo del Milenio.<\/p>\n<p>Logramos reducir a menos de la mitad, el porcentaje de personas que padecen hambre; al pasar de 15.3 por ciento en el trienio 1990-1992, a 6.1 por ciento en el trienio 2012-2014.<\/p>\n<p>De igual forma, cumplimos las metas de la Cumbre Mundial de la Alimentaci\u00f3n, al disminuir la prevalencia de subalimentaci\u00f3n en m\u00e1s de nueve puntos porcentuales, al pasar de 14.7 por ciento a principios de los noventa, a 5.5 por ciento a mediados de esta d\u00e9cada.<\/p>\n<p>Subray\u00f3 que si bien estos avances son relevantes, no se puede ignorar que en la regi\u00f3n, conforme a las m\u00e1s recientes cifras de la FAO, a\u00fan hay 34 millones de personas que padecen hambre, y para superar esta condici\u00f3n, es necesario mantener y profundizar los programas sociales eficaces.<\/p>\n<p>Asimismo, es indispensable asegurar una mayor producci\u00f3n y disponibilidad de alimentos, y para lograrlo, como en cualquier actividad econ\u00f3mica, la clave es la productividad, concluy\u00f3.<\/p>\n<p>Sobre las acciones en M\u00e9xico, expuso que m\u00e1s de un mill\u00f3n 200 mil peque\u00f1os agricultores reciben paquetes tecnol\u00f3gicos para aumentar los rendimientos de su cosecha de ma\u00edz y frijol; y para mejorar el rendimiento de las tierras, se incorpor\u00f3 el riego tecnificado en 420 mil hect\u00e1reas, que constituye cerca del 90 por ciento de la meta sexenal.<\/p>\n<p>De igual manera, con la Cruzada Nacional contra el Hambre, m\u00e1s de 746 mil personas tienen acceso a una alimentaci\u00f3n adecuada, en alguno de los casi ocho mil comedores comunitarios instalados en las comunidades m\u00e1s vulnerables, apunt\u00f3.<\/p>\n<p>Asimismo, destac\u00f3 que m\u00e1s de 580 mil familias pueden adquirir productos b\u00e1sicos a precios preferentes, con la Tarjeta sin Hambre, y cerca de siete millones de familias est\u00e1n afiliadas al Programa de Inclusi\u00f3n Social Prospera que ahora ofrece cr\u00e9ditos, apoyo y asesor\u00eda para proyectos productivos, as\u00ed como becas universitarias.<\/p>\n<p>&nbsp;<\/p>\n","protected":false},"excerpt":{"rendered":"<p>Por primera vez en 20 a\u00f1os, la balanza comercial en el sector agroalimentario present\u00f3 un super\u00e1vit al cierre del 2015, por mil 289 millones de d\u00f3lares, destac\u00f3 el presidente Enrique Pe\u00f1a Nieto.<\/p>\n","protected":false},"author":3,"featured_media":258365,"comment_status":"open","ping_status":"open","sticky":false,"template":"","format":"standard","meta":{"_monsterinsights_skip_tracking":false,"_monsterinsights_sitenote_active":false,"_monsterinsights_sitenote_note":"","_monsterinsights_sitenote_category":0,"footnotes":""},"categories":[3],"tags":[18,44,43673,31103],"class_list":["post-258265","post","type-post","status-publish","format-standard","has-post-thumbnail","hentry","category-nacional","tag-enrique-pena-nieto","tag-mexico","tag-nacional","tag-superavit"],"_links":{"self":[{"href":"https:\/\/www.diarioimagen.net\/index.php?rest_route=\/wp\/v2\/posts\/258265","targetHints":{"allow":["GET"]}}],"collection":[{"href":"https:\/\/www.diarioimagen.net\/index.php?rest_route=\/wp\/v2\/posts"}],"about":[{"href":"https:\/\/www.diarioimagen.net\/index.php?rest_route=\/wp\/v2\/types\/post"}],"author":[{"embeddable":true,"href":"https:\/\/www.diarioimagen.net\/index.php?rest_route=\/wp\/v2\/users\/3"}],"replies":[{"embeddable":true,"href":"https:\/\/www.diarioimagen.net\/index.php?rest_route=%2Fwp%2Fv2%2Fcomments&post=258265"}],"version-history":[{"count":0,"href":"https:\/\/www.diarioimagen.net\/index.php?rest_route=\/wp\/v2\/posts\/258265\/revisions"}],"wp:featuredmedia":[{"embeddable":true,"href":"https:\/\/www.diarioimagen.net\/index.php?rest_route=\/wp\/v2\/media\/258365"}],"wp:attachment":[{"href":"https:\/\/www.diarioimagen.net\/index.php?rest_route=%2Fwp%2Fv2%2Fmedia&parent=258265"}],"wp:term":[{"taxonomy":"category","embeddable":true,"href":"https:\/\/www.diarioimagen.net\/index.php?rest_route=%2Fwp%2Fv2%2Fcategories&post=258265"},{"taxonomy":"post_tag","embeddable":true,"href":"https:\/\/www.diarioimagen.net\/index.php?rest_route=%2Fwp%2Fv2%2Ftags&post=258265"}],"curies":[{"name":"wp","href":"https:\/\/api.w.org\/{rel}","templated":true}]}}