{"id":258293,"date":"2016-03-02T00:03:58","date_gmt":"2016-03-02T06:03:58","guid":{"rendered":"http:\/\/www.diarioimagen.net\/?p=258293"},"modified":"2016-03-02T06:31:56","modified_gmt":"2016-03-02T12:31:56","slug":"tri-sub-17-y-sub-18-cierran-gira-en-qatar-con-goleadas","status":"publish","type":"post","link":"https:\/\/www.diarioimagen.net\/?p=258293","title":{"rendered":"Tri Sub-17 y Sub-18 cierran gira en Qatar con goleadas"},"content":{"rendered":"<p><a href=\"http:\/\/www.diarioimagen.net\/?attachment_id=258386\" rel=\"attachment wp-att-258386\"><img loading=\"lazy\" decoding=\"async\" class=\"aligncenter size-large wp-image-258386\" src=\"http:\/\/www.diarioimagen.net\/wp-content\/uploads\/2016\/03\/deportes-2816-420x280.jpg\" alt=\"deportes-2816\" width=\"420\" height=\"280\" srcset=\"https:\/\/www.diarioimagen.net\/wp-content\/uploads\/2016\/03\/deportes-2816-420x280.jpg 420w, https:\/\/www.diarioimagen.net\/wp-content\/uploads\/2016\/03\/deportes-2816-240x160.jpg 240w, https:\/\/www.diarioimagen.net\/wp-content\/uploads\/2016\/03\/deportes-2816.jpg 700w\" sizes=\"auto, (max-width: 420px) 100vw, 420px\" \/><\/a><\/p>\n<p>&nbsp;<\/p>\n<p>Las selecciones mexicanas de futbol de las categor\u00edas Sub-17 y Sub-18, golearon al equipo Saprissa de Costa Rica, de manera respectiva, en lo que fue el cierre de su gira que realizaron en Qatar. El conjunto Sub-17, que dirige Mario Arteaga, dio cuenta 7-0 del cuadro centroamericano, con anotaciones de Roberto de la Rosa en tres ocasiones, Luis S\u00e1enz marc\u00f3 un doblete, en tanto que Jairo Torres y Luis Olivas cerraron la cuenta.<\/p>\n<p>A su vez, el cuadro Sub-18, bajo el mando de Juan Carlos Ortega venci\u00f3 7-1 al cuadro \u201ctico\u201d con anotaciones de Erick S\u00e1nchez en cuatro ocasiones, as\u00ed como de Paolo Medina, Diego Hern\u00e1ndez y Edgar L\u00f3pez. Estas escuadras nacionales ven\u00edan de vencer al equipo Aspite en ambas categor\u00edas, por marcadores de 3-0 y 3-1, respectivamente.<\/p>\n","protected":false},"excerpt":{"rendered":"<p>Las selecciones mexicanas de futbol de las categor\u00edas Sub-17 y Sub-18, golearon al equipo Saprissa de Costa Rica, de manera respectiva, en lo que fue el cierre de su gira que realizaron en Qatar. El conjunto Sub-17, que dirige Mario Arteaga, dio cuenta 7-0 del cuadro centroamericano, con anotaciones de Roberto de la Rosa en tres ocasiones, Luis S\u00e1enz marc\u00f3 un doblete, en tanto que Jairo Torres y Luis Olivas cerraron la cuenta.<\/p>\n","protected":false},"author":3,"featured_media":258386,"comment_status":"open","ping_status":"open","sticky":false,"template":"","format":"standard","meta":{"_monsterinsights_skip_tracking":false,"_monsterinsights_sitenote_active":false,"_monsterinsights_sitenote_note":"","_monsterinsights_sitenote_category":0,"footnotes":""},"categories":[10],"tags":[43680,11803,2825],"class_list":["post-258293","post","type-post","status-publish","format-standard","has-post-thumbnail","hentry","category-deportes","tag-deportes","tag-sub-17","tag-tri"],"_links":{"self":[{"href":"https:\/\/www.diarioimagen.net\/index.php?rest_route=\/wp\/v2\/posts\/258293","targetHints":{"allow":["GET"]}}],"collection":[{"href":"https:\/\/www.diarioimagen.net\/index.php?rest_route=\/wp\/v2\/posts"}],"about":[{"href":"https:\/\/www.diarioimagen.net\/index.php?rest_route=\/wp\/v2\/types\/post"}],"author":[{"embeddable":true,"href":"https:\/\/www.diarioimagen.net\/index.php?rest_route=\/wp\/v2\/users\/3"}],"replies":[{"embeddable":true,"href":"https:\/\/www.diarioimagen.net\/index.php?rest_route=%2Fwp%2Fv2%2Fcomments&post=258293"}],"version-history":[{"count":0,"href":"https:\/\/www.diarioimagen.net\/index.php?rest_route=\/wp\/v2\/posts\/258293\/revisions"}],"wp:featuredmedia":[{"embeddable":true,"href":"https:\/\/www.diarioimagen.net\/index.php?rest_route=\/wp\/v2\/media\/258386"}],"wp:attachment":[{"href":"https:\/\/www.diarioimagen.net\/index.php?rest_route=%2Fwp%2Fv2%2Fmedia&parent=258293"}],"wp:term":[{"taxonomy":"category","embeddable":true,"href":"https:\/\/www.diarioimagen.net\/index.php?rest_route=%2Fwp%2Fv2%2Fcategories&post=258293"},{"taxonomy":"post_tag","embeddable":true,"href":"https:\/\/www.diarioimagen.net\/index.php?rest_route=%2Fwp%2Fv2%2Ftags&post=258293"}],"curies":[{"name":"wp","href":"https:\/\/api.w.org\/{rel}","templated":true}]}}