{"id":258345,"date":"2016-03-02T00:02:55","date_gmt":"2016-03-02T06:02:55","guid":{"rendered":"http:\/\/www.diarioimagen.net\/?p=258345"},"modified":"2016-03-03T01:13:10","modified_gmt":"2016-03-03T07:13:10","slug":"descartan-que-alza-en-tasas-impacte-en-hipotecas","status":"publish","type":"post","link":"https:\/\/www.diarioimagen.net\/?p=258345","title":{"rendered":"Descartan que alza en tasas impacte en hipotecas"},"content":{"rendered":"<ul>\n<li><strong><em>En corto plazo<\/em><\/strong><\/li>\n<\/ul>\n<p>&nbsp;<\/p>\n<p><a href=\"http:\/\/www.diarioimagen.net\/?attachment_id=258371\" rel=\"attachment wp-att-258371\"><img loading=\"lazy\" decoding=\"async\" class=\"aligncenter size-large wp-image-258371\" src=\"http:\/\/www.diarioimagen.net\/wp-content\/uploads\/2016\/03\/hipotecas-2816-420x236.jpg\" alt=\"hipotecas-2816\" width=\"420\" height=\"236\" srcset=\"https:\/\/www.diarioimagen.net\/wp-content\/uploads\/2016\/03\/hipotecas-2816-420x236.jpg 420w, https:\/\/www.diarioimagen.net\/wp-content\/uploads\/2016\/03\/hipotecas-2816-240x135.jpg 240w, https:\/\/www.diarioimagen.net\/wp-content\/uploads\/2016\/03\/hipotecas-2816-235x132.jpg 235w, https:\/\/www.diarioimagen.net\/wp-content\/uploads\/2016\/03\/hipotecas-2816-202x114.jpg 202w, https:\/\/www.diarioimagen.net\/wp-content\/uploads\/2016\/03\/hipotecas-2816-350x196.jpg 350w, https:\/\/www.diarioimagen.net\/wp-content\/uploads\/2016\/03\/hipotecas-2816-220x123.jpg 220w, https:\/\/www.diarioimagen.net\/wp-content\/uploads\/2016\/03\/hipotecas-2816-237x132.jpg 237w, https:\/\/www.diarioimagen.net\/wp-content\/uploads\/2016\/03\/hipotecas-2816.jpg 480w\" sizes=\"auto, (max-width: 420px) 100vw, 420px\" \/><\/a><\/p>\n<p>&nbsp;<\/p>\n<p>El incremento en la tasa de referencia de 50 puntos base del Banco de M\u00e9xico (Banxico) no tendr\u00e1 un efecto importante en los cr\u00e9ditos de largo plazo como los hipotecarios, estim\u00f3 el director general del Grupo Financiero BX+, Tom\u00e1s Ehrenberg Aldford.<\/p>\n<p>\u201cDesde el punto de vista del efecto en el cr\u00e9dito, s\u00f3lo aquello que se fondea muy de corto plazo pudiera tener alg\u00fan efecto (&#8230;) Sin embargo, una parte importante del cr\u00e9ditos que se financian a largo plazo y las hipotecas son un buen ejemplo, realmente no ha habido a\u00fan ning\u00fan efecto y no veo que suceda en el corto plazo, a menos de que sigamos una tendencia de subida en las tasas\u201d, dijo.<\/p>\n<p>As\u00ed, se\u00f1al\u00f3, \u201choy por hoy, las tasas a los clientes en hipotecas no han cambiado nada, porque el fondeo de largo plazo se qued\u00f3 o estable o incluso baj\u00f3\u201d, indic\u00f3 en conferencia de prensa en la que el grupo financiero present\u00f3 su nueva cuenta transaccional BX+ Beneficios.<\/p>\n<p>Explic\u00f3 que el incremento de la tasa del Banxico busca que la volatilidad del tipo de cambio no se traspase a la inflaci\u00f3n, mientras que el alza en la tasa de referencia de la Reserva Federal de Estados Unidos se dio ante una mejora en la econom\u00eda.<\/p>\n<p>En ese sentido, coment\u00f3 que la depreciaci\u00f3n que mostr\u00f3 el tipo de cambio en los \u00faltimos meses \u201ctambi\u00e9n tiene su lado positivo\u201d, debido a que existen exportadores que observan beneficios, adem\u00e1s de sectores como el turismo.<\/p>\n<p>A su vez, consider\u00f3 que \u201cla volatilidad tender\u00e1 a estabilizarse (&#8230;) el precio del petr\u00f3leo eventualmente recuperar\u00e1 parte de su precio\u201d, pues el nivel de 33.50 d\u00f3lares por barril del West Texas Intermediate (WTI) reportado este lunes no puede sostenerse, por lo que el precio se recuperar\u00e1.<\/p>\n<p>El directivo expuso que el cr\u00e9dito en M\u00e9xico tuvo un crecimiento de 15 por ciento durante 2015 y lo que hay detr\u00e1s de este desempe\u00f1o son mayores inversiones que se traducir\u00e1n en beneficios, lo que hace que el pa\u00eds tenga un mejor dinamismo que otras naciones.<\/p>\n<p>Ehrenberg Aldford indic\u00f3 que se mantienen positivas las expectativas de esta instituci\u00f3n financiera para este a\u00f1o; ello, luego de que en 2015 tuvo un crecimiento de su cartera de 48 por ciento, cifra superior al 15 por ciento que tuvo el mercado. \u201cEste a\u00f1o pretendemos crecer 35 por ciento m\u00e1s\u201d.<\/p>\n<p>A\u00f1adi\u00f3 que el banco tuvo un crecimiento en dep\u00f3sitos de 52 por ciento, mientras que el mercado tuvo un avance de 12 por ciento \u201cy este a\u00f1o como m\u00ednimo tendremos 25 por ciento\u201d.<\/p>\n<p>\u201cYo creo que este a\u00f1o el crecimiento del cr\u00e9dito del Sistema Financiero va a ser muy similar que el del a\u00f1o pasado\u201d, cuando mostr\u00f3 un crecimiento de 15 por ciento, mientras que la econom\u00eda mexicana mostr\u00f3 un avance de 2.5 por ciento.<\/p>\n","protected":false},"excerpt":{"rendered":"<p>El incremento en la tasa de referencia de 50 puntos base del Banco de M\u00e9xico (Banxico) no tendr\u00e1 un efecto importante en los cr\u00e9ditos de largo plazo como los hipotecarios, estim\u00f3 el director general del Grupo Financiero BX+, Tom\u00e1s Ehrenberg Aldford.<\/p>\n","protected":false},"author":3,"featured_media":258371,"comment_status":"open","ping_status":"open","sticky":false,"template":"","format":"standard","meta":{"_monsterinsights_skip_tracking":false,"_monsterinsights_sitenote_active":false,"_monsterinsights_sitenote_note":"","_monsterinsights_sitenote_category":0,"footnotes":""},"categories":[8],"tags":[8498,43678,43673],"class_list":["post-258345","post","type-post","status-publish","format-standard","has-post-thumbnail","hentry","category-finanzas","tag-credito","tag-finanzas","tag-nacional"],"_links":{"self":[{"href":"https:\/\/www.diarioimagen.net\/index.php?rest_route=\/wp\/v2\/posts\/258345","targetHints":{"allow":["GET"]}}],"collection":[{"href":"https:\/\/www.diarioimagen.net\/index.php?rest_route=\/wp\/v2\/posts"}],"about":[{"href":"https:\/\/www.diarioimagen.net\/index.php?rest_route=\/wp\/v2\/types\/post"}],"author":[{"embeddable":true,"href":"https:\/\/www.diarioimagen.net\/index.php?rest_route=\/wp\/v2\/users\/3"}],"replies":[{"embeddable":true,"href":"https:\/\/www.diarioimagen.net\/index.php?rest_route=%2Fwp%2Fv2%2Fcomments&post=258345"}],"version-history":[{"count":0,"href":"https:\/\/www.diarioimagen.net\/index.php?rest_route=\/wp\/v2\/posts\/258345\/revisions"}],"wp:featuredmedia":[{"embeddable":true,"href":"https:\/\/www.diarioimagen.net\/index.php?rest_route=\/wp\/v2\/media\/258371"}],"wp:attachment":[{"href":"https:\/\/www.diarioimagen.net\/index.php?rest_route=%2Fwp%2Fv2%2Fmedia&parent=258345"}],"wp:term":[{"taxonomy":"category","embeddable":true,"href":"https:\/\/www.diarioimagen.net\/index.php?rest_route=%2Fwp%2Fv2%2Fcategories&post=258345"},{"taxonomy":"post_tag","embeddable":true,"href":"https:\/\/www.diarioimagen.net\/index.php?rest_route=%2Fwp%2Fv2%2Ftags&post=258345"}],"curies":[{"name":"wp","href":"https:\/\/api.w.org\/{rel}","templated":true}]}}