{"id":258403,"date":"2016-03-03T00:09:46","date_gmt":"2016-03-03T06:09:46","guid":{"rendered":"http:\/\/www.diarioimagen.net\/?p=258403"},"modified":"2016-03-03T01:43:56","modified_gmt":"2016-03-03T07:43:56","slug":"universidades-deben-ser-motor-de-cambio-nuno-mayer","status":"publish","type":"post","link":"https:\/\/www.diarioimagen.net\/?p=258403","title":{"rendered":"Universidades deben ser motor de cambio: Nu\u00f1o"},"content":{"rendered":"<ul>\n<li><strong><em>Debate sobre nuevo marco legal<\/em><\/strong><\/li>\n<\/ul>\n<p>&nbsp;<\/p>\n<div id=\"attachment_258404\" style=\"width: 430px\" class=\"wp-caption aligncenter\"><a href=\"http:\/\/www.diarioimagen.net\/?attachment_id=258404\" rel=\"attachment wp-att-258404\"><img loading=\"lazy\" decoding=\"async\" aria-describedby=\"caption-attachment-258404\" class=\"wp-image-258404 size-large\" src=\"http:\/\/www.diarioimagen.net\/wp-content\/uploads\/2016\/03\/NU\u00d1O-portal-1-420x245.jpg\" alt=\"El secretario de Educaci\u00f3n, Aurelio Nu\u00f1o Mayer particip\u00f3 en el foro La Legislaci\u00f3n Mexicana de Educaci\u00f3n Superior, en las antiguas instalaciones del Senado de la Rep\u00fablica.\" width=\"420\" height=\"245\" srcset=\"https:\/\/www.diarioimagen.net\/wp-content\/uploads\/2016\/03\/NU\u00d1O-portal-1-420x245.jpg 420w, https:\/\/www.diarioimagen.net\/wp-content\/uploads\/2016\/03\/NU\u00d1O-portal-1-240x140.jpg 240w, https:\/\/www.diarioimagen.net\/wp-content\/uploads\/2016\/03\/NU\u00d1O-portal-1.jpg 480w\" sizes=\"auto, (max-width: 420px) 100vw, 420px\" \/><\/a><p id=\"caption-attachment-258404\" class=\"wp-caption-text\">El secretario de Educaci\u00f3n, Aurelio Nu\u00f1o Mayer, particip\u00f3 en el foro La Legislaci\u00f3n Mexicana de Educaci\u00f3n Superior, en las antiguas instalaciones del Senado de la Rep\u00fablica.<\/p><\/div>\n<p>&nbsp;<\/p>\n<p>Las universidades adem\u00e1s de ser motores en la transformaci\u00f3n deben ser sujetas de cambio, afirm\u00f3 Aurelio Nu\u00f1o Mayer, titular de la Secretar\u00eda de Educaci\u00f3n P\u00fablica (SEP).<\/p>\n<p>Por ello, el funcionario federal celebr\u00f3 que rectores, legisladores y especialistas debatan sobre el nuevo marco legal de la educaci\u00f3n superior.<\/p>\n<p>Esta transformaci\u00f3n de la educaci\u00f3n superior, asegur\u00f3 Nu\u00f1o Mayer, requiere atender los seis grandes retos de este nivel educativo: cobertura, calidad, equidad, investigaci\u00f3n cient\u00edfica y desarrollo tecnol\u00f3gico, vinculaci\u00f3n con el mercado laboral y financiamiento.<\/p>\n<p>\u201cEn este proceso de profunda transformaci\u00f3n que est\u00e1 viviendo este sistema educativo que tenemos, la educaci\u00f3n superior es absolutamente fundamental\u201d, dijo y estableci\u00f3 seis temas concretos sobre los que se deber\u00e1 analizar el marco legal id\u00f3neo de este nivel de estudios.<\/p>\n<p>Al participar en el foro La Legislaci\u00f3n Mexicana de Educaci\u00f3n Superior, en las antiguas instalaciones del Senado de la Rep\u00fablica, expuso que es momento de que el gobierno federal, legisladores, universidades y expertos se sienten a platicar sobre el particular.<\/p>\n<p>Destac\u00f3 que los temas incluyen la cobertura, porque si bien como pa\u00eds se ha tenido un avance importante y hoy esta cifra llega a 35 por ciento -tres puntos en lo que va de esta administraci\u00f3n- se necesita acelerar el proceso.<\/p>\n<p>\u201cNecesitamos tener una meta de mediano plazo para que como pa\u00eds lleguemos pronto a una cobertura de 50 por ciento, como es el promedio de los pa\u00edses de la OCDE. Y es algo que tenemos que platicar, destac\u00f3, porque requiere un gran esfuerzo del Estado Mexicano\u201d, mencion\u00f3.<\/p>\n<p>Adem\u00e1s, precisamos que la cobertura sea con mayor equidad, porque hoy hay que reconocer que la mayor\u00eda de los j\u00f3venes que llegan a la educaci\u00f3n superior pertenecen a familias que se encuentran en los deciles m\u00e1s altos de ingreso.<\/p>\n<p>\u201cNecesitamos que los j\u00f3venes de familias menos favorecidas tambi\u00e9n lleguen a la universidad\u201d, expuso el funcionario federal.<\/p>\n<p>Este, coment\u00f3, es un esfuerzo de todo el sistema educativo, no s\u00f3lo de la educaci\u00f3n superior, pero hay que trabajar juntos.<\/p>\n<p>Asimismo, indic\u00f3 que se debe seguir mejorando la calidad de lo que se ense\u00f1a en las universidades del pa\u00eds. \u201cQue empiecen a converger en niveles m\u00e1s igualitarios y con capacidad de llevar educaci\u00f3n de calidad\u201d.<\/p>\n","protected":false},"excerpt":{"rendered":"<p>Las universidades adem\u00e1s de ser motores en la transformaci\u00f3n deben ser sujetas de cambio, afirm\u00f3 Aurelio Nu\u00f1o Mayer, titular de la Secretar\u00eda de Educaci\u00f3n P\u00fablica (SEP). Por ello, el funcionario federal celebr\u00f3 que rectores, legisladores y especialistas debatan sobre el nuevo marco legal de la educaci\u00f3n superior.<\/p>\n","protected":false},"author":5,"featured_media":258404,"comment_status":"open","ping_status":"open","sticky":false,"template":"","format":"standard","meta":{"_monsterinsights_skip_tracking":false,"_monsterinsights_sitenote_active":false,"_monsterinsights_sitenote_note":"","_monsterinsights_sitenote_category":0,"footnotes":""},"categories":[3],"tags":[30144,33741,43673,459],"class_list":["post-258403","post","type-post","status-publish","format-standard","has-post-thumbnail","hentry","category-nacional","tag-aurelio-nuno-mayer","tag-cambio","tag-nacional","tag-sep"],"_links":{"self":[{"href":"https:\/\/www.diarioimagen.net\/index.php?rest_route=\/wp\/v2\/posts\/258403","targetHints":{"allow":["GET"]}}],"collection":[{"href":"https:\/\/www.diarioimagen.net\/index.php?rest_route=\/wp\/v2\/posts"}],"about":[{"href":"https:\/\/www.diarioimagen.net\/index.php?rest_route=\/wp\/v2\/types\/post"}],"author":[{"embeddable":true,"href":"https:\/\/www.diarioimagen.net\/index.php?rest_route=\/wp\/v2\/users\/5"}],"replies":[{"embeddable":true,"href":"https:\/\/www.diarioimagen.net\/index.php?rest_route=%2Fwp%2Fv2%2Fcomments&post=258403"}],"version-history":[{"count":0,"href":"https:\/\/www.diarioimagen.net\/index.php?rest_route=\/wp\/v2\/posts\/258403\/revisions"}],"wp:featuredmedia":[{"embeddable":true,"href":"https:\/\/www.diarioimagen.net\/index.php?rest_route=\/wp\/v2\/media\/258404"}],"wp:attachment":[{"href":"https:\/\/www.diarioimagen.net\/index.php?rest_route=%2Fwp%2Fv2%2Fmedia&parent=258403"}],"wp:term":[{"taxonomy":"category","embeddable":true,"href":"https:\/\/www.diarioimagen.net\/index.php?rest_route=%2Fwp%2Fv2%2Fcategories&post=258403"},{"taxonomy":"post_tag","embeddable":true,"href":"https:\/\/www.diarioimagen.net\/index.php?rest_route=%2Fwp%2Fv2%2Ftags&post=258403"}],"curies":[{"name":"wp","href":"https:\/\/api.w.org\/{rel}","templated":true}]}}