{"id":258457,"date":"2016-03-03T00:03:25","date_gmt":"2016-03-03T06:03:25","guid":{"rendered":"http:\/\/www.diarioimagen.net\/?p=258457"},"modified":"2016-03-03T02:42:55","modified_gmt":"2016-03-03T08:42:55","slug":"coacalco-duplica-ingresos-propios-erwin-castelan","status":"publish","type":"post","link":"https:\/\/www.diarioimagen.net\/?p=258457","title":{"rendered":"Coacalco duplica ingresos propios: Erwin Castel\u00e1n"},"content":{"rendered":"<ul>\n<li><strong><em>Pago de predial se increment\u00f3 al doble<\/em><\/strong><\/li>\n<\/ul>\n<p>&nbsp;<\/p>\n<div id=\"attachment_258538\" style=\"width: 430px\" class=\"wp-caption aligncenter\"><a href=\"http:\/\/www.diarioimagen.net\/?attachment_id=258538\" rel=\"attachment wp-att-258538\"><img loading=\"lazy\" decoding=\"async\" aria-describedby=\"caption-attachment-258538\" class=\"size-large wp-image-258538\" src=\"http:\/\/www.diarioimagen.net\/wp-content\/uploads\/2016\/03\/COACALCO-2817-420x236.jpg\" alt=\"Erwin Castel\u00e1n, alcalde de Coacalco, inform\u00f3 sobre los incrementos al impuesto predial, cobrados por su administraci\u00f3n.\" width=\"420\" height=\"236\" srcset=\"https:\/\/www.diarioimagen.net\/wp-content\/uploads\/2016\/03\/COACALCO-2817-420x236.jpg 420w, https:\/\/www.diarioimagen.net\/wp-content\/uploads\/2016\/03\/COACALCO-2817-240x135.jpg 240w, https:\/\/www.diarioimagen.net\/wp-content\/uploads\/2016\/03\/COACALCO-2817-235x132.jpg 235w, https:\/\/www.diarioimagen.net\/wp-content\/uploads\/2016\/03\/COACALCO-2817-202x114.jpg 202w, https:\/\/www.diarioimagen.net\/wp-content\/uploads\/2016\/03\/COACALCO-2817-350x196.jpg 350w, https:\/\/www.diarioimagen.net\/wp-content\/uploads\/2016\/03\/COACALCO-2817-220x123.jpg 220w, https:\/\/www.diarioimagen.net\/wp-content\/uploads\/2016\/03\/COACALCO-2817-237x132.jpg 237w, https:\/\/www.diarioimagen.net\/wp-content\/uploads\/2016\/03\/COACALCO-2817.jpg 480w\" sizes=\"auto, (max-width: 420px) 100vw, 420px\" \/><\/a><p id=\"caption-attachment-258538\" class=\"wp-caption-text\">Erwin Castel\u00e1n, alcalde de Coacalco, inform\u00f3 sobre los incrementos al impuesto predial, cobrados por su administraci\u00f3n.<\/p><\/div>\n<p>&nbsp;<\/p>\n<p>En los dos primeros meses del a\u00f1o, el ayuntamiento de Coacalco logr\u00f3 incrementar los ingresos por el pago del impuesto predial en cerca de un 100 por ciento.<\/p>\n<p>La informaci\u00f3n fue proporcionada por el presiente municipal Erwin Castel\u00e1n al ser entrevistado en el marco del 192 aniversario de la Fundaci\u00f3n del Estado de M\u00e9xico.<\/p>\n<p>El alcalde de Coacalco precis\u00f3 que el pago del impuesto predial se increment\u00f3 de 7 millones 801 mil pesos recaudados el a\u00f1o pasado a 14 millones 418 mil pesos en el mismo periodo de este a\u00f1o.<\/p>\n<p>Se trata, dijo el edil, de una muestra de confianza de los contribuyentes de Coa\u00adcalco.<\/p>\n<p>En materia de pago de agua potable, Castel\u00e1n Enr\u00edquez dio a conocer que tambi\u00e9n se ha logrado una recaudaci\u00f3n que supera en un 80 por ciento a la del a\u00f1o anterior.<\/p>\n<p>El presidente municipal de Coacalco se\u00f1al\u00f3 que ante estas muestras de confianza ciudadana, las autoridades municipales \u201cest\u00e1n doblemente comprometidas a ejercer un gobierno altamente responsable\u201d.<\/p>\n<p>Por esa raz\u00f3n, \u201clos recursos recaudados se canalizan de manera inmediata a la mejora integral de los servicios p\u00fablicos del municipio de Coacalco de Berrioz\u00e1bal\u201d.<\/p>\n<p>Sobre el aniversario de la erecci\u00f3n de la entidad mexiquense, Erwin Castel\u00e1n dijo que el Estado de M\u00e9xico es un referente nacional, progresista, que avanza y que mueve a M\u00e9xico.<\/p>\n","protected":false},"excerpt":{"rendered":"<p>En los dos primeros meses del a\u00f1o, el ayuntamiento de Coacalco logr\u00f3 incrementar los ingresos por el pago del impuesto predial en cerca de un 100 por ciento.<\/p>\n","protected":false},"author":3,"featured_media":258538,"comment_status":"open","ping_status":"open","sticky":false,"template":"","format":"standard","meta":{"_monsterinsights_skip_tracking":false,"_monsterinsights_sitenote_active":false,"_monsterinsights_sitenote_note":"","_monsterinsights_sitenote_category":0,"footnotes":""},"categories":[35155],"tags":[579,454,47217,43675],"class_list":["post-258457","post","type-post","status-publish","format-standard","has-post-thumbnail","hentry","category-estado-de-mexico-estado-de-mexico","tag-coacalco","tag-ecatepec","tag-erwin-castelan","tag-estado-de-mexico"],"_links":{"self":[{"href":"https:\/\/www.diarioimagen.net\/index.php?rest_route=\/wp\/v2\/posts\/258457","targetHints":{"allow":["GET"]}}],"collection":[{"href":"https:\/\/www.diarioimagen.net\/index.php?rest_route=\/wp\/v2\/posts"}],"about":[{"href":"https:\/\/www.diarioimagen.net\/index.php?rest_route=\/wp\/v2\/types\/post"}],"author":[{"embeddable":true,"href":"https:\/\/www.diarioimagen.net\/index.php?rest_route=\/wp\/v2\/users\/3"}],"replies":[{"embeddable":true,"href":"https:\/\/www.diarioimagen.net\/index.php?rest_route=%2Fwp%2Fv2%2Fcomments&post=258457"}],"version-history":[{"count":0,"href":"https:\/\/www.diarioimagen.net\/index.php?rest_route=\/wp\/v2\/posts\/258457\/revisions"}],"wp:featuredmedia":[{"embeddable":true,"href":"https:\/\/www.diarioimagen.net\/index.php?rest_route=\/wp\/v2\/media\/258538"}],"wp:attachment":[{"href":"https:\/\/www.diarioimagen.net\/index.php?rest_route=%2Fwp%2Fv2%2Fmedia&parent=258457"}],"wp:term":[{"taxonomy":"category","embeddable":true,"href":"https:\/\/www.diarioimagen.net\/index.php?rest_route=%2Fwp%2Fv2%2Fcategories&post=258457"},{"taxonomy":"post_tag","embeddable":true,"href":"https:\/\/www.diarioimagen.net\/index.php?rest_route=%2Fwp%2Fv2%2Ftags&post=258457"}],"curies":[{"name":"wp","href":"https:\/\/api.w.org\/{rel}","templated":true}]}}