{"id":258479,"date":"2016-03-03T00:05:03","date_gmt":"2016-03-03T06:05:03","guid":{"rendered":"http:\/\/www.diarioimagen.net\/?p=258479"},"modified":"2016-03-04T01:55:01","modified_gmt":"2016-03-04T07:55:01","slug":"reformas-prioritarias-para-el-empleo-stps","status":"publish","type":"post","link":"https:\/\/www.diarioimagen.net\/?p=258479","title":{"rendered":"Reformas, prioritarias para el empleo: STPS"},"content":{"rendered":"<ul>\n<li><strong><em>Ante un entorno cambiante<\/em><\/strong><\/li>\n<\/ul>\n<p>&nbsp;<\/p>\n<div id=\"attachment_258551\" style=\"width: 430px\" class=\"wp-caption aligncenter\"><a href=\"http:\/\/www.diarioimagen.net\/?attachment_id=258551\" rel=\"attachment wp-att-258551\"><img loading=\"lazy\" decoding=\"async\" aria-describedby=\"caption-attachment-258551\" class=\"size-large wp-image-258551\" src=\"http:\/\/www.diarioimagen.net\/wp-content\/uploads\/2016\/03\/navarrete-prida-2817-420x236.jpg\" alt=\"Alfonso Navarrete Prida, secretario del Trabajo, particip\u00f3 en la Sesi\u00f3n Plenaria del Tercer Foro Internacional de Pol\u00edticas P\u00fablicas de Empleo, que se realiza en Marrakech, Marruecos.\" width=\"420\" height=\"236\" srcset=\"https:\/\/www.diarioimagen.net\/wp-content\/uploads\/2016\/03\/navarrete-prida-2817-420x236.jpg 420w, https:\/\/www.diarioimagen.net\/wp-content\/uploads\/2016\/03\/navarrete-prida-2817-240x135.jpg 240w, https:\/\/www.diarioimagen.net\/wp-content\/uploads\/2016\/03\/navarrete-prida-2817-235x132.jpg 235w, https:\/\/www.diarioimagen.net\/wp-content\/uploads\/2016\/03\/navarrete-prida-2817-202x114.jpg 202w, https:\/\/www.diarioimagen.net\/wp-content\/uploads\/2016\/03\/navarrete-prida-2817-350x196.jpg 350w, https:\/\/www.diarioimagen.net\/wp-content\/uploads\/2016\/03\/navarrete-prida-2817-220x123.jpg 220w, https:\/\/www.diarioimagen.net\/wp-content\/uploads\/2016\/03\/navarrete-prida-2817-237x132.jpg 237w, https:\/\/www.diarioimagen.net\/wp-content\/uploads\/2016\/03\/navarrete-prida-2817.jpg 480w\" sizes=\"auto, (max-width: 420px) 100vw, 420px\" \/><\/a><p id=\"caption-attachment-258551\" class=\"wp-caption-text\">Alfonso Navarrete Prida, secretario del Trabajo, particip\u00f3 en la Sesi\u00f3n Plenaria del Tercer Foro Internacional de Pol\u00edticas P\u00fablicas de Empleo, que se realiza en Marrakech, Marruecos.<\/p><\/div>\n<p>&nbsp;<\/p>\n<p>Las reformas estructurales son la mejor manera de defensa de las econom\u00edas y de los pa\u00edses ante un entorno que ha cambiado completamente en materia de generaci\u00f3n de empleo, afirm\u00f3 en Marrakech el secretario mexicano de Trabajo y Previsi\u00f3n Social, Alfonso Navarrete Prida.<\/p>\n<p>El funcionario mexicano resalt\u00f3 la importancia de mejorar la calidad de la educaci\u00f3n y de dar el salto hacia las tecnolog\u00edas de la informaci\u00f3n, combinado con una flexibilizaci\u00f3n del mercado laboral.<\/p>\n<p>Se\u00f1al\u00f3 que todos los paradigmas se han puesto a prueba en ese tema, pues, \u201cno hay una perspectiva en el corto plazo, de que pueda haber un aumento en la cantidad de empleos que genere el planeta a un ritmo de crecimiento como el que la OCDE o el FMI estiman\u201d.<\/p>\n<p>Esto, dijo, se traduce necesariamente en un aumento del desempleo y de las tensiones sociales y de un inter\u00e9s internacional, temas comunes pr\u00e1cticamente para todos los pa\u00edses del planeta.<\/p>\n<p>M\u00e9xico presidi\u00f3 la sesi\u00f3n plenaria del III Foro Internacional de Pol\u00edticas Publicas de Empleo, en Marrakech, Marruecos, representado por el secretario Navarrete Prida.<\/p>\n<p>Para el funcionario mexicano, el foro de Marrakech ha sido una muy buena reuni\u00f3n y los temas que se han tratado all\u00ed son los temas de fondo que enfrenta en este momento el mundo, en materia de trabajo.<\/p>\n<p>Record\u00f3 que la idea de estos foros se inici\u00f3 en M\u00e9xico en el a\u00f1o 2013, luego el a\u00f1o pasado tuvo lugar en Espa\u00f1a y el siguiente ser\u00e1 en un pa\u00eds asi\u00e1tico.<\/p>\n<p>\u201cSin ajustarnos a formatos tan r\u00edgidos, como los formatos de discusi\u00f3n de las asambleas de la Organizaci\u00f3n Internacional del Trabajo (OIT), y con participaci\u00f3n de otras instancias internacionales como la OCDE y universidades se pudo tratar con mucho mayor apertura y sin rigidez cualquier tema del mundo del trabajo que nos sea com\u00fan a los pa\u00edses\u201d, manifest\u00f3.<\/p>\n<p>\u201cHemos estado platicando como a cien a\u00f1os de la creaci\u00f3n de la OIT, qu\u00e9 buenas pr\u00e1cticas se conocen en econom\u00edas en recesi\u00f3n o en decrecimiento, que puedan servir para generar empleo, \u201c, subray\u00f3.<\/p>\n<p>Esto, dijo, independientemente del crecimiento econ\u00f3mico relativo, y adem\u00e1s es importante ver qu\u00e9 se hace para proteger a grupos vulnerables de la poblaci\u00f3n, que ante situaciones de decrecimiento econ\u00f3mico son los m\u00e1s afectados.<\/p>\n<p>Se refiri\u00f3 particularmente a los j\u00f3venes que tienen una tasa tres veces m\u00e1s alta que la tasa de desocupaci\u00f3n del resto de la poblaci\u00f3n, a los discapacitados, mujeres y adultos mayores.<\/p>\n<p>Navarrete Prida asever\u00f3 que es necesario incidir en las buenas pr\u00e1cticas para la capacitaci\u00f3n y la certificaci\u00f3n de habilidades de los trabajadores que les permitan tener mucha mayor fortaleza ante un entorno econ\u00f3mico que se va cerrando.<\/p>\n<p>Adem\u00e1s, generar una combinaci\u00f3n de pol\u00edticas que fomenten la creaci\u00f3n del empleo, que no sean puramente programas sociales.<\/p>\n<p>&nbsp;<\/p>\n","protected":false},"excerpt":{"rendered":"<p>Las reformas estructurales son la mejor manera de defensa de las econom\u00edas y de los pa\u00edses ante un entorno que ha cambiado completamente en materia de generaci\u00f3n de empleo, afirm\u00f3 en Marrakech el secretario mexicano de Trabajo y Previsi\u00f3n Social, Alfonso Navarrete Prida.<\/p>\n","protected":false},"author":3,"featured_media":258551,"comment_status":"open","ping_status":"open","sticky":false,"template":"","format":"standard","meta":{"_monsterinsights_skip_tracking":false,"_monsterinsights_sitenote_active":false,"_monsterinsights_sitenote_note":"","_monsterinsights_sitenote_category":0,"footnotes":""},"categories":[3],"tags":[11708,43673,18768,6675],"class_list":["post-258479","post","type-post","status-publish","format-standard","has-post-thumbnail","hentry","category-nacional","tag-alfonso-navarrete-prida","tag-nacional","tag-reformas","tag-stps"],"_links":{"self":[{"href":"https:\/\/www.diarioimagen.net\/index.php?rest_route=\/wp\/v2\/posts\/258479","targetHints":{"allow":["GET"]}}],"collection":[{"href":"https:\/\/www.diarioimagen.net\/index.php?rest_route=\/wp\/v2\/posts"}],"about":[{"href":"https:\/\/www.diarioimagen.net\/index.php?rest_route=\/wp\/v2\/types\/post"}],"author":[{"embeddable":true,"href":"https:\/\/www.diarioimagen.net\/index.php?rest_route=\/wp\/v2\/users\/3"}],"replies":[{"embeddable":true,"href":"https:\/\/www.diarioimagen.net\/index.php?rest_route=%2Fwp%2Fv2%2Fcomments&post=258479"}],"version-history":[{"count":0,"href":"https:\/\/www.diarioimagen.net\/index.php?rest_route=\/wp\/v2\/posts\/258479\/revisions"}],"wp:featuredmedia":[{"embeddable":true,"href":"https:\/\/www.diarioimagen.net\/index.php?rest_route=\/wp\/v2\/media\/258551"}],"wp:attachment":[{"href":"https:\/\/www.diarioimagen.net\/index.php?rest_route=%2Fwp%2Fv2%2Fmedia&parent=258479"}],"wp:term":[{"taxonomy":"category","embeddable":true,"href":"https:\/\/www.diarioimagen.net\/index.php?rest_route=%2Fwp%2Fv2%2Fcategories&post=258479"},{"taxonomy":"post_tag","embeddable":true,"href":"https:\/\/www.diarioimagen.net\/index.php?rest_route=%2Fwp%2Fv2%2Ftags&post=258479"}],"curies":[{"name":"wp","href":"https:\/\/api.w.org\/{rel}","templated":true}]}}