{"id":258483,"date":"2016-03-03T00:04:53","date_gmt":"2016-03-03T06:04:53","guid":{"rendered":"http:\/\/www.diarioimagen.net\/?p=258483"},"modified":"2016-03-04T01:54:55","modified_gmt":"2016-03-04T07:54:55","slug":"apoyo-a-vivienda-abarco-60-de-los-municipios","status":"publish","type":"post","link":"https:\/\/www.diarioimagen.net\/?p=258483","title":{"rendered":"Apoyo a vivienda abarc\u00f3 60% de los municipios"},"content":{"rendered":"<ul>\n<li><strong><em>Atenci\u00f3n de Fonhapo el a\u00f1o pasado<\/em><\/strong><\/li>\n<\/ul>\n<p>&nbsp;<\/p>\n<div id=\"attachment_258554\" style=\"width: 430px\" class=\"wp-caption aligncenter\"><a href=\"http:\/\/www.diarioimagen.net\/?attachment_id=258554\" rel=\"attachment wp-att-258554\"><img loading=\"lazy\" decoding=\"async\" aria-describedby=\"caption-attachment-258554\" class=\"size-large wp-image-258554\" src=\"http:\/\/www.diarioimagen.net\/wp-content\/uploads\/2016\/03\/VIVIENDA-2817-420x236.jpg\" alt=\"Fonhapo atendi\u00f3 a m\u00e1s de un mill\u00f3n de personas y a m\u00e1s de 60 por ciento de los municipios del pa\u00eds, a pesar de su bajo presupuesto.\" width=\"420\" height=\"236\" srcset=\"https:\/\/www.diarioimagen.net\/wp-content\/uploads\/2016\/03\/VIVIENDA-2817-420x236.jpg 420w, https:\/\/www.diarioimagen.net\/wp-content\/uploads\/2016\/03\/VIVIENDA-2817-240x135.jpg 240w, https:\/\/www.diarioimagen.net\/wp-content\/uploads\/2016\/03\/VIVIENDA-2817-235x132.jpg 235w, https:\/\/www.diarioimagen.net\/wp-content\/uploads\/2016\/03\/VIVIENDA-2817-202x114.jpg 202w, https:\/\/www.diarioimagen.net\/wp-content\/uploads\/2016\/03\/VIVIENDA-2817-350x196.jpg 350w, https:\/\/www.diarioimagen.net\/wp-content\/uploads\/2016\/03\/VIVIENDA-2817-220x123.jpg 220w, https:\/\/www.diarioimagen.net\/wp-content\/uploads\/2016\/03\/VIVIENDA-2817-237x132.jpg 237w, https:\/\/www.diarioimagen.net\/wp-content\/uploads\/2016\/03\/VIVIENDA-2817.jpg 480w\" sizes=\"auto, (max-width: 420px) 100vw, 420px\" \/><\/a><p id=\"caption-attachment-258554\" class=\"wp-caption-text\">Fonhapo atendi\u00f3 a m\u00e1s de un mill\u00f3n de personas y a m\u00e1s de 60 por ciento de los municipios del pa\u00eds, a pesar de su bajo presupuesto.<\/p><\/div>\n<p>&nbsp;<\/p>\n<p>El director general del Fondo Nacional de Habitaciones Populares (Fonhapo), \u00c1ngel Islava Tamayo, inform\u00f3 que se logr\u00f3 disminuir uno por ciento la pobreza patrimonial en 2015.<\/p>\n<p>Al reunirse con diputados de la Comisi\u00f3n de Vivienda, que preside la priista Alma Carolina Viggiano Austria, precis\u00f3 que el a\u00f1o pasado se atendi\u00f3 a m\u00e1s de un mill\u00f3n de personas y a m\u00e1s de 60 por ciento de los municipios del pa\u00eds, a pesar de su bajo presupuesto.<\/p>\n<p>Mencion\u00f3 que este a\u00f1o se buscar\u00e1 alcanzar la meta de construir 400 mil cuartos adicionales, de los cuales 200 mil ser\u00edan a trav\u00e9s del Infonavit y otros programas, pues explic\u00f3 que para edificar una vivienda, Fonhapo da un subsidio de 63 mil 600 pesos y el gobierno municipal el resto, para generar un total de 105 mil pesos.<\/p>\n<p>Con respecto a la construcci\u00f3n de cuartos adicionales, el fondo otorga 20 mil pesos y la administraci\u00f3n municipal o estatal, con el beneficiario, aportan un porcentaje que permita alcanzar 38 mil pesos.<\/p>\n<p>A pregunta expresa de los diputados pri\u00edstas, Pedro Alberto Salazar Muci\u00f1o y Jos\u00e9 Lorenzo Rivera Sosa sobre el monto de la cartera vencida del fondo, el funcionario federal respondi\u00f3 que es de cuatro mil 500 millones de pesos.<\/p>\n<p>\u201cEs una suma que pesa mucho, pero se buscan acciones que no detengan su cobro, ya que anualmente logran recuperar montos importantes de alrededor de 200 millones al a\u00f1o\u201d, agreg\u00f3 el funcionario federal.<\/p>\n<p>Afirm\u00f3 que Fonhapo requiere de los legisladores el dise\u00f1o de instrumentos para que las entidades financieras comerciales \u201cconf\u00eden en los pobres y les permitan tener mejores condiciones de vida\u201d.<\/p>\n<p>\u201cNecesitamos productos que propicien una mejor inclusi\u00f3n financiera de los m\u00e1s pobres. Las familias que no pueden acceder a la banca comercial son los que parad\u00f3jicamente tienen menor \u00edndice de morosidad, es decir, los pobres s\u00ed pagan\u201d, subray\u00f3.<\/p>\n<p>En otro punto de su intervenci\u00f3n, declar\u00f3 que se han encontrado procesos \u201craros\u201d en administraciones anteriores, que registraron casas que no se hicieron, situaci\u00f3n que ha sido debidamente procesada y se ha entregado a los \u00f3rganos de fiscalizaci\u00f3n.<\/p>\n<p>Islava Tamayo resalt\u00f3 que se deben transformar los programas de apoyo a la vivienda para focalizar los recursos de mejor manera y ayudar a las familias que m\u00e1s lo necesitan.<\/p>\n<p>A su vez, Viggiano Austria se\u00f1al\u00f3 que la creaci\u00f3n de una ley de desarrollo urbano y ordenamiento territorial, que en la actualidad se elabora en la C\u00e1mara de Diputados, evitar\u00eda desv\u00edo de recursos o construcci\u00f3n de casas en lugares no adecuados.<\/p>\n<p>Finaliz\u00f3 que se deben de dar prisa en concretar esa iniciativa, \u201cpara que no nos coma el tiempo, porque es algo importante, tiene que ver con la calidad de vida y el derecho humano a tener una vivienda digna, y con que los responsables de desviar recursos respondan legalmente\u201d.<\/p>\n<p>&nbsp;<\/p>\n","protected":false},"excerpt":{"rendered":"<p>El director general del Fondo Nacional de Habitaciones Populares (Fonhapo), \u00c1ngel Islava Tamayo, inform\u00f3 que se logr\u00f3 disminuir uno por ciento la pobreza patrimonial en 2015.<\/p>\n","protected":false},"author":3,"featured_media":258554,"comment_status":"open","ping_status":"open","sticky":false,"template":"","format":"standard","meta":{"_monsterinsights_skip_tracking":false,"_monsterinsights_sitenote_active":false,"_monsterinsights_sitenote_note":"","_monsterinsights_sitenote_category":0,"footnotes":""},"categories":[3],"tags":[43673,19195],"class_list":["post-258483","post","type-post","status-publish","format-standard","has-post-thumbnail","hentry","category-nacional","tag-nacional","tag-vivienda"],"_links":{"self":[{"href":"https:\/\/www.diarioimagen.net\/index.php?rest_route=\/wp\/v2\/posts\/258483","targetHints":{"allow":["GET"]}}],"collection":[{"href":"https:\/\/www.diarioimagen.net\/index.php?rest_route=\/wp\/v2\/posts"}],"about":[{"href":"https:\/\/www.diarioimagen.net\/index.php?rest_route=\/wp\/v2\/types\/post"}],"author":[{"embeddable":true,"href":"https:\/\/www.diarioimagen.net\/index.php?rest_route=\/wp\/v2\/users\/3"}],"replies":[{"embeddable":true,"href":"https:\/\/www.diarioimagen.net\/index.php?rest_route=%2Fwp%2Fv2%2Fcomments&post=258483"}],"version-history":[{"count":0,"href":"https:\/\/www.diarioimagen.net\/index.php?rest_route=\/wp\/v2\/posts\/258483\/revisions"}],"wp:featuredmedia":[{"embeddable":true,"href":"https:\/\/www.diarioimagen.net\/index.php?rest_route=\/wp\/v2\/media\/258554"}],"wp:attachment":[{"href":"https:\/\/www.diarioimagen.net\/index.php?rest_route=%2Fwp%2Fv2%2Fmedia&parent=258483"}],"wp:term":[{"taxonomy":"category","embeddable":true,"href":"https:\/\/www.diarioimagen.net\/index.php?rest_route=%2Fwp%2Fv2%2Fcategories&post=258483"},{"taxonomy":"post_tag","embeddable":true,"href":"https:\/\/www.diarioimagen.net\/index.php?rest_route=%2Fwp%2Fv2%2Ftags&post=258483"}],"curies":[{"name":"wp","href":"https:\/\/api.w.org\/{rel}","templated":true}]}}