{"id":258673,"date":"2016-03-04T00:03:06","date_gmt":"2016-03-04T06:03:06","guid":{"rendered":"http:\/\/www.diarioimagen.net\/?p=258673"},"modified":"2016-03-06T23:39:48","modified_gmt":"2016-03-07T05:39:48","slug":"se-reunen-osorio-chong-y-el-gobernador-javier-duarte","status":"publish","type":"post","link":"https:\/\/www.diarioimagen.net\/?p=258673","title":{"rendered":"Se re\u00fanen Osorio Chong y el gobernador Javier Duarte"},"content":{"rendered":"<p><a href=\"http:\/\/www.diarioimagen.net\/?attachment_id=258765\" rel=\"attachment wp-att-258765\"><img loading=\"lazy\" decoding=\"async\" class=\"aligncenter size-large wp-image-258765\" src=\"http:\/\/www.diarioimagen.net\/wp-content\/uploads\/2016\/03\/veracruz-2818-420x236.jpg\" alt=\"veracruz-2818\" width=\"420\" height=\"236\" srcset=\"https:\/\/www.diarioimagen.net\/wp-content\/uploads\/2016\/03\/veracruz-2818-420x236.jpg 420w, https:\/\/www.diarioimagen.net\/wp-content\/uploads\/2016\/03\/veracruz-2818-240x135.jpg 240w, https:\/\/www.diarioimagen.net\/wp-content\/uploads\/2016\/03\/veracruz-2818-235x132.jpg 235w, https:\/\/www.diarioimagen.net\/wp-content\/uploads\/2016\/03\/veracruz-2818-202x114.jpg 202w, https:\/\/www.diarioimagen.net\/wp-content\/uploads\/2016\/03\/veracruz-2818-350x196.jpg 350w, https:\/\/www.diarioimagen.net\/wp-content\/uploads\/2016\/03\/veracruz-2818-220x123.jpg 220w, https:\/\/www.diarioimagen.net\/wp-content\/uploads\/2016\/03\/veracruz-2818-237x132.jpg 237w, https:\/\/www.diarioimagen.net\/wp-content\/uploads\/2016\/03\/veracruz-2818.jpg 480w\" sizes=\"auto, (max-width: 420px) 100vw, 420px\" \/><\/a><\/p>\n<p>&nbsp;<\/p>\n<p>En medio de se\u00f1alamientos de vac\u00edo de poder en Veracruz, el secretario de Gobernaci\u00f3n, Miguel \u00c1ngel Osorio Chong, se reuni\u00f3 en privado con el gobernador de Veracruz, Javier Duarte, en la capital del pa\u00eds.<\/p>\n<p>Durante el encuentro, Duarte se comprometi\u00f3 a realizar un \u201can\u00e1lisis exhaustivo\u201d de la Polic\u00eda Estatal, a fin de llevar a cabo una depuraci\u00f3n efectiva y fortalecer los esquemas de capacitaci\u00f3n para las y los polic\u00edas estatales.<\/p>\n<p>En semanas recientes, ocho polic\u00edas estatales, entre ellos un mando, fueron detenidos por su presunta participaci\u00f3n en la desaparici\u00f3n y muerte de cinco j\u00f3venes en el municipio de Tierra Blanca.<\/p>\n<p>&nbsp;<\/p>\n","protected":false},"excerpt":{"rendered":"<p>En medio de se\u00f1alamientos de vac\u00edo de poder en Veracruz, el secretario de Gobernaci\u00f3n, Miguel \u00c1ngel Osorio Chong, se reuni\u00f3 en privado con el gobernador de Veracruz, Javier Duarte, en la capital del pa\u00eds.<\/p>\n","protected":false},"author":3,"featured_media":258765,"comment_status":"open","ping_status":"open","sticky":false,"template":"","format":"standard","meta":{"_monsterinsights_skip_tracking":false,"_monsterinsights_sitenote_active":false,"_monsterinsights_sitenote_note":"","_monsterinsights_sitenote_category":0,"footnotes":""},"categories":[3],"tags":[486,3676,43673,22371],"class_list":["post-258673","post","type-post","status-publish","format-standard","has-post-thumbnail","hentry","category-nacional","tag-javier-duarte-de-ochoa","tag-miguel-angel-osorio-chong","tag-nacional","tag-reunion"],"_links":{"self":[{"href":"https:\/\/www.diarioimagen.net\/index.php?rest_route=\/wp\/v2\/posts\/258673","targetHints":{"allow":["GET"]}}],"collection":[{"href":"https:\/\/www.diarioimagen.net\/index.php?rest_route=\/wp\/v2\/posts"}],"about":[{"href":"https:\/\/www.diarioimagen.net\/index.php?rest_route=\/wp\/v2\/types\/post"}],"author":[{"embeddable":true,"href":"https:\/\/www.diarioimagen.net\/index.php?rest_route=\/wp\/v2\/users\/3"}],"replies":[{"embeddable":true,"href":"https:\/\/www.diarioimagen.net\/index.php?rest_route=%2Fwp%2Fv2%2Fcomments&post=258673"}],"version-history":[{"count":0,"href":"https:\/\/www.diarioimagen.net\/index.php?rest_route=\/wp\/v2\/posts\/258673\/revisions"}],"wp:featuredmedia":[{"embeddable":true,"href":"https:\/\/www.diarioimagen.net\/index.php?rest_route=\/wp\/v2\/media\/258765"}],"wp:attachment":[{"href":"https:\/\/www.diarioimagen.net\/index.php?rest_route=%2Fwp%2Fv2%2Fmedia&parent=258673"}],"wp:term":[{"taxonomy":"category","embeddable":true,"href":"https:\/\/www.diarioimagen.net\/index.php?rest_route=%2Fwp%2Fv2%2Fcategories&post=258673"},{"taxonomy":"post_tag","embeddable":true,"href":"https:\/\/www.diarioimagen.net\/index.php?rest_route=%2Fwp%2Fv2%2Ftags&post=258673"}],"curies":[{"name":"wp","href":"https:\/\/api.w.org\/{rel}","templated":true}]}}