{"id":258682,"date":"2016-03-04T00:03:55","date_gmt":"2016-03-04T06:03:55","guid":{"rendered":"http:\/\/www.diarioimagen.net\/?p=258682"},"modified":"2016-03-04T05:13:17","modified_gmt":"2016-03-04T11:13:17","slug":"duo-de-nado-sincronizado-logra-boleto-para-rio-2016","status":"publish","type":"post","link":"https:\/\/www.diarioimagen.net\/?p=258682","title":{"rendered":"D\u00fao de nado sincronizado logra boleto para R\u00edo 2016"},"content":{"rendered":"<p><a href=\"http:\/\/www.diarioimagen.net\/?attachment_id=258780\" rel=\"attachment wp-att-258780\"><img loading=\"lazy\" decoding=\"async\" class=\"aligncenter size-large wp-image-258780\" src=\"http:\/\/www.diarioimagen.net\/wp-content\/uploads\/2016\/03\/natacion-2818-420x277.jpg\" alt=\"natacion-2818\" width=\"420\" height=\"277\" srcset=\"https:\/\/www.diarioimagen.net\/wp-content\/uploads\/2016\/03\/natacion-2818-420x277.jpg 420w, https:\/\/www.diarioimagen.net\/wp-content\/uploads\/2016\/03\/natacion-2818-240x158.jpg 240w, https:\/\/www.diarioimagen.net\/wp-content\/uploads\/2016\/03\/natacion-2818.jpg 700w\" sizes=\"auto, (max-width: 420px) 100vw, 420px\" \/><\/a><\/p>\n<p>&nbsp;<\/p>\n<p>Las mexicanas Nuria Diosdado y Karem Achach lograron una plaza para la Olimpiada de R\u00edo 2016, al terminar quintas en el Torneo Calificatorio para la Olimpiada de Nataci\u00f3n Sincronizada de la FINA, en el Parque Acu\u00e1tico Mar\u00eda Lenk de la capital fluminense.<\/p>\n<p>Las dos mexicanas, que la v\u00edspera finalizaron en quinto lugar en la rutina t\u00e9cnica, obtuvieron este d\u00eda resultado parejo en la prueba libre, en un campeonato que gan\u00f3 Espa\u00f1a con el d\u00fao formado por las medallistas Gemma Mengual (Pek\u00edn 2008) y Ona Carbonell (Londres 2012), seguidas por Italia y Francia.<\/p>\n","protected":false},"excerpt":{"rendered":"<p>Las mexicanas Nuria Diosdado y Karem Achach lograron una plaza para la Olimpiada de R\u00edo 2016, al terminar quintas en el Torneo Calificatorio para la Olimpiada de Nataci\u00f3n Sincronizada de la FINA, en el Parque Acu\u00e1tico Mar\u00eda Lenk de la capital fluminense.<\/p>\n","protected":false},"author":3,"featured_media":258780,"comment_status":"open","ping_status":"open","sticky":false,"template":"","format":"standard","meta":{"_monsterinsights_skip_tracking":false,"_monsterinsights_sitenote_active":false,"_monsterinsights_sitenote_note":"","_monsterinsights_sitenote_category":0,"footnotes":""},"categories":[10],"tags":[43680],"class_list":["post-258682","post","type-post","status-publish","format-standard","has-post-thumbnail","hentry","category-deportes","tag-deportes"],"_links":{"self":[{"href":"https:\/\/www.diarioimagen.net\/index.php?rest_route=\/wp\/v2\/posts\/258682","targetHints":{"allow":["GET"]}}],"collection":[{"href":"https:\/\/www.diarioimagen.net\/index.php?rest_route=\/wp\/v2\/posts"}],"about":[{"href":"https:\/\/www.diarioimagen.net\/index.php?rest_route=\/wp\/v2\/types\/post"}],"author":[{"embeddable":true,"href":"https:\/\/www.diarioimagen.net\/index.php?rest_route=\/wp\/v2\/users\/3"}],"replies":[{"embeddable":true,"href":"https:\/\/www.diarioimagen.net\/index.php?rest_route=%2Fwp%2Fv2%2Fcomments&post=258682"}],"version-history":[{"count":0,"href":"https:\/\/www.diarioimagen.net\/index.php?rest_route=\/wp\/v2\/posts\/258682\/revisions"}],"wp:featuredmedia":[{"embeddable":true,"href":"https:\/\/www.diarioimagen.net\/index.php?rest_route=\/wp\/v2\/media\/258780"}],"wp:attachment":[{"href":"https:\/\/www.diarioimagen.net\/index.php?rest_route=%2Fwp%2Fv2%2Fmedia&parent=258682"}],"wp:term":[{"taxonomy":"category","embeddable":true,"href":"https:\/\/www.diarioimagen.net\/index.php?rest_route=%2Fwp%2Fv2%2Fcategories&post=258682"},{"taxonomy":"post_tag","embeddable":true,"href":"https:\/\/www.diarioimagen.net\/index.php?rest_route=%2Fwp%2Fv2%2Ftags&post=258682"}],"curies":[{"name":"wp","href":"https:\/\/api.w.org\/{rel}","templated":true}]}}