{"id":258687,"date":"2016-03-04T00:01:14","date_gmt":"2016-03-04T06:01:14","guid":{"rendered":"http:\/\/www.diarioimagen.net\/?p=258687"},"modified":"2016-03-07T00:12:26","modified_gmt":"2016-03-07T06:12:26","slug":"diana-olivares-ha-sido-nombrada-directora-comercial-de-las-operaciones-de-grupo-latam-para-mexico-centroamerica-y-cuba","status":"publish","type":"post","link":"https:\/\/www.diarioimagen.net\/?p=258687","title":{"rendered":"Diana Olivares ha sido nombrada directora comercial de las operaciones de Grupo <em>LATAM<\/em> para M\u00e9xico, Centroam\u00e9rica y Cuba"},"content":{"rendered":"<h2>De cinco estrellas<\/h2>\n<h5>Victoria Gonz\u00e1lez Prado<\/h5>\n<p>&nbsp;<\/p>\n<ul>\n<li><strong><em>No te pierdas el <\/em>Shop Miami Month<em>, en los tres centros comerciales de <\/em>Simon Shopping Destinations<\/strong><\/li>\n<\/ul>\n<p>&nbsp;<\/p>\n<div id=\"attachment_258787\" style=\"width: 244px\" class=\"wp-caption alignleft\"><a href=\"http:\/\/www.diarioimagen.net\/?attachment_id=258787\" rel=\"attachment wp-att-258787\"><img loading=\"lazy\" decoding=\"async\" aria-describedby=\"caption-attachment-258787\" class=\"wp-image-258787\" src=\"http:\/\/www.diarioimagen.net\/wp-content\/uploads\/2016\/03\/turismo-1-2818-162x240.jpg\" alt=\"turismo-1-2818\" width=\"234\" height=\"347\" srcset=\"https:\/\/www.diarioimagen.net\/wp-content\/uploads\/2016\/03\/turismo-1-2818-162x240.jpg 162w, https:\/\/www.diarioimagen.net\/wp-content\/uploads\/2016\/03\/turismo-1-2818-283x420.jpg 283w, https:\/\/www.diarioimagen.net\/wp-content\/uploads\/2016\/03\/turismo-1-2818.jpg 300w\" sizes=\"auto, (max-width: 234px) 100vw, 234px\" \/><\/a><p id=\"caption-attachment-258787\" class=\"wp-caption-text\">Diana Olivares ha sido nombrada directora comercial de las operaciones de Grupo LATAM para M\u00e9xico, Centroam\u00e9rica y Cuba.<\/p><\/div>\n<p><strong>Diana Olivares<\/strong> ha sido nombrada directora comercial de las operaciones de Grupo <em>LATAM<\/em> para M\u00e9xico, Centroam\u00e9rica y Cuba, reportando directamente a <strong>H\u00e9ctor Iriarte<\/strong>, director general.\u00a0 <strong>Diana<\/strong> ser\u00e1 responsable de la generaci\u00f3n de estrategias comerciales y ventas asegurando un alto nivel en servicios en beneficio de los pasajeros.<\/p>\n<p>Con una trayectoria de m\u00e1s de 16 a\u00f1os dentro de <em>LATAM Airlines<\/em>, <strong>Diana<\/strong> se ha desempe\u00f1ado con \u00e9xito en diversas posiciones en el \u00e1rea comercial, como jefa de <em>Inside Sales<\/em>, responsable de los segmentos de Turismo y <em>Corporate<\/em>; jefa de Ventas para agencias y empresas, donde tuvo a su cargo a un equipo de ejecutivos en la Ciudad de M\u00e9xico, Monterrey, Guadalajara y Canc\u00fan, as\u00ed como a distintos socios comerciales en Centroam\u00e9rica y Caribe.<\/p>\n<p>Egresada de la carrera en Administraci\u00f3n de Empresas, actualmente se encuentra cursando una maestr\u00eda en Administraci\u00f3n y Negocios en el Instituto Tecnol\u00f3gico de Estudios Superiores de Monterrey. Entre sus nuevas labores, <strong>Diana Olivares<\/strong> estar\u00e1 a cargo de la venta directa e indirecta, as\u00ed como del \u00e1rea de <em>Servicing<\/em> y su enfoque principal estar\u00e1 en liderar a su equipo en el cumplimiento de los objetivos de venta establecidos en el Plan Comercial, as\u00ed como en el desarrollo y fortalecimiento de las relaciones con los diferentes socios comerciales y las distintas \u00e1reas del negocio en casa matriz.<\/p>\n<p><strong>H\u00e9ctor Iriarte<\/strong>, director general del Grupo A\u00e9reo para M\u00e9xico, Centroam\u00e9rica y Caribe, dijo: \u201cnos sentimos muy orgullosos del nombramiento de Diana Olivares, como directora comercial del Grupo en M\u00e9xico, pues es el resultado de su gran compromiso y excelencia laboral que la han convertido en una ejecutiva con gran valor para la compa\u00f1\u00eda; estamos seguros que su nueva asignaci\u00f3n seguir\u00e1 rindiendo frutos en beneficio de la empresa y nuestros clientes\u201d.<\/p>\n<p><strong>Olivares<\/strong> se ha hecho acreedora al premio <em>Esp\u00edritu LATAM<\/em> en sus ediciones 2013 y 2014, adicionalmente fue reconocida por las \u00e1reas <em>Corporate<\/em> y Turismo por su contribuci\u00f3n al desarrollo del turismo hacia Sudam\u00e9rica. Entre otros cargos importantes particip\u00f3 en la mesa activa de la AFEET (Asociaci\u00f3n Femenil de Ejecutivas de Empresas Tur\u00edsticas de la Rep\u00fablica Mexicana), se desempe\u00f1\u00f3 como vicepresidenta en Descubre Brasil en M\u00e9xico y actualmente pertenece al Comit\u00e9 de la Canaero de Ventas.<\/p>\n<p>El grupo a\u00e9reo es el <em>holding<\/em> de aerol\u00edneas l\u00edder de Latinoam\u00e9rica en el transporte de pasajeros y carga, que ofrece la mayor red de destinos en Sudam\u00e9rica, beneficiando a los pasajeros con mejores itinerarios, frecuencias y menores tiempos de conexi\u00f3n a 135 destinos en 22 pa\u00edses y transportando carga a 144 destinos en 27 pa\u00edses.<\/p>\n<p>Actualmente, opera vuelos internacionales desde la Ciudad de M\u00e9xico a Lima y Santiago con <em>LAN Airli<\/em>nes y a S\u00e3o Paulo con <em>TAM Airlines<\/em>, ciudades a las que vuela diariamente de forma directa\u00a0 y por medio de\u00a0 las cuales conecta a m\u00e1s de 120 destinos en Sudam\u00e9rica.<\/p>\n<p>&nbsp;<\/p>\n<div id=\"attachment_258786\" style=\"width: 430px\" class=\"wp-caption aligncenter\"><a href=\"http:\/\/www.diarioimagen.net\/?attachment_id=258786\" rel=\"attachment wp-att-258786\"><img loading=\"lazy\" decoding=\"async\" aria-describedby=\"caption-attachment-258786\" class=\"size-large wp-image-258786\" src=\"http:\/\/www.diarioimagen.net\/wp-content\/uploads\/2016\/03\/turismo-2818-420x236.jpg\" alt=\"Greater Miami Convention &amp; Visitors Bureau celebra Shop Miami Month.\" width=\"420\" height=\"236\" srcset=\"https:\/\/www.diarioimagen.net\/wp-content\/uploads\/2016\/03\/turismo-2818-420x236.jpg 420w, https:\/\/www.diarioimagen.net\/wp-content\/uploads\/2016\/03\/turismo-2818-240x135.jpg 240w, https:\/\/www.diarioimagen.net\/wp-content\/uploads\/2016\/03\/turismo-2818-235x132.jpg 235w, https:\/\/www.diarioimagen.net\/wp-content\/uploads\/2016\/03\/turismo-2818-202x114.jpg 202w, https:\/\/www.diarioimagen.net\/wp-content\/uploads\/2016\/03\/turismo-2818-350x196.jpg 350w, https:\/\/www.diarioimagen.net\/wp-content\/uploads\/2016\/03\/turismo-2818-220x123.jpg 220w, https:\/\/www.diarioimagen.net\/wp-content\/uploads\/2016\/03\/turismo-2818-237x132.jpg 237w, https:\/\/www.diarioimagen.net\/wp-content\/uploads\/2016\/03\/turismo-2818.jpg 480w\" sizes=\"auto, (max-width: 420px) 100vw, 420px\" \/><\/a><p id=\"caption-attachment-258786\" class=\"wp-caption-text\">Greater Miami Convention &amp; Visitors Bureau celebra Shop Miami Month.<\/p><\/div>\n<p>&nbsp;<\/p>\n<p>\u2730\u2730\u2730\u2730\u2730 Tres centros comerciales de <em>Simon Shopping Destinations<\/em> ubicados en Miami &#8211;<em>Dadeland<\/em><strong>\u00a0<\/strong><em>Mall, Miami International Mall<\/em>\u00a0y\u00a0<em>The<\/em><strong>\u00a0<\/strong><strong>Falls<\/strong><em>-,<\/em> participan una vez m\u00e1s en Shop Miami Month -un evento experiencial que transforma la pr\u00e1ctica de compra convencional de \u2018navegar, probar y comprar\u2019 en una refrescante actividad interactiva, divertida y emocionante. Para celebrar, las propiedades ofrecer\u00e1n ventas, promociones especiales y eventos durante todo marzo.<br \/>\n<em>Shop Miami Month<\/em>\u00a0es parte del popular \u2018Programa de Tentaciones\u2019 de GMCVB, que tiene un enfoque tem\u00e1tico en lo mejor que Miami tiene para ofrecer durante todo el a\u00f1o, a precios atractivos. Otros programas incluyen\u00a0<em>Miami Cruise Month, Miami Romance Month, Miami Sports Month, Miami Museum Month, Miami Film Month, Miami Spa Month, Miami Spice, Miami Attractions Month,<\/em>\u00a0y\u00a0<em>Miami Live Music Month<\/em>. Para obtener m\u00e1s informaci\u00f3n sobre los programas visita\u00a0www.MiamiTemptations.com.<\/p>\n<p><em>Shop Dadeland <\/em>con <strong>Kelly Saks<\/strong>, durante <em>Shop Miami Month, Dadeland Mall<\/em> se ha asociado con la reconocida bloguera de moda <strong>Kelly Saks<\/strong> para una amplia serie de publicaciones y difusiones en medios sociales. \u00a0El jueves, 10 de marzo, <strong>Kelly<\/strong> presentar\u00e1 un taller\u00a0<em>VIP Style Workshop &amp; Shopping Tour<\/em>, donde podr\u00e1n dar un vistazo a un ropero armado con \u00a0estilo y recibir consejos de moda.<\/p>\n<p><em>Dadeland Mall Festival of the Arts<\/em> -marzo 12 y 13 de 10:00 am a 6:00 pm-, en el lote de estacionamiento de <em>Nordstrom. The Dadeland Festival of the Arts<\/em> cuenta con artistas locales y nacionales que muestran obras de 13 diferentes g\u00e9neros, m\u00e1s una terraza con degustaci\u00f3n de comida y entretenimiento en vivo. La entrada es gratuita y los hu\u00e9spedes pueden registrarse en\u00a0<a href=\"http:\/\/www.dadelandartfestival.com\" target=\"_blank\">http:\/\/www.dadelandartfestival.com<\/a>.<\/p>\n<p>Sesiones gratuitas de <em>Personal Shopping\u2013Simon Guest Services. <\/em>El servicio de compra personal de cortes\u00eda es la mejor manera de hacer compras en <em>Dadeland Mall<\/em>. Los asesores de compras est\u00e1n disponibles para ayudarles a encontrar el look perfecto, o ayudar a dise\u00f1ar todo un guardarropa nuevo. \u00a0El servicio de \u2018planificaci\u00f3n de su armario\u2019 ofrece a los clientes la oportunidad de tener un armario completo, elaborado para esta temporada y m\u00e1s all\u00e1. Para programar una cita, contacte a\u00a0drodrigu@simon.com.<\/p>\n<p>Los compradores que gastan 350 d\u00f3lares o m\u00e1s en un d\u00eda en el <em>Miami International Mall<\/em> durante el mes de marzo recibir\u00e1n\u00a0un regalo por un valor de hasta 25 d\u00f3lares.\u00a0Los recibos se pueden canjear por regalos en <em>Simon Guest Services.<\/em>\u00a0(L\u00edmite de uno por cliente, por d\u00eda, mientras duren las existencias).\u00a0El regalo de 25 d\u00f3lares de <em>Miami International Mall<\/em> ser\u00e1 una combinaci\u00f3n de tarjetas de regalo de <em>Simon Giftcards<\/em> y\/o de regalos ofrecidos por ciertas tiendas del mall.\u00a0Oferta v\u00e1lida durante marzo.<\/p>\n<p>El hotel\u00a0<em>The Provident Doral at The Blue<\/em>\u00a0ofrece paquete de compras y alojamiento durante marzo.\u00a0Es f\u00e1cil acceso desde <em>Miami International Mall<\/em>.\u00a0Incluye: estancia con un descuento del 15% sobre la tarifa est\u00e1ndar;\u00a0bebida de bienvenida en el bar del vest\u00edbulo;\u00a020% de descuento en servicios del Spa Azul;\u00a020% de descuento en el restaurante <em>5300 Chop House Restaurant<\/em>;\u00a0estacionamiento de cortes\u00eda;\u00a0y gratuito en el <em>Miami International Mall;<\/em>\u00a0libro de ahorros de cortes\u00eda <em>Miami International Style Pass Savings Book. <\/em><\/p>\n<p>Tambi\u00e9n el<em> Hotel InterContinental Miami<\/em>, recientemente renovado<em>,<\/em>\u00a0ofrece paquete con estad\u00eda, compras y ahorros durante <em>Shop Miami Month<\/em>.\u00a0Est\u00e1 situado cerca de <em>Miami International<\/em> <em>Mall<\/em>.\u00a0Incluye: estancia en fin de semana\u00a0\u00a0 durante marzo con tarifas a partir de 219 d\u00f3lares, m\u00e1s impuestos, por noche, alojamiento hasta para cuatro personas;\u00a0desayuno americano completo para dos personas;\u00a015% de descuento en los gastos de toda la comida y bebidas;\u00a0<em>Style Passport<\/em> de <em>Miami International Mall;<\/em> bolsa de regalo de <em>Simon;<\/em> Wi-Fi y aparcamiento gratuito.<\/p>\n<p><em><i><a href=\"mailto:victoriagprado@gmail.com\" target=\"_blank\">victoriagprado@gmail.com<\/a><\/i><\/em><br \/>\nTwitter: <em><a href=\"https:\/\/twitter.com\/victoriagprado\" target=\"_blank\">@victoriagprado<\/a><\/em><\/p>\n","protected":false},"excerpt":{"rendered":"<p><strong>Diana Olivares<\/strong> ha sido nombrada directora comercial de las operaciones de Grupo <em>LATAM<\/em> para M\u00e9xico, Centroam\u00e9rica y Cuba, reportando directamente a <strong>H\u00e9ctor Iriarte<\/strong>, director general.  <strong>Diana<\/strong> ser\u00e1 responsable de la generaci\u00f3n de estrategias comerciales y ventas asegurando un alto nivel en servicios en beneficio de los pasajeros.<\/p>\n","protected":false},"author":3,"featured_media":258786,"comment_status":"open","ping_status":"open","sticky":false,"template":"","format":"standard","meta":{"_monsterinsights_skip_tracking":false,"_monsterinsights_sitenote_active":false,"_monsterinsights_sitenote_note":"","_monsterinsights_sitenote_category":0,"footnotes":""},"categories":[11],"tags":[107,43674,43681,106],"class_list":["post-258687","post","type-post","status-publish","format-standard","has-post-thumbnail","hentry","category-turismo","tag-de-cinco-estrellas","tag-opinion","tag-turismo","tag-victoria-gonzalez-prado"],"_links":{"self":[{"href":"https:\/\/www.diarioimagen.net\/index.php?rest_route=\/wp\/v2\/posts\/258687","targetHints":{"allow":["GET"]}}],"collection":[{"href":"https:\/\/www.diarioimagen.net\/index.php?rest_route=\/wp\/v2\/posts"}],"about":[{"href":"https:\/\/www.diarioimagen.net\/index.php?rest_route=\/wp\/v2\/types\/post"}],"author":[{"embeddable":true,"href":"https:\/\/www.diarioimagen.net\/index.php?rest_route=\/wp\/v2\/users\/3"}],"replies":[{"embeddable":true,"href":"https:\/\/www.diarioimagen.net\/index.php?rest_route=%2Fwp%2Fv2%2Fcomments&post=258687"}],"version-history":[{"count":0,"href":"https:\/\/www.diarioimagen.net\/index.php?rest_route=\/wp\/v2\/posts\/258687\/revisions"}],"wp:featuredmedia":[{"embeddable":true,"href":"https:\/\/www.diarioimagen.net\/index.php?rest_route=\/wp\/v2\/media\/258786"}],"wp:attachment":[{"href":"https:\/\/www.diarioimagen.net\/index.php?rest_route=%2Fwp%2Fv2%2Fmedia&parent=258687"}],"wp:term":[{"taxonomy":"category","embeddable":true,"href":"https:\/\/www.diarioimagen.net\/index.php?rest_route=%2Fwp%2Fv2%2Fcategories&post=258687"},{"taxonomy":"post_tag","embeddable":true,"href":"https:\/\/www.diarioimagen.net\/index.php?rest_route=%2Fwp%2Fv2%2Ftags&post=258687"}],"curies":[{"name":"wp","href":"https:\/\/api.w.org\/{rel}","templated":true}]}}