{"id":258813,"date":"2016-03-07T00:09:02","date_gmt":"2016-03-07T06:09:02","guid":{"rendered":"http:\/\/www.diarioimagen.net\/?p=258813"},"modified":"2016-03-07T01:06:05","modified_gmt":"2016-03-07T07:06:05","slug":"cerraran-carril-en-la-mexico-toluca-del-8-al-11-de-marzo","status":"publish","type":"post","link":"https:\/\/www.diarioimagen.net\/?p=258813","title":{"rendered":"Cerrar\u00e1n un carril en la autopista M\u00e9xico-Toluca"},"content":{"rendered":"<ul>\n<li><strong><em>Del 8 al 11 de marzo, anuncia SCT<\/em><\/strong><\/li>\n<\/ul>\n<p>&nbsp;<\/p>\n<div id=\"attachment_258814\" style=\"width: 430px\" class=\"wp-caption aligncenter\"><a href=\"http:\/\/www.diarioimagen.net\/?attachment_id=258814\" rel=\"attachment wp-att-258814\"><img loading=\"lazy\" decoding=\"async\" aria-describedby=\"caption-attachment-258814\" class=\"wp-image-258814 size-large\" src=\"http:\/\/www.diarioimagen.net\/wp-content\/uploads\/2016\/03\/AUTOPISTA-portal-420x245.jpg\" alt=\"En los \u00faltimos meses se ha registrado tr\u00e1fico intenso en la carretera M\u00e9xico-Toluca debido a las obras de construcci\u00f3n del Tren Interurbano.\" width=\"420\" height=\"245\" srcset=\"https:\/\/www.diarioimagen.net\/wp-content\/uploads\/2016\/03\/AUTOPISTA-portal-420x245.jpg 420w, https:\/\/www.diarioimagen.net\/wp-content\/uploads\/2016\/03\/AUTOPISTA-portal-240x140.jpg 240w, https:\/\/www.diarioimagen.net\/wp-content\/uploads\/2016\/03\/AUTOPISTA-portal.jpg 480w\" sizes=\"auto, (max-width: 420px) 100vw, 420px\" \/><\/a><p id=\"caption-attachment-258814\" class=\"wp-caption-text\">En los \u00faltimos meses se ha registrado tr\u00e1fico intenso en la carretera M\u00e9xico-Toluca, debido a las obras de construcci\u00f3n del Tren Interurbano.<\/p><\/div>\n<p>&nbsp;<\/p>\n<p>Desde este martes y hasta el 11 de marzo ser\u00e1 cerrado en su totalidad el carril de baja velocidad de la carretera federal M\u00e9xico-Toluca, en direcci\u00f3n a la ciudad de Toluca.<\/p>\n<p>La Secretar\u00eda de Comunicaciones y Transportes (SCT) precis\u00f3 que ello obedece a que en el tramo carretero, del kil\u00f3metro 25+000 al 26+000, se har\u00e1n estudios geot\u00e9cnicos, necesarios para la construcci\u00f3n del Tren Interurbano M\u00e9xico-Toluca.<\/p>\n<p>Mencion\u00f3 que el an\u00e1lisis al terreno ocupar\u00e1 las 24 horas del d\u00eda a lo largo de un kil\u00f3metro y la circulaci\u00f3n quedar\u00e1 totalmente restablecida el s\u00e1bado 12 de marzo.<\/p>\n<p>La Secretar\u00eda de Comunicaciones y Transportes (SCT) agreg\u00f3 que se colocar\u00e1 se\u00f1alizaci\u00f3n preventiva y contar\u00e1n con el apoyo de la Polic\u00eda Federal de Caminos para garantizar la seguridad de usuarios y que la circulaci\u00f3n vehicular sea afectada lo menos posible.<\/p>\n<p>Para llevar a cabo el corte de circulaci\u00f3n se contar\u00e1 con el apoyo de agilizaci\u00f3n de tr\u00e1nsito vehicular por parte de la Polic\u00eda Federal de Caminos.<\/p>\n<p>La dependencia pidi\u00f3 a los ciudadanos y a todos aquellos quienes habitualmente utilizan esta importante v\u00eda de comunicaci\u00f3n su comprensi\u00f3n, y reitera su compromiso de trabajar con la mayor celeridad posible sin afectar la calidad de los estudios, y record\u00f3 que \u201cLas molestias ser\u00e1n temporales, los beneficios permanentes\u201d.<\/p>\n<p>En los \u00faltimos meses se ha registrado tr\u00e1fico intenso en la carretera debido tambi\u00e9n a las obras de construcci\u00f3n del Viaducto Elevado.<\/p>\n<p>La SCT no ha especificado, una vez que concluya la obra, si los automovilistas tendr\u00e1n que pagar doble cuota; la primera por recorrer el tramo de menos de 25 kil\u00f3metros de la autopista M\u00e9xico-Toluca (el cual va de Santa Fe a La Marquesa) y un segundo peaje por la nueva autopista que ir\u00e1 de La Marquesa a Lerma, municipio conurbado a la ciudad de Toluca.<\/p>\n","protected":false},"excerpt":{"rendered":"<p>Desde este martes y hasta el 11 de marzo ser\u00e1 cerrado en su totalidad el carril de baja velocidad de la carretera federal M\u00e9xico-Toluca, en direcci\u00f3n a la ciudad de Toluca. La Secretar\u00eda de Comunicaciones y Transportes (SCT) precis\u00f3 que ello obedece a que en el tramo carretero, del kil\u00f3metro 25+000 al 26+000, se har\u00e1n estudios geot\u00e9cnicos, necesarios para la construcci\u00f3n del Tren Interurbano M\u00e9xico-Toluca.<\/p>\n","protected":false},"author":5,"featured_media":258814,"comment_status":"open","ping_status":"open","sticky":false,"template":"","format":"standard","meta":{"_monsterinsights_skip_tracking":false,"_monsterinsights_sitenote_active":false,"_monsterinsights_sitenote_note":"","_monsterinsights_sitenote_category":0,"footnotes":""},"categories":[5],"tags":[21274,44,347,452,49371],"class_list":["post-258813","post","type-post","status-publish","format-standard","has-post-thumbnail","hentry","category-estado-de-mexico","tag-autopista","tag-mexico","tag-sct","tag-toluca","tag-tren-interurbano"],"_links":{"self":[{"href":"https:\/\/www.diarioimagen.net\/index.php?rest_route=\/wp\/v2\/posts\/258813","targetHints":{"allow":["GET"]}}],"collection":[{"href":"https:\/\/www.diarioimagen.net\/index.php?rest_route=\/wp\/v2\/posts"}],"about":[{"href":"https:\/\/www.diarioimagen.net\/index.php?rest_route=\/wp\/v2\/types\/post"}],"author":[{"embeddable":true,"href":"https:\/\/www.diarioimagen.net\/index.php?rest_route=\/wp\/v2\/users\/5"}],"replies":[{"embeddable":true,"href":"https:\/\/www.diarioimagen.net\/index.php?rest_route=%2Fwp%2Fv2%2Fcomments&post=258813"}],"version-history":[{"count":0,"href":"https:\/\/www.diarioimagen.net\/index.php?rest_route=\/wp\/v2\/posts\/258813\/revisions"}],"wp:featuredmedia":[{"embeddable":true,"href":"https:\/\/www.diarioimagen.net\/index.php?rest_route=\/wp\/v2\/media\/258814"}],"wp:attachment":[{"href":"https:\/\/www.diarioimagen.net\/index.php?rest_route=%2Fwp%2Fv2%2Fmedia&parent=258813"}],"wp:term":[{"taxonomy":"category","embeddable":true,"href":"https:\/\/www.diarioimagen.net\/index.php?rest_route=%2Fwp%2Fv2%2Fcategories&post=258813"},{"taxonomy":"post_tag","embeddable":true,"href":"https:\/\/www.diarioimagen.net\/index.php?rest_route=%2Fwp%2Fv2%2Ftags&post=258813"}],"curies":[{"name":"wp","href":"https:\/\/api.w.org\/{rel}","templated":true}]}}