{"id":258870,"date":"2016-03-07T00:06:40","date_gmt":"2016-03-07T06:06:40","guid":{"rendered":"http:\/\/www.diarioimagen.net\/?p=258870"},"modified":"2016-03-08T01:13:01","modified_gmt":"2016-03-08T07:13:01","slug":"cancelaran-verificentros-que-reincidan-en-violaciones","status":"publish","type":"post","link":"https:\/\/www.diarioimagen.net\/?p=258870","title":{"rendered":"Cancelar\u00e1n verificentros que reincidan en violaciones"},"content":{"rendered":"<h2>Arco Norte<\/h2>\n<h5>Jos\u00e9 Luis Monta\u00f1ez Aguilar<\/h5>\n<p>&nbsp;<\/p>\n<p><a href=\"http:\/\/www.diarioimagen.net\/?attachment_id=258930\" rel=\"attachment wp-att-258930\"><img loading=\"lazy\" decoding=\"async\" class=\"aligncenter size-large wp-image-258930\" src=\"http:\/\/www.diarioimagen.net\/wp-content\/uploads\/2016\/03\/arco-2819-420x280.jpg\" alt=\"arco-2819\" width=\"420\" height=\"280\" srcset=\"https:\/\/www.diarioimagen.net\/wp-content\/uploads\/2016\/03\/arco-2819-420x280.jpg 420w, https:\/\/www.diarioimagen.net\/wp-content\/uploads\/2016\/03\/arco-2819-240x160.jpg 240w, https:\/\/www.diarioimagen.net\/wp-content\/uploads\/2016\/03\/arco-2819.jpg 680w\" sizes=\"auto, (max-width: 420px) 100vw, 420px\" \/><\/a><\/p>\n<p>&nbsp;<\/p>\n<p><strong>Metepec, Estado de M\u00e9xico<\/strong>.- El gobernador Eruviel \u00c1vila Villegas anunci\u00f3 que a los verificentros que reincidan en actos irregulares se les cancelar\u00e1 la concesi\u00f3n correspondiente, para evitar posibles actos de corrupci\u00f3n, pues no se tolerar\u00e1n acciones que vayan en contra de la ciudadan\u00eda y del medio ambiente.<\/p>\n<p>Esto, al poner en marcha, de manera simult\u00e1nea, tres l\u00edneas de verificaci\u00f3n vehicular en agencias automotrices, y entregar 13 mil 322 l\u00e1mparas tipo LED a 14 municipios, a fin de combatir el cambio clim\u00e1tico. Adem\u00e1s, dio inicio al sistema de programaci\u00f3n de citas de verificaci\u00f3n vehicular v\u00eda internet, las cuales se podr\u00e1n realizar durante los primeros 20 d\u00edas de cada mes, de lunes a viernes, en los horarios habituales de los verificentros.<\/p>\n<p>Por lo tanto, los interesados en solicitar este servicio, pueden hacerlo en la direcci\u00f3n electr\u00f3nica de la Secretar\u00eda de Medio Ambiente estatal: <a href=\"http:\/\/sma.\u00adedomex.\u00adgob.\u00admx\/\" target=\"_blank\">http:\/\/sma.\u00adedomex.\u00adgob.\u00admx\/<\/a> en el \u00edcono \u201cprogramaci\u00f3n de citas\u201d, para elegir el d\u00eda, la hora y el verificentro en el que desean hacer este proceso. Eruviel \u00c1vila afirm\u00f3 que las l\u00edneas de verificaci\u00f3n en agencias automotrices, agilizan el proceso de verificaci\u00f3n y evitan posibles actos de corrupci\u00f3n, debido al sistema de reconocimiento bi\u00f3metrico.<\/p>\n<p>Tambi\u00e9n inform\u00f3 que el gobierno mexiquense instruy\u00f3 autorizar el equivalente a 6.6 millones de pesos para la actualizaci\u00f3n de la red autom\u00e1tica de monitoreo en la zona metropolitana del Valle de Toluca, as\u00ed como avalar otros 11.87 millones de pesos para adquirir dos sensores remotos, a fin de apoyar la verificaci\u00f3n vehicular de esta regi\u00f3n.<\/p>\n<p><em><a href=\"mailto:montanezaguilar@gmail.com\" target=\"_blank\">montanezaguilar@gmail.com<\/a><\/em><\/p>\n","protected":false},"excerpt":{"rendered":"<p><span style=\"color: #005497;\">Jos\u00e9 Luis Monta\u00f1ez Aguilar<\/span><br \/>\n<br \/>\nEl gobernador Eruviel \u00c1vila Villegas anunci\u00f3 que a los verificentros que reincidan en actos irregulares se les cancelar\u00e1 la concesi\u00f3n correspondiente, para evitar posibles actos de corrupci\u00f3n, pues no se tolerar\u00e1n acciones que vayan en contra de la ciudadan\u00eda y del medio ambiente.<\/p>\n","protected":false},"author":3,"featured_media":258930,"comment_status":"open","ping_status":"open","sticky":false,"template":"","format":"standard","meta":{"_monsterinsights_skip_tracking":false,"_monsterinsights_sitenote_active":false,"_monsterinsights_sitenote_note":"","_monsterinsights_sitenote_category":0,"footnotes":""},"categories":[5],"tags":[6731,43675,876,49394],"class_list":["post-258870","post","type-post","status-publish","format-standard","has-post-thumbnail","hentry","category-estado-de-mexico","tag-clausura","tag-estado-de-mexico","tag-metepec","tag-verificentros"],"_links":{"self":[{"href":"https:\/\/www.diarioimagen.net\/index.php?rest_route=\/wp\/v2\/posts\/258870","targetHints":{"allow":["GET"]}}],"collection":[{"href":"https:\/\/www.diarioimagen.net\/index.php?rest_route=\/wp\/v2\/posts"}],"about":[{"href":"https:\/\/www.diarioimagen.net\/index.php?rest_route=\/wp\/v2\/types\/post"}],"author":[{"embeddable":true,"href":"https:\/\/www.diarioimagen.net\/index.php?rest_route=\/wp\/v2\/users\/3"}],"replies":[{"embeddable":true,"href":"https:\/\/www.diarioimagen.net\/index.php?rest_route=%2Fwp%2Fv2%2Fcomments&post=258870"}],"version-history":[{"count":0,"href":"https:\/\/www.diarioimagen.net\/index.php?rest_route=\/wp\/v2\/posts\/258870\/revisions"}],"wp:featuredmedia":[{"embeddable":true,"href":"https:\/\/www.diarioimagen.net\/index.php?rest_route=\/wp\/v2\/media\/258930"}],"wp:attachment":[{"href":"https:\/\/www.diarioimagen.net\/index.php?rest_route=%2Fwp%2Fv2%2Fmedia&parent=258870"}],"wp:term":[{"taxonomy":"category","embeddable":true,"href":"https:\/\/www.diarioimagen.net\/index.php?rest_route=%2Fwp%2Fv2%2Fcategories&post=258870"},{"taxonomy":"post_tag","embeddable":true,"href":"https:\/\/www.diarioimagen.net\/index.php?rest_route=%2Fwp%2Fv2%2Ftags&post=258870"}],"curies":[{"name":"wp","href":"https:\/\/api.w.org\/{rel}","templated":true}]}}