{"id":258872,"date":"2016-03-07T00:08:32","date_gmt":"2016-03-07T06:08:32","guid":{"rendered":"http:\/\/www.diarioimagen.net\/?p=258872"},"modified":"2016-03-07T01:44:44","modified_gmt":"2016-03-07T07:44:44","slug":"edomex-cifra-record-de-colonias-de-la-monarca","status":"publish","type":"post","link":"https:\/\/www.diarioimagen.net\/?p=258872","title":{"rendered":"Edomex: cifra r\u00e9cord de colonias de la Monarca"},"content":{"rendered":"<ul>\n<li><strong><em>Registro de 200% m\u00e1s mariposas que en 2015<\/em><\/strong><\/li>\n<\/ul>\n<p>&nbsp;<\/p>\n<p><a href=\"http:\/\/www.diarioimagen.net\/?attachment_id=258949\" rel=\"attachment wp-att-258949\"><img loading=\"lazy\" decoding=\"async\" class=\"aligncenter size-large wp-image-258949\" src=\"http:\/\/www.diarioimagen.net\/wp-content\/uploads\/2016\/03\/eruviel-monarcas-2819-420x236.jpg\" alt=\"eruviel-monarcas-2819\" width=\"420\" height=\"236\" srcset=\"https:\/\/www.diarioimagen.net\/wp-content\/uploads\/2016\/03\/eruviel-monarcas-2819-420x236.jpg 420w, https:\/\/www.diarioimagen.net\/wp-content\/uploads\/2016\/03\/eruviel-monarcas-2819-240x135.jpg 240w, https:\/\/www.diarioimagen.net\/wp-content\/uploads\/2016\/03\/eruviel-monarcas-2819-235x132.jpg 235w, https:\/\/www.diarioimagen.net\/wp-content\/uploads\/2016\/03\/eruviel-monarcas-2819-202x114.jpg 202w, https:\/\/www.diarioimagen.net\/wp-content\/uploads\/2016\/03\/eruviel-monarcas-2819-350x196.jpg 350w, https:\/\/www.diarioimagen.net\/wp-content\/uploads\/2016\/03\/eruviel-monarcas-2819-220x123.jpg 220w, https:\/\/www.diarioimagen.net\/wp-content\/uploads\/2016\/03\/eruviel-monarcas-2819-237x132.jpg 237w, https:\/\/www.diarioimagen.net\/wp-content\/uploads\/2016\/03\/eruviel-monarcas-2819.jpg 480w\" sizes=\"auto, (max-width: 420px) 100vw, 420px\" \/><\/a><\/p>\n<p>&nbsp;<\/p>\n<p><strong>Toluca, Estado de M\u00e9xico.<\/strong>&#8211; El gobernador Eruviel \u00c1vila Villegas dio a conocer que, producto del trabajo en equipo entre los gobiernos de Estados Unidos, de Canad\u00e1 y M\u00e9xico, y de los estados de M\u00e9xico y Michoac\u00e1n, as\u00ed como los gobiernos municipales, durante la temporada 2015-2016 se alcanz\u00f3 una cifra r\u00e9cord en la cantidad de colonias de mariposa monarca, gracias a que se consigui\u00f3 regenerar los bosques a los que arriba esta especie durante el invierno.<\/p>\n<p>\u201cGracias al trabajo que hemos realizado todos en equipo: autoridades municipales, iniciativa privada, los gobiernos federales de estos pa\u00edses de Am\u00e9rica del Norte, gracias a estas acciones que tambi\u00e9n hemos llevado a cabo, que regeneran nuestros bosques, durante esta temporada se ha roto r\u00e9cord en las colonias de mariposa monarca. En la temporada 2015-2016, que ya casi va a concluir, se formaron nueve colonias de mariposas monarca, cinco en el Estado de M\u00e9xico, cuatro en el hermano estado de Michoac\u00e1n\u201d, expres\u00f3.<\/p>\n<p>Eruviel \u00c1vila precis\u00f3 que las cinco colonias conformadas durante esta temporada en zonas forestales mexiquenses, abarcan una extensi\u00f3n superior a cuatro hect\u00e1reas de bosque, lo que representa 1.13 hect\u00e1reas m\u00e1s que lo registrado en el periodo 2014-2015, y que la cantidad de mariposas aument\u00f3 en m\u00e1s de\u00a0 200 por ciento respecto al a\u00f1o anterior.<\/p>\n<p>Por ello, reconoci\u00f3 al personal de la Secretar\u00eda de Medio Ambiente y Recursos Naturales (Semarnat), de la Comisi\u00f3n Nacional de \u00c1reas Naturales Protegidas y de la Alianza WW Fundaci\u00f3n-Telcel, ya que desde el a\u00f1o 2003 realizan un monitoreo ininterrumpido sobre la poblaci\u00f3n y las condiciones en las que se encuentra esta especie de lepid\u00f3ptero.<\/p>\n<p>Asimismo, el gobernador consider\u00f3 que al continuar combatiendo la tala clandestina y apoyando los programas estatales de conservaci\u00f3n ambiental, como el de Microcuencas o el de Pago por Servicios Ambientales, se continuar\u00e1 mejorando la condici\u00f3n de las \u00e1reas forestales del estado, las cuales son ecosistema de \u00e9sta y muchas otras especies de animales.<\/p>\n","protected":false},"excerpt":{"rendered":"<p>El gobernador Eruviel \u00c1vila Villegas dio a conocer que, producto del trabajo en equipo entre los gobiernos de Estados Unidos, de Canad\u00e1 y M\u00e9xico, y de los estados de M\u00e9xico y Michoac\u00e1n, as\u00ed como los gobiernos municipales, durante la temporada 2015-2016 se alcanz\u00f3 una cifra r\u00e9cord en la cantidad de colonias de mariposa monarca, gracias a que se consigui\u00f3 regenerar los bosques a los que arriba esta especie durante el invierno.<\/p>\n","protected":false},"author":3,"featured_media":258949,"comment_status":"open","ping_status":"open","sticky":false,"template":"","format":"standard","meta":{"_monsterinsights_skip_tracking":false,"_monsterinsights_sitenote_active":false,"_monsterinsights_sitenote_note":"","_monsterinsights_sitenote_category":0,"footnotes":""},"categories":[5],"tags":[43675,7338,47615,15121,452],"class_list":["post-258872","post","type-post","status-publish","format-standard","has-post-thumbnail","hentry","category-estado-de-mexico","tag-estado-de-mexico","tag-mariposa-monarca","tag-monarca","tag-record","tag-toluca"],"_links":{"self":[{"href":"https:\/\/www.diarioimagen.net\/index.php?rest_route=\/wp\/v2\/posts\/258872","targetHints":{"allow":["GET"]}}],"collection":[{"href":"https:\/\/www.diarioimagen.net\/index.php?rest_route=\/wp\/v2\/posts"}],"about":[{"href":"https:\/\/www.diarioimagen.net\/index.php?rest_route=\/wp\/v2\/types\/post"}],"author":[{"embeddable":true,"href":"https:\/\/www.diarioimagen.net\/index.php?rest_route=\/wp\/v2\/users\/3"}],"replies":[{"embeddable":true,"href":"https:\/\/www.diarioimagen.net\/index.php?rest_route=%2Fwp%2Fv2%2Fcomments&post=258872"}],"version-history":[{"count":0,"href":"https:\/\/www.diarioimagen.net\/index.php?rest_route=\/wp\/v2\/posts\/258872\/revisions"}],"wp:featuredmedia":[{"embeddable":true,"href":"https:\/\/www.diarioimagen.net\/index.php?rest_route=\/wp\/v2\/media\/258949"}],"wp:attachment":[{"href":"https:\/\/www.diarioimagen.net\/index.php?rest_route=%2Fwp%2Fv2%2Fmedia&parent=258872"}],"wp:term":[{"taxonomy":"category","embeddable":true,"href":"https:\/\/www.diarioimagen.net\/index.php?rest_route=%2Fwp%2Fv2%2Fcategories&post=258872"},{"taxonomy":"post_tag","embeddable":true,"href":"https:\/\/www.diarioimagen.net\/index.php?rest_route=%2Fwp%2Fv2%2Ftags&post=258872"}],"curies":[{"name":"wp","href":"https:\/\/api.w.org\/{rel}","templated":true}]}}