{"id":258883,"date":"2016-03-07T00:05:01","date_gmt":"2016-03-07T06:05:01","guid":{"rendered":"http:\/\/www.diarioimagen.net\/?p=258883"},"modified":"2016-03-08T01:12:56","modified_gmt":"2016-03-08T07:12:56","slug":"destaca-meade-avances-en-cruzada-contra-el-hambre","status":"publish","type":"post","link":"https:\/\/www.diarioimagen.net\/?p=258883","title":{"rendered":"Destaca Meade avances en Cruzada contra el Hambre"},"content":{"rendered":"<ul>\n<li><strong><em>La meta, llegar a 5 mil 100 comedores este a\u00f1o<\/em><\/strong><\/li>\n<\/ul>\n<p>&nbsp;<\/p>\n<div id=\"attachment_258976\" style=\"width: 430px\" class=\"wp-caption aligncenter\"><a href=\"http:\/\/www.diarioimagen.net\/?attachment_id=258976\" rel=\"attachment wp-att-258976\"><img loading=\"lazy\" decoding=\"async\" aria-describedby=\"caption-attachment-258976\" class=\"size-large wp-image-258976\" src=\"http:\/\/www.diarioimagen.net\/wp-content\/uploads\/2016\/03\/meade-2819-420x236.jpg\" alt=\"Jos\u00e9 Antonio Meade Kuribre\u00f1a afirma que se llegar\u00e1 a la meta de instalar 5 mil 100 comedores comunitarios este a\u00f1o.\" width=\"420\" height=\"236\" srcset=\"https:\/\/www.diarioimagen.net\/wp-content\/uploads\/2016\/03\/meade-2819-420x236.jpg 420w, https:\/\/www.diarioimagen.net\/wp-content\/uploads\/2016\/03\/meade-2819-240x135.jpg 240w, https:\/\/www.diarioimagen.net\/wp-content\/uploads\/2016\/03\/meade-2819-235x132.jpg 235w, https:\/\/www.diarioimagen.net\/wp-content\/uploads\/2016\/03\/meade-2819-202x114.jpg 202w, https:\/\/www.diarioimagen.net\/wp-content\/uploads\/2016\/03\/meade-2819-350x196.jpg 350w, https:\/\/www.diarioimagen.net\/wp-content\/uploads\/2016\/03\/meade-2819-220x123.jpg 220w, https:\/\/www.diarioimagen.net\/wp-content\/uploads\/2016\/03\/meade-2819-237x132.jpg 237w, https:\/\/www.diarioimagen.net\/wp-content\/uploads\/2016\/03\/meade-2819.jpg 480w\" sizes=\"auto, (max-width: 420px) 100vw, 420px\" \/><\/a><p id=\"caption-attachment-258976\" class=\"wp-caption-text\">Jos\u00e9 Antonio Meade Kuribre\u00f1a afirma que se llegar\u00e1 a la meta de instalar 5 mil 100 comedores comunitarios este a\u00f1o.<\/p><\/div>\n<p>&nbsp;<\/p>\n<p>El secretario de Desarrollo Social, Jos\u00e9 Antonio Meade Kuribre\u00f1a, se\u00f1al\u00f3 que en municipios atendidos por la Cruzada Nacional contra el Hambre se aprecia una mejora importante en las carencias, y record\u00f3 que se llegar\u00e1 a la meta de instalar 5 mil 100 comedores comunitarios este a\u00f1o.<\/p>\n<p>En entrevista, detall\u00f3 que en el despliegue territorial de ese programa se tienen avances importantes respecto de todas las carencias, en particular en 400 municipios que fueron atendidos en una primera instancia por la Cruzada.<\/p>\n<p>Luego de presidir la toma de protesta del nuevo presidente del Consejo Directivo de la Asociaci\u00f3n Nacional de Charros, Jos\u00e9 Arturo Jim\u00e9nez Mangas, asegur\u00f3 adem\u00e1s que se mantendr\u00e1 el di\u00e1logo con el Consejo Nacional de Evaluaci\u00f3n de la Pol\u00edtica de Desarrollo Social (Coneval).<\/p>\n<p>Dicho consejo, expuso, se\u00f1ala \u00e1reas de oportunidad as\u00ed como los avances importantes, por lo que se mantendr\u00e1 la comunicaci\u00f3n para reconocer los ajustes que se puedan hacer mediante el di\u00e1logo y la coordinaci\u00f3n.<\/p>\n<p>Asimismo, en el acto donde estuvo presente tambi\u00e9n el jefe de gobierno, Miguel \u00c1ngel Mancera Espinosa, abund\u00f3 que se trabaja en enfocar los esfuerzos de los distintos actores que pueden incidir contra la pobreza y realizar un esfuerzo coordinado.<\/p>\n<p>En otro tema, reiter\u00f3 que no habr\u00e1 un recorte en los programas de desarrollo social y est\u00e1n preparados para los procesos electorales en el pa\u00eds, aunque hasta el momento no se tiene ninguna denuncia en este sentido.<\/p>\n<p>En el acto, Meade Kuribre\u00f1a destac\u00f3 los valores que re\u00fane la familia charra en esta tradici\u00f3n, como la patria y el honor.<\/p>\n<p>En el lienzo Javier Rojo G\u00f3mez de la Asociaci\u00f3n Nacional de Charros, el funcionario federal dio la palabra al jefe de gobierno, Miguel \u00c1ngel Mancera, para que rindiera la protesta a los nuevos integrantes del Consejo Directivo de la agrupaci\u00f3n.En su discurso, Mancera Espinosa felicit\u00f3 a las mujeres y hombres que practican esta tradici\u00f3n y reconoci\u00f3 el trabajo que realizan, as\u00ed como los valores que enarbolan.<\/p>\n<p style=\"text-align: center;\"><strong>Diconsa abastece a estancias infantiles <\/strong><\/p>\n<p>Diconsa abastecer\u00e1 v\u00edveres nutritivos a 140 estancias infantiles operadas por la Secretar\u00eda de Desarrollo Social (Sedesol) en Colima, lo que repercutir\u00e1 en el crecimiento y sano desarrollo de los ni\u00f1os.<\/p>\n<p>En un comunicado, el gerente de la sucursal Centro de la paraestatal, Jos\u00e9 Alberto P\u00e9rez Franco, coment\u00f3 que la modalidad de tienda m\u00f3vil llega tambi\u00e9n con alimentos y productos b\u00e1sicos de primera necesidad a las estancias infantiles interesadas en esta modalidad de abasto, por lo que se dise\u00f1an rutas que ayuden a cumplir este cometido.<\/p>\n<p>Se\u00f1al\u00f3 que la intenci\u00f3n del convenio firmado entre Diconsa y las estancias es que pueda replicarse en otros estados, a fin de que un mayor n\u00famero de poblaci\u00f3n pueda comprar alimentos de la canasta b\u00e1sica a los mejores precios.<\/p>\n<p>P\u00e9rez Franco destac\u00f3 que Diconsa provee alimentos sanos, variados y suficientes a 10 municipios de la entidad mediante 86 tiendas comunitarias fijas y una tienda m\u00f3vil donde opera el Programa de Abasto Rural (PAR).<\/p>\n<p>Habitantes de la capital del estado, Armer\u00eda, Coquimatl\u00e1n, Comala, Cuauht\u00e9moc, Ixtlahuac\u00e1n, Minatitl\u00e1n, Villa de \u00c1lvarez, Manzanillo y Tecom\u00e1n, estos dos \u00faltimos incluidos en la Cruzada Nacional contra el Hambre (CNcH), recibir\u00e1n los 19 productos con alto valor nutricional que se proveen mediante la Tarjeta SINHambre.<\/p>\n<p>Mientras que la tienda m\u00f3vil acerca mercanc\u00eda: aceite, arroz, at\u00fan, avena, az\u00facar, caf\u00e9 soluble, chiles enlatados, chocolate en polvo, crema dental, detergente en polvo, frijol, galletas de animalitos, harina de ma\u00edz, harina de trigo, jab\u00f3n de lavander\u00eda, y de tocador, leche en polvo, ma\u00edz, papel higi\u00e9nico, pasta para sopa, sal de mesa, sardina y lenteja, entre otros.<\/p>\n<p>&nbsp;<\/p>\n","protected":false},"excerpt":{"rendered":"<p>El secretario de Desarrollo Social, Jos\u00e9 Antonio Meade Kuribre\u00f1a, se\u00f1al\u00f3 que en municipios atendidos por la Cruzada Nacional contra el Hambre se aprecia una mejora importante en las carencias, y record\u00f3 que se llegar\u00e1 a la meta de instalar 5 mil 100 comedores comunitarios este a\u00f1o.<\/p>\n","protected":false},"author":3,"featured_media":258976,"comment_status":"open","ping_status":"open","sticky":false,"template":"","format":"standard","meta":{"_monsterinsights_skip_tracking":false,"_monsterinsights_sitenote_active":false,"_monsterinsights_sitenote_note":"","_monsterinsights_sitenote_category":0,"footnotes":""},"categories":[3],"tags":[26691,26429,43673],"class_list":["post-258883","post","type-post","status-publish","format-standard","has-post-thumbnail","hentry","category-nacional","tag-cruzada-contra-el-hambre","tag-jose-antonio-meade-kuribrena","tag-nacional"],"_links":{"self":[{"href":"https:\/\/www.diarioimagen.net\/index.php?rest_route=\/wp\/v2\/posts\/258883","targetHints":{"allow":["GET"]}}],"collection":[{"href":"https:\/\/www.diarioimagen.net\/index.php?rest_route=\/wp\/v2\/posts"}],"about":[{"href":"https:\/\/www.diarioimagen.net\/index.php?rest_route=\/wp\/v2\/types\/post"}],"author":[{"embeddable":true,"href":"https:\/\/www.diarioimagen.net\/index.php?rest_route=\/wp\/v2\/users\/3"}],"replies":[{"embeddable":true,"href":"https:\/\/www.diarioimagen.net\/index.php?rest_route=%2Fwp%2Fv2%2Fcomments&post=258883"}],"version-history":[{"count":0,"href":"https:\/\/www.diarioimagen.net\/index.php?rest_route=\/wp\/v2\/posts\/258883\/revisions"}],"wp:featuredmedia":[{"embeddable":true,"href":"https:\/\/www.diarioimagen.net\/index.php?rest_route=\/wp\/v2\/media\/258976"}],"wp:attachment":[{"href":"https:\/\/www.diarioimagen.net\/index.php?rest_route=%2Fwp%2Fv2%2Fmedia&parent=258883"}],"wp:term":[{"taxonomy":"category","embeddable":true,"href":"https:\/\/www.diarioimagen.net\/index.php?rest_route=%2Fwp%2Fv2%2Fcategories&post=258883"},{"taxonomy":"post_tag","embeddable":true,"href":"https:\/\/www.diarioimagen.net\/index.php?rest_route=%2Fwp%2Fv2%2Ftags&post=258883"}],"curies":[{"name":"wp","href":"https:\/\/api.w.org\/{rel}","templated":true}]}}