{"id":258888,"date":"2016-03-07T00:06:25","date_gmt":"2016-03-07T06:06:25","guid":{"rendered":"http:\/\/www.diarioimagen.net\/?p=258888"},"modified":"2016-03-07T01:42:35","modified_gmt":"2016-03-07T07:42:35","slug":"rehabilitaran-los-tres-deportivos-de-tultitlan","status":"publish","type":"post","link":"https:\/\/www.diarioimagen.net\/?p=258888","title":{"rendered":"Rehabilitar\u00e1n los tres deportivos de Tultitl\u00e1n"},"content":{"rendered":"<ul>\n<li><strong><em>Dignifican espacios p\u00fablicos<\/em><\/strong><\/li>\n<\/ul>\n<p>&nbsp;<\/p>\n<p><a href=\"http:\/\/www.diarioimagen.net\/?attachment_id=258944\" rel=\"attachment wp-att-258944\"><img loading=\"lazy\" decoding=\"async\" class=\"aligncenter size-large wp-image-258944\" src=\"http:\/\/www.diarioimagen.net\/wp-content\/uploads\/2016\/03\/tultitlan-2819-420x236.jpg\" alt=\"tultitlan-2819\" width=\"420\" height=\"236\" srcset=\"https:\/\/www.diarioimagen.net\/wp-content\/uploads\/2016\/03\/tultitlan-2819-420x236.jpg 420w, https:\/\/www.diarioimagen.net\/wp-content\/uploads\/2016\/03\/tultitlan-2819-240x135.jpg 240w, https:\/\/www.diarioimagen.net\/wp-content\/uploads\/2016\/03\/tultitlan-2819-235x132.jpg 235w, https:\/\/www.diarioimagen.net\/wp-content\/uploads\/2016\/03\/tultitlan-2819-202x114.jpg 202w, https:\/\/www.diarioimagen.net\/wp-content\/uploads\/2016\/03\/tultitlan-2819-350x196.jpg 350w, https:\/\/www.diarioimagen.net\/wp-content\/uploads\/2016\/03\/tultitlan-2819-220x123.jpg 220w, https:\/\/www.diarioimagen.net\/wp-content\/uploads\/2016\/03\/tultitlan-2819-237x132.jpg 237w, https:\/\/www.diarioimagen.net\/wp-content\/uploads\/2016\/03\/tultitlan-2819.jpg 480w\" sizes=\"auto, (max-width: 420px) 100vw, 420px\" \/><\/a><\/p>\n<p>&nbsp;<\/p>\n<p><strong>Tultitl\u00e1n, Estado de M\u00e9xico<\/strong>.-\u00a0Dignificar los espacios p\u00fablicos y de manera particular las instalaciones que albergan a los tres deportivos con los que se cuenta en el municipio, as\u00ed como brindar un servicio de calidad con profesores debidamente capacitados y certificados,\u00a0 son parte de las premisas que \u00a0el alcalde y Jorge Ad\u00e1n Barr\u00f3n Elizalde tiene en materia deportiva.<\/p>\n<p>Por ello, la administraci\u00f3n 2016-2018, a trav\u00e9s del Instituto Municipal de Cultura F\u00edsica y Deporte (IMCUFIDET), lleva a cabo la rehabilitaci\u00f3n de los deportivos; \u201cToltitlan\u201d, \u201cBicentenario\u201d y \u201cEl Reloj\u201d, los cuales a decir del titular de la dependencia, se encontraban en malas condiciones tanto al exterior \u00a0de los inmuebles, como en el \u00a0\u00e1rea de albercas.<\/p>\n<p>Por lo que indic\u00f3, fue preciso revisar y corregir una serie de fallas en el sistema de calentamiento, as\u00ed como en el uso de qu\u00edmicos, tras los trabajos en el \u00e1rea acu\u00e1tica, \u201choy la calidad del agua es\u00a0 la id\u00f3nea por lo que las tres albercas municipales, funcionan de manera normal\u201d, dijo. En tanto los trabajos de remodelaci\u00f3n y pintura al exterior de los deportivos a\u00fan contin\u00faan.<\/p>\n<p>El encargado del Instituto del Deporte en la demarcaci\u00f3n, afirm\u00f3 que por instrucciones del alcalde Barr\u00f3n Elizalde, los profesores que dirigen las distintas actividades acu\u00e1ticas y deportivas, cuenta con la capacitaci\u00f3n y certificaci\u00f3n necesaria para brindar un servicio de calidad.<\/p>\n<p>Afirm\u00f3 que actualmente, las instalaciones deportivas del IMCUFIDET, brindan servicio a cerca de diez mil usuarios, cifra que indic\u00f3, se tiene proyectado aumentar de manera considerable, \u00a0ya que se iniciara una campa\u00f1a de difusi\u00f3n para que los tultitlenses y habitantes de los municipios vecinos \u00a0conozcan las actividades que se imparten en los deportivos.<\/p>\n<p>Asimismo, el funcionario p\u00fablico indic\u00f3 que el deportivo \u201cToltitlan\u201d es un semillero de talentos deportivos, pues adem\u00e1s de contar con el equipo de f\u00fatbol Pachuca Tultitl\u00e1n, quien en d\u00edas pasados se coron\u00f3 campe\u00f3n de liga en el Torneo Internacional organizado por el Club Pachuca de primera divisi\u00f3n, tambi\u00e9n se tienen grandes talentos en los deportes acu\u00e1ticos, como es el caso de jugadores de waterpolo, algunos de ellos participan en la selecci\u00f3n mexicana de este deporte.<\/p>\n<p>&nbsp;<\/p>\n","protected":false},"excerpt":{"rendered":"<p>Dignificar los espacios p\u00fablicos y de manera particular las instalaciones que albergan a los tres deportivos con los que se cuenta en el municipio, as\u00ed como brindar un servicio de calidad con profesores debidamente capacitados y certificados,  son parte de las premisas que  el alcalde y Jorge Ad\u00e1n Barr\u00f3n Elizalde tiene en materia deportiva.<\/p>\n","protected":false},"author":3,"featured_media":258944,"comment_status":"open","ping_status":"open","sticky":false,"template":"","format":"standard","meta":{"_monsterinsights_skip_tracking":false,"_monsterinsights_sitenote_active":false,"_monsterinsights_sitenote_note":"","_monsterinsights_sitenote_category":0,"footnotes":""},"categories":[35155],"tags":[43675,47869,578],"class_list":["post-258888","post","type-post","status-publish","format-standard","has-post-thumbnail","hentry","category-estado-de-mexico-estado-de-mexico","tag-estado-de-mexico","tag-rehabilitan","tag-tultitlan"],"_links":{"self":[{"href":"https:\/\/www.diarioimagen.net\/index.php?rest_route=\/wp\/v2\/posts\/258888","targetHints":{"allow":["GET"]}}],"collection":[{"href":"https:\/\/www.diarioimagen.net\/index.php?rest_route=\/wp\/v2\/posts"}],"about":[{"href":"https:\/\/www.diarioimagen.net\/index.php?rest_route=\/wp\/v2\/types\/post"}],"author":[{"embeddable":true,"href":"https:\/\/www.diarioimagen.net\/index.php?rest_route=\/wp\/v2\/users\/3"}],"replies":[{"embeddable":true,"href":"https:\/\/www.diarioimagen.net\/index.php?rest_route=%2Fwp%2Fv2%2Fcomments&post=258888"}],"version-history":[{"count":0,"href":"https:\/\/www.diarioimagen.net\/index.php?rest_route=\/wp\/v2\/posts\/258888\/revisions"}],"wp:featuredmedia":[{"embeddable":true,"href":"https:\/\/www.diarioimagen.net\/index.php?rest_route=\/wp\/v2\/media\/258944"}],"wp:attachment":[{"href":"https:\/\/www.diarioimagen.net\/index.php?rest_route=%2Fwp%2Fv2%2Fmedia&parent=258888"}],"wp:term":[{"taxonomy":"category","embeddable":true,"href":"https:\/\/www.diarioimagen.net\/index.php?rest_route=%2Fwp%2Fv2%2Fcategories&post=258888"},{"taxonomy":"post_tag","embeddable":true,"href":"https:\/\/www.diarioimagen.net\/index.php?rest_route=%2Fwp%2Fv2%2Ftags&post=258888"}],"curies":[{"name":"wp","href":"https:\/\/api.w.org\/{rel}","templated":true}]}}