{"id":259023,"date":"2016-03-08T00:11:52","date_gmt":"2016-03-08T06:11:52","guid":{"rendered":"http:\/\/www.diarioimagen.net\/?p=259023"},"modified":"2016-03-08T02:31:33","modified_gmt":"2016-03-08T08:31:33","slug":"esta-semana-abasto-total-de-medicamento-contra-influenza-salud","status":"publish","type":"post","link":"https:\/\/www.diarioimagen.net\/?p=259023","title":{"rendered":"Garantizan abasto de f\u00e1rmaco contra virus de influenza"},"content":{"rendered":"<ul>\n<li><strong><em>Confirma Narro 149 decesos<\/em><\/strong><\/li>\n<\/ul>\n<p>&nbsp;<\/p>\n<div id=\"attachment_259024\" style=\"width: 430px\" class=\"wp-caption aligncenter\"><a href=\"http:\/\/www.diarioimagen.net\/?attachment_id=259024\" rel=\"attachment wp-att-259024\"><img loading=\"lazy\" decoding=\"async\" aria-describedby=\"caption-attachment-259024\" class=\"wp-image-259024 size-large\" src=\"http:\/\/www.diarioimagen.net\/wp-content\/uploads\/2016\/03\/ZIKA-portal-1-420x245.jpg\" alt=\"El secretario de Salud, Jos\u00e9 Narro Robles, inform\u00f3 que hay 4 mil 121 casos de personas infectadas por influenza en general, con 149 defunciones.\" width=\"420\" height=\"245\" srcset=\"https:\/\/www.diarioimagen.net\/wp-content\/uploads\/2016\/03\/ZIKA-portal-1-420x245.jpg 420w, https:\/\/www.diarioimagen.net\/wp-content\/uploads\/2016\/03\/ZIKA-portal-1-240x140.jpg 240w, https:\/\/www.diarioimagen.net\/wp-content\/uploads\/2016\/03\/ZIKA-portal-1.jpg 480w\" sizes=\"auto, (max-width: 420px) 100vw, 420px\" \/><\/a><p id=\"caption-attachment-259024\" class=\"wp-caption-text\">El secretario de Salud, Jos\u00e9 Narro Robles, inform\u00f3 que hay 4 mil 121 casos de personas infectadas por influenza, con 149 defunciones.<\/p><\/div>\n<p>&nbsp;<\/p>\n<p>El secretario de Salud, Jos\u00e9 Narro Robles, afirm\u00f3 que en ning\u00fan estado el virus de la influenza est\u00e1 fuera de control; \u201ctenemos las medidas preventivas y el medicamento para atender particularmente a lo largo de todo el tiempo en el sector p\u00fablico\u201d.<\/p>\n<p>Inform\u00f3 que hay 4 mil 121 casos de personas infectadas por influenza en general, con 149 defunciones, mientras que por AH1N1 suman mil 519 los casos y 111 las muertes, cifras que est\u00e1n dentro de lo previsto, \u201cnada que ver con la gran epidemia que tuvimos en 2009\u201d.<\/p>\n<p>Respecto al tema del f\u00e1rmaco, el titular de la Secretar\u00eda de Salud reconoci\u00f3 que s\u00ed se registr\u00f3 un desa\u00adbasto en las farmacias privadas del pa\u00eds, por lo que la demanda del sector privado se atendi\u00f3 con tratamientos del sector p\u00fablico.<\/p>\n<p>Esta semana se tendr\u00e1 el abasto total en el pa\u00eds del medicamento para atender la influenza, adem\u00e1s de que se tiene una reserva estrat\u00e9gica, afirm\u00f3 el titular de la Ssa.<\/p>\n<p>El funcionario federal refiri\u00f3 que en el periodo de noviembre pasado a lo que va de marzo, el sector privado ha recibido 97 mil 973 dosis, y s\u00f3lo \u201cen la \u00faltima semana se inyectaron al sector privado 17 mil tratamientos\u201d.<\/p>\n<p>Est\u00e1 pr\u00e1cticamente en v\u00edas de ser regularizado y contamos con una reserva estrat\u00e9gica restablecida porque entre martes y mi\u00e9rcoles de la semana pasada se recibieron 85 mil tratamientos, indic\u00f3 el ex rector de la UNAM.<\/p>\n<p>Tras reiterar que esta semana debe quedar totalmente restablecido el abasto de oseltamivir, Jos\u00e9 Narro previ\u00f3 que luego de que se liber\u00f3 la f\u00f3rmula del f\u00e1rmaco, en el segundo semestre del a\u00f1o, los laboratorios que resulten aprobados tendr\u00e1n la posibilidad de distribuirlo.<\/p>\n<p style=\"text-align: center;\"><strong>Casos de zika<\/strong><\/p>\n<p>Respecto a los casos de zika en el pa\u00eds, Narro Robles report\u00f3 que tienen registro de 20 embarazadas que tuvieron este virus, de las cuales 17 son del estado de Chiapas, dos de Oaxaca y una m\u00e1s de Veracruz.<\/p>\n<p>Indic\u00f3, incluso que \u201cya naci\u00f3 un ni\u00f1o de una madre que tuvo zika y el ni\u00f1o naci\u00f3 con absoluta normalidad\u201d, afirm\u00f3 Narro Robles, quien record\u00f3 que a cada caso se le da puntual seguimiento.<\/p>\n<p>El secretario de Salud se\u00f1al\u00f3 que ante la pr\u00f3xima temporada de calor es probable que se incremente el n\u00famero de casos de esta enfermedad, por lo que ayer se puso en marcha la Primera Jornada Nacional de Lucha con las enfermedades del zika, dengue y chikungunya.<\/p>\n","protected":false},"excerpt":{"rendered":"<p>El secretario de Salud, Jos\u00e9 Narro Robles, afirm\u00f3 que en ning\u00fan estado el virus de la influenza est\u00e1 fuera de control; \u201ctenemos las medidas preventivas y el medicamento para atender particularmente a lo largo de todo el tiempo en el sector p\u00fablico\u201d.<\/p>\n","protected":false},"author":5,"featured_media":259024,"comment_status":"open","ping_status":"open","sticky":false,"template":"","format":"standard","meta":{"_monsterinsights_skip_tracking":false,"_monsterinsights_sitenote_active":false,"_monsterinsights_sitenote_note":"","_monsterinsights_sitenote_category":0,"footnotes":""},"categories":[877],"tags":[663,571,43673,43692],"class_list":["post-259023","post","type-post","status-publish","format-standard","has-post-thumbnail","hentry","category-salud","tag-influenza","tag-jose-narro-robles","tag-nacional","tag-salud"],"_links":{"self":[{"href":"https:\/\/www.diarioimagen.net\/index.php?rest_route=\/wp\/v2\/posts\/259023","targetHints":{"allow":["GET"]}}],"collection":[{"href":"https:\/\/www.diarioimagen.net\/index.php?rest_route=\/wp\/v2\/posts"}],"about":[{"href":"https:\/\/www.diarioimagen.net\/index.php?rest_route=\/wp\/v2\/types\/post"}],"author":[{"embeddable":true,"href":"https:\/\/www.diarioimagen.net\/index.php?rest_route=\/wp\/v2\/users\/5"}],"replies":[{"embeddable":true,"href":"https:\/\/www.diarioimagen.net\/index.php?rest_route=%2Fwp%2Fv2%2Fcomments&post=259023"}],"version-history":[{"count":0,"href":"https:\/\/www.diarioimagen.net\/index.php?rest_route=\/wp\/v2\/posts\/259023\/revisions"}],"wp:featuredmedia":[{"embeddable":true,"href":"https:\/\/www.diarioimagen.net\/index.php?rest_route=\/wp\/v2\/media\/259024"}],"wp:attachment":[{"href":"https:\/\/www.diarioimagen.net\/index.php?rest_route=%2Fwp%2Fv2%2Fmedia&parent=259023"}],"wp:term":[{"taxonomy":"category","embeddable":true,"href":"https:\/\/www.diarioimagen.net\/index.php?rest_route=%2Fwp%2Fv2%2Fcategories&post=259023"},{"taxonomy":"post_tag","embeddable":true,"href":"https:\/\/www.diarioimagen.net\/index.php?rest_route=%2Fwp%2Fv2%2Ftags&post=259023"}],"curies":[{"name":"wp","href":"https:\/\/api.w.org\/{rel}","templated":true}]}}