{"id":259073,"date":"2016-03-08T00:01:17","date_gmt":"2016-03-08T06:01:17","guid":{"rendered":"http:\/\/www.diarioimagen.net\/?p=259073"},"modified":"2016-03-08T03:33:47","modified_gmt":"2016-03-08T09:33:47","slug":"merida-destino-numero-21-de-american-airlines-al-inaugurar-la-nueva-ruta-dallasfort-worth-merida","status":"publish","type":"post","link":"https:\/\/www.diarioimagen.net\/?p=259073","title":{"rendered":"M\u00e9rida, destino n\u00famero 21 de American Airlines, al inaugurar la nueva ruta Dallas\/Fort Worth-M\u00e9rida"},"content":{"rendered":"<h2>De cinco estrellas<\/h2>\n<h5>Victoria Gonz\u00e1lez Prado<\/h5>\n<p>&nbsp;<\/p>\n<ul>\n<li><em><strong>Rafael Nadal regres\u00f3 a <\/strong><\/em><strong>Secrets Aura Cozumel<\/strong><em><strong>, para disfrutar de sus vacaciones en nuestro pa\u00eds<\/strong><\/em><\/li>\n<li><em><strong>Unen esfuerzos Estrella de Oro\u00a0y\u00a0DIF Acapulco, para apoyar a grupos vulnerables del estado de Guerrero, en materia de salud<\/strong><\/em><\/li>\n<li><em><strong>La Secretar\u00eda de Turismo de San Luis Potos\u00ed da capacitaci\u00f3n para atender al turista en Semana Santa y Pascua<\/strong><\/em><\/li>\n<\/ul>\n<p>&nbsp;<\/p>\n<div id=\"attachment_259196\" style=\"width: 430px\" class=\"wp-caption aligncenter\"><a href=\"http:\/\/www.diarioimagen.net\/?attachment_id=259196\" rel=\"attachment wp-att-259196\"><img loading=\"lazy\" decoding=\"async\" aria-describedby=\"caption-attachment-259196\" class=\"size-large wp-image-259196\" src=\"http:\/\/www.diarioimagen.net\/wp-content\/uploads\/2016\/03\/turismo-2820-420x236.jpg\" alt=\"En la inauguraci\u00f3n de vuelo Dallas\/Fort Worth- M\u00e9rida.\" width=\"420\" height=\"236\" srcset=\"https:\/\/www.diarioimagen.net\/wp-content\/uploads\/2016\/03\/turismo-2820-420x236.jpg 420w, https:\/\/www.diarioimagen.net\/wp-content\/uploads\/2016\/03\/turismo-2820-240x135.jpg 240w, https:\/\/www.diarioimagen.net\/wp-content\/uploads\/2016\/03\/turismo-2820-235x132.jpg 235w, https:\/\/www.diarioimagen.net\/wp-content\/uploads\/2016\/03\/turismo-2820-202x114.jpg 202w, https:\/\/www.diarioimagen.net\/wp-content\/uploads\/2016\/03\/turismo-2820-350x196.jpg 350w, https:\/\/www.diarioimagen.net\/wp-content\/uploads\/2016\/03\/turismo-2820-220x123.jpg 220w, https:\/\/www.diarioimagen.net\/wp-content\/uploads\/2016\/03\/turismo-2820-237x132.jpg 237w, https:\/\/www.diarioimagen.net\/wp-content\/uploads\/2016\/03\/turismo-2820.jpg 480w\" sizes=\"auto, (max-width: 420px) 100vw, 420px\" \/><\/a><p id=\"caption-attachment-259196\" class=\"wp-caption-text\">En la inauguraci\u00f3n de vuelo Dallas\/Fort Worth- M\u00e9rida.<\/p><\/div>\n<p>&nbsp;<\/p>\n<p>La ciudad de M\u00e9rida, Yucat\u00e1n, se convierte en el destino 21 de American Airlines, al inaugurar la ruta\u00a0desde\u00a0el\u00a0aeropuerto internacional de\u00a0Dallas\/Fort\u00a0Worth,\u00a0al\u00a0aeropuerto\u00a0Manuel\u00a0Crescencio Rej\u00f3n en la Ciudad Blanca.<\/p>\n<p>As\u00ed, desde el pasado jueves, el vuelo opera cinco veces a la semana (excepto martes y mi\u00e9rcoles), en un Airbus 319 con capacidad de ocho asientos en clase <em>Business<\/em> y 120 en turista.<\/p>\n<p>Durante el acto inaugural en el aeropuerto, estuvieron <strong>Phil Olivieri<\/strong>, <em>Managing Director<\/em> de M\u00e9xico y Centroam\u00e9rica, y <strong>Tony Guti\u00e9rrez<\/strong>, directora general de <em>American Airlines<\/em> en M\u00e9xico, en compa\u00f1\u00eda del gobernador de esa entidad <strong>Rolando Zapata Bello;<\/strong> el secretario de Turismo Federal, <strong>Enrique de la Madrid<\/strong>, y el secretario de Turismo de Yucat\u00e1n, <strong>Sa\u00fal Ancona<\/strong>.<\/p>\n<p>\u201cYucat\u00e1n es un estado que conjuga enormes riquezas hist\u00f3ricas y culturales, con un din\u00e1mico crecimiento econ\u00f3mico que atrae a todo tipo de viajero, sea de negocio o de placer\u201d, dijo <strong>Tony Guti\u00e9rrez<\/strong>.<\/p>\n<p>\u201cDesde Chich\u00e9n Itz\u00e1, una de las siete maravillas del mundo, y la arquitectura virreinal de M\u00e9rida, hasta la belleza natural y las expresiones culturales de su m\u00fasica, danza y gastronom\u00eda, sumadas a la amabilidad de su gente, son experiencias que definitivamente invitan al turista estadounidense e internacional a visitar la entidad\u201d.<\/p>\n<p>\u201cEs por ello que nos complace y entusiasma servir con excelencia a nuestros pasajeros con este nuevo servicio entre Dallas\/Fort Worth y la ciudad de M\u00e9rida, nuestro destino n\u00famero 21\u201d, asegur\u00f3 <strong>Tony<\/strong>.<\/p>\n<p>Ante la presencia de destacados invitados del sector tur\u00edstico, agentes de viajes, hoteleros, operadores, autoridades de gobierno y aeroportuarias, al igual que <strong>Vicky Uzal<\/strong>, directora comercial y <strong>Alfredo Jaimes<\/strong>, gerente de operaci\u00f3n regional de la aerol\u00ednea, el avi\u00f3n pas\u00f3 por el tradicional ba\u00f1o de agua.<\/p>\n<p>El nuevo vuelo tambi\u00e9n ofrece al pasajero nacional un conveniente servicio de conexi\u00f3n al centro y la costa oeste de los Estados Unidos; de Dallas hacia el resto del mundo.<\/p>\n<p>A m\u00e1s de 73 a\u00f1os de su llegada a M\u00e9xico, en 1942, M\u00e9xico contin\u00faa siendo el destino internacional m\u00e1s grande para <em>American Airlines<\/em>, en t\u00e9rminos de vuelos y destinos.<\/p>\n<p>\u2730\u2730\u2730\u2730\u2730 La superestrella del tenis, <strong>Rafael Nadal<\/strong>, regres\u00f3 a <em>Secrets Aura Cozumel<\/em>, para su escape vacacional anual a M\u00e9xico. <strong>Nadal,<\/strong> copropietario del hotel,\u00a0\u00a0estuvo acompa\u00f1ado por familiares y amigos, disfrutando de las playas espectaculares y restaurantes gourmet del concepto <em>Unlimited-Luxury<\/em>. El ganador de <em>14 Grand Slams<\/em> realiz\u00f3 su sesi\u00f3n de pr\u00e1ctica en una de las canchas del hotel. Cabe recordar que <strong>Nadal<\/strong> tambi\u00e9n es propietario del hotel <em>family-friendly Sunscape Sabor Cozumel<\/em>, situado a un lado de <em>Secrets Aura Cozumel<\/em>.<\/p>\n<p>\u201cSoy muy afortunado de poder regresar a Cozumel a\u00f1o tras a\u00f1o para vacacionar y disfrutar unos de los atardeceres m\u00e1s bellos que he visto. La pesca y <em>snorkeling<\/em> excepcionales del lugar, combinados con su clima y playas \u00fanicas, me ayudan a cargar energ\u00eda\u201d.<\/p>\n<p>\u2730\u2730\u2730\u2730\u2730 Con la finalidad de apoyar a los grupos vulnerables del estado de Guerrero, en materia de salud e incrementar las personas beneficiadas por medio de sus programas asistenciales, contribuyendo as\u00ed a mejorar su calidad de vida, la l\u00ednea de transporte\u00a0Estrella de Oro\u00a0y<strong>\u00a0<\/strong><strong>el DIF Acapulco<\/strong><strong>, <\/strong>unieron esfuerzos.<\/p>\n<p>Para apoyar al DIF Acapulco en esta labor, Estrella de Oro otorga cortes\u00edas de transporte para trasladar a personas de clases desfavorecidas, que por cuestiones de salud, necesitan asistir a centros hospitalarios p\u00fablicos ubicados en las ciudades de M\u00e9xico, Cuernavaca, Iguala, Taxco, Chilpancingo, Acapulco, Zihuatanejo o L\u00e1zaro C\u00e1rdenas.<\/p>\n<p>El convenio entre el DIF Acapulco y Estrella de Oro en favor de los m\u00e1s necesitados comenz\u00f3 en noviembre del a\u00f1o 2012, y se renueva anualmente, con la finalidad de ayudar a los pacientes de escasos recursos y a sus familiares que por distintos motivos tienen que trasladarse del municipio a alguna instituci\u00f3n p\u00fablica de salud. En estos cuatro a\u00f1os, ambas empresas han beneficiado a m\u00e1s de 760 personas.<\/p>\n<p>Mensualmente, la l\u00ednea de transporte destina cortes\u00edas de pasajes sencillos al DIF, mismos que la instituci\u00f3n dona \u00fanica y exclusivamente a la gente que realmente lo necesite. Principalmente son atendidas las personas que provienen de comunidades rurales y colonias suburbanas del municipio, de las cuales un 80% son canalizadas al Hospital General, el Hospital \u201cDr. Nonato G. Alarc\u00f3n\u201d, el Instituto Estatal de Cancerolog\u00eda y el Instituto Estatal de Oftalmolog\u00eda.<\/p>\n<p><strong>Felipe Hern\u00e1ndez Rossano<\/strong>, gerente general de la empresa indica: \u201cDesde hace m\u00e1s de cuatro a\u00f1os nos hemos comprometido con la sociedad mexicana para apoyar a las comunidades vulnerables de la Rep\u00fablica Mexicana. Con estas acciones se refuerza el compromiso que tenemos con la sociedad guerrerense. Este a\u00f1o esperamos poder\u00a0 beneficiar a m\u00e1s pasajeros que lo necesiten.<\/p>\n<p>\u2730\u2730\u2730\u2730\u2730 La Secretar\u00eda de Turismo del estado de San Luis Potos\u00ed, por medio del Departamento de Atenci\u00f3n al Turista, ya est\u00e1 listo para dar capacitaci\u00f3n a 40 prestadores de servicio social, que atender\u00e1n los M\u00f3dulos de Atenci\u00f3n al Visitante, mismos que estar\u00e1n durante la Semana Santa y de Pascua.<\/p>\n<p>La capacitaci\u00f3n se realiza desde ayer lunes y concluye el pr\u00f3ximo de marzo, en la sala Flavio F. Carlos del Teatro de la Paz, donde se estar\u00e1 motivando y sensibilizando a los prestadores de servicio social sobre la importancia que representa para nuestra entidad, el brindar un trato amable y cordial a nuestros visitantes. Y sobre todo donde se les estar\u00e1 proporcionando las herramientas necesarias para que puedan brindar informaci\u00f3n veraz y oportuna.<\/p>\n<p>Los prestadores de servicio social son j\u00f3venes estudiantes de diferentes universidades, quienes despu\u00e9s de la capacitaci\u00f3n son nombrados \u201cEmbajadores Tur\u00edsticos\u201d.<\/p>\n<p>El objetivo de estos M\u00f3dulos de Atenci\u00f3n al Visitante es atender las demandas de informaci\u00f3n, ubicaci\u00f3n y orientaci\u00f3n tur\u00edstica de nacionales y extranjeros durante la Semana Santa y Pascua. Con todo esto se pretende proporcionar al visitante las diferentes alternativas tur\u00edsticas que tenemos en el Estado y que pueda incrementar la estad\u00eda y con ello tambi\u00e9n la derrama econ\u00f3mica.<\/p>\n<p>Los M\u00f3dulos de Atenci\u00f3n al Visitante estar\u00e1n abiertos durante toda la Semana Santa y de Pascua de 10:00 a 21:00 horas.<\/p>\n<p><em><i><a href=\"mailto:victoriagprado@gmail.com\" target=\"_blank\">victoriagprado@gmail.com<\/a><\/i><\/em><br \/>\nTwitter: <em><a href=\"https:\/\/twitter.com\/victoriagprado\" target=\"_blank\">@victoriagprado<\/a><\/em><\/p>\n<p>&nbsp;<\/p>\n","protected":false},"excerpt":{"rendered":"<p>La ciudad de M\u00e9rida, Yucat\u00e1n, se convierte en el destino 21 de American Airlines, al inaugurar la ruta desde el aeropuerto internacional de Dallas\/Fort Worth, al aeropuerto Manuel Crescencio Rej\u00f3n en la Ciudad Blanca.<\/p>\n","protected":false},"author":3,"featured_media":259196,"comment_status":"open","ping_status":"open","sticky":false,"template":"","format":"standard","meta":{"_monsterinsights_skip_tracking":false,"_monsterinsights_sitenote_active":false,"_monsterinsights_sitenote_note":"","_monsterinsights_sitenote_category":0,"footnotes":""},"categories":[11],"tags":[107,43674,43681,106],"class_list":["post-259073","post","type-post","status-publish","format-standard","has-post-thumbnail","hentry","category-turismo","tag-de-cinco-estrellas","tag-opinion","tag-turismo","tag-victoria-gonzalez-prado"],"_links":{"self":[{"href":"https:\/\/www.diarioimagen.net\/index.php?rest_route=\/wp\/v2\/posts\/259073","targetHints":{"allow":["GET"]}}],"collection":[{"href":"https:\/\/www.diarioimagen.net\/index.php?rest_route=\/wp\/v2\/posts"}],"about":[{"href":"https:\/\/www.diarioimagen.net\/index.php?rest_route=\/wp\/v2\/types\/post"}],"author":[{"embeddable":true,"href":"https:\/\/www.diarioimagen.net\/index.php?rest_route=\/wp\/v2\/users\/3"}],"replies":[{"embeddable":true,"href":"https:\/\/www.diarioimagen.net\/index.php?rest_route=%2Fwp%2Fv2%2Fcomments&post=259073"}],"version-history":[{"count":0,"href":"https:\/\/www.diarioimagen.net\/index.php?rest_route=\/wp\/v2\/posts\/259073\/revisions"}],"wp:featuredmedia":[{"embeddable":true,"href":"https:\/\/www.diarioimagen.net\/index.php?rest_route=\/wp\/v2\/media\/259196"}],"wp:attachment":[{"href":"https:\/\/www.diarioimagen.net\/index.php?rest_route=%2Fwp%2Fv2%2Fmedia&parent=259073"}],"wp:term":[{"taxonomy":"category","embeddable":true,"href":"https:\/\/www.diarioimagen.net\/index.php?rest_route=%2Fwp%2Fv2%2Fcategories&post=259073"},{"taxonomy":"post_tag","embeddable":true,"href":"https:\/\/www.diarioimagen.net\/index.php?rest_route=%2Fwp%2Fv2%2Ftags&post=259073"}],"curies":[{"name":"wp","href":"https:\/\/api.w.org\/{rel}","templated":true}]}}