{"id":259075,"date":"2016-03-08T00:06:24","date_gmt":"2016-03-08T06:06:24","guid":{"rendered":"http:\/\/www.diarioimagen.net\/?p=259075"},"modified":"2016-03-09T00:40:41","modified_gmt":"2016-03-09T06:40:41","slug":"decalogo-para-proteger-a-las-mujeres-mexiquenses","status":"publish","type":"post","link":"https:\/\/www.diarioimagen.net\/?p=259075","title":{"rendered":"Dec\u00e1logo para proteger a las mujeres mexiquenses"},"content":{"rendered":"<h2>Arco Norte<\/h2>\n<h5>Jos\u00e9 Luis Monta\u00f1ez Aguilar<\/h5>\n<p>&nbsp;<\/p>\n<div id=\"attachment_259181\" style=\"width: 430px\" class=\"wp-caption aligncenter\"><a href=\"http:\/\/www.diarioimagen.net\/?attachment_id=259181\" rel=\"attachment wp-att-259181\"><img loading=\"lazy\" decoding=\"async\" aria-describedby=\"caption-attachment-259181\" class=\"size-large wp-image-259181\" src=\"http:\/\/www.diarioimagen.net\/wp-content\/uploads\/2016\/03\/arco-2820-420x236.jpg\" alt=\"Eruviel \u00c1vila - Inaugurando el Centro de Atenci\u00f3n Integral para Mujeres.\" width=\"420\" height=\"236\" srcset=\"https:\/\/www.diarioimagen.net\/wp-content\/uploads\/2016\/03\/arco-2820-420x236.jpg 420w, https:\/\/www.diarioimagen.net\/wp-content\/uploads\/2016\/03\/arco-2820-240x135.jpg 240w, https:\/\/www.diarioimagen.net\/wp-content\/uploads\/2016\/03\/arco-2820-235x132.jpg 235w, https:\/\/www.diarioimagen.net\/wp-content\/uploads\/2016\/03\/arco-2820-202x114.jpg 202w, https:\/\/www.diarioimagen.net\/wp-content\/uploads\/2016\/03\/arco-2820-350x196.jpg 350w, https:\/\/www.diarioimagen.net\/wp-content\/uploads\/2016\/03\/arco-2820-220x123.jpg 220w, https:\/\/www.diarioimagen.net\/wp-content\/uploads\/2016\/03\/arco-2820-237x132.jpg 237w, https:\/\/www.diarioimagen.net\/wp-content\/uploads\/2016\/03\/arco-2820.jpg 480w\" sizes=\"auto, (max-width: 420px) 100vw, 420px\" \/><\/a><p id=\"caption-attachment-259181\" class=\"wp-caption-text\">Eruviel \u00c1vila &#8211; Inaugurando el Centro de Atenci\u00f3n Integral para Mujeres.<\/p><\/div>\n<p>&nbsp;<\/p>\n<p>El gobernador Eruviel \u00c1vila Villegas present\u00f3 el Dec\u00e1logo para la Seguridad y Protecci\u00f3n de las Mujeres, que contiene las acciones que la administraci\u00f3n estatal desa\u00adrrolla para empoderar a la mujer, entre las que se encuentran la creaci\u00f3n de la Red de Centros de Atenci\u00f3n Integral para la Mujer, la red de 11 refugios para v\u00edctimas de violencia y trata,\u00a0\u00a0la aplicaci\u00f3n de medidas que dan atenci\u00f3n a la alerta de g\u00e9nero en 11 municipios, la actualizaci\u00f3n del marco jur\u00eddico, la creaci\u00f3n de organismos especializados, el combate al feminicidio y trata de personas.<\/p>\n<p>En el marco del D\u00eda Internacional de la Mujer, y al entregar el Centro de Atenci\u00f3n Integral para Mujeres (CAIM) del municipio de Aculco tres refugios para v\u00edctimas de trata en Toluca, Huixquilucan y Texcoco, as\u00ed como unidades m\u00f3viles para acercar a las mexiquenses los servicios de la Procuradur\u00eda General de Justicia, de la Secretar\u00eda de Desarrollo Social y del DIFEM, el titular del Ejecutivo estatal detall\u00f3 que esta semana estar\u00e1 dedicada a las mujeres.<\/p>\n<p style=\"text-align: center;\"><strong>Atienden inquietudes ciudadanas en Tlalnepantla<\/strong><\/p>\n<p>En un ejercicio democr\u00e1tico y con el objetivo de atender las prioridades de los tlalnepantlenses, la alcaldesa Denisse Ugalde Alegr\u00eda inaugur\u00f3 el primero de los dos Foros de Consulta Ciudadana que se realizar\u00e1n para conformar el Plan de Desarrollo Municipal 2016-218.<\/p>\n<p>\u201cHoy abrimos este espacio para escuchar las inquietudes ciudadanas; el compromiso de los servidores p\u00fablicos es valorar y evaluar sus propuestas para realizar un Plan de Desarrollo Municipal que nos ayude a cumplir con los objetivos que nos hemos trazado: ser un gobierno abierto, transparente, que rinda cuentas y sea eficiente\u201d, puntualiz\u00f3 Ugalde Alegr\u00eda.<\/p>\n<p><em><a href=\"mailto:montanezaguilar@gmail.com\" target=\"_blank\">montanezaguilar@gmail.com<\/a><\/em><\/p>\n","protected":false},"excerpt":{"rendered":"<p><span style=\"color: #005497;\">Jos\u00e9 Luis Monta\u00f1ez Aguilar<\/span><br \/>\n<br \/>\nEl gobernador Eruviel \u00c1vila Villegas present\u00f3 el Dec\u00e1logo para la Seguridad y Protecci\u00f3n de las Mujeres, que contiene las acciones que la administraci\u00f3n estatal desa\u00adrrolla para empoderar a la mujer, entre las que se encuentran la creaci\u00f3n de la Red de Centros de Atenci\u00f3n Integral para la Mujer, la red de 11 refugios para v\u00edctimas de violencia y trata,  la aplicaci\u00f3n de medidas que dan atenci\u00f3n a la alerta de g\u00e9nero en 11 municipios, la actualizaci\u00f3n del marco jur\u00eddico, la creaci\u00f3n de organismos especializados, el combate al feminicidio y trata de personas.<\/p>\n","protected":false},"author":3,"featured_media":259181,"comment_status":"open","ping_status":"open","sticky":false,"template":"","format":"standard","meta":{"_monsterinsights_skip_tracking":false,"_monsterinsights_sitenote_active":false,"_monsterinsights_sitenote_note":"","_monsterinsights_sitenote_category":0,"footnotes":""},"categories":[5],"tags":[13284,43704,43674],"class_list":["post-259075","post","type-post","status-publish","format-standard","has-post-thumbnail","hentry","category-estado-de-mexico","tag-arco-norte","tag-jose-luis-montanez-aguilar","tag-opinion"],"_links":{"self":[{"href":"https:\/\/www.diarioimagen.net\/index.php?rest_route=\/wp\/v2\/posts\/259075","targetHints":{"allow":["GET"]}}],"collection":[{"href":"https:\/\/www.diarioimagen.net\/index.php?rest_route=\/wp\/v2\/posts"}],"about":[{"href":"https:\/\/www.diarioimagen.net\/index.php?rest_route=\/wp\/v2\/types\/post"}],"author":[{"embeddable":true,"href":"https:\/\/www.diarioimagen.net\/index.php?rest_route=\/wp\/v2\/users\/3"}],"replies":[{"embeddable":true,"href":"https:\/\/www.diarioimagen.net\/index.php?rest_route=%2Fwp%2Fv2%2Fcomments&post=259075"}],"version-history":[{"count":0,"href":"https:\/\/www.diarioimagen.net\/index.php?rest_route=\/wp\/v2\/posts\/259075\/revisions"}],"wp:featuredmedia":[{"embeddable":true,"href":"https:\/\/www.diarioimagen.net\/index.php?rest_route=\/wp\/v2\/media\/259181"}],"wp:attachment":[{"href":"https:\/\/www.diarioimagen.net\/index.php?rest_route=%2Fwp%2Fv2%2Fmedia&parent=259075"}],"wp:term":[{"taxonomy":"category","embeddable":true,"href":"https:\/\/www.diarioimagen.net\/index.php?rest_route=%2Fwp%2Fv2%2Fcategories&post=259075"},{"taxonomy":"post_tag","embeddable":true,"href":"https:\/\/www.diarioimagen.net\/index.php?rest_route=%2Fwp%2Fv2%2Ftags&post=259075"}],"curies":[{"name":"wp","href":"https:\/\/api.w.org\/{rel}","templated":true}]}}