{"id":259081,"date":"2016-03-08T00:07:11","date_gmt":"2016-03-08T06:07:11","guid":{"rendered":"http:\/\/www.diarioimagen.net\/?p=259081"},"modified":"2016-03-08T03:05:28","modified_gmt":"2016-03-08T09:05:28","slug":"trabaja-del-mazo-maza-de-la-mano-con-alcaldes","status":"publish","type":"post","link":"https:\/\/www.diarioimagen.net\/?p=259081","title":{"rendered":"Trabaja Del Mazo Maza de la mano con alcaldes"},"content":{"rendered":"<ul>\n<li><strong><em>Gira por Lerma y Xonacatl\u00e1n<\/em><\/strong><\/li>\n<\/ul>\n<p>&nbsp;<\/p>\n<div id=\"attachment_259145\" style=\"width: 430px\" class=\"wp-caption aligncenter\"><a href=\"http:\/\/www.diarioimagen.net\/?attachment_id=259145\" rel=\"attachment wp-att-259145\"><img loading=\"lazy\" decoding=\"async\" aria-describedby=\"caption-attachment-259145\" class=\"size-large wp-image-259145\" src=\"http:\/\/www.diarioimagen.net\/wp-content\/uploads\/2016\/03\/lerma-2820-420x236.jpg\" alt=\"El diputado federal, Alfredo del Mazo Maza, realiz\u00f3 una gira de trabajo por los municipios de Lerma y Xonacatl\u00e1n, donde entreg\u00f3 l\u00e1minas y apoyos alimentarios en beneficio de m\u00e1s de mil 200 familias.\" width=\"420\" height=\"236\" srcset=\"https:\/\/www.diarioimagen.net\/wp-content\/uploads\/2016\/03\/lerma-2820-420x236.jpg 420w, https:\/\/www.diarioimagen.net\/wp-content\/uploads\/2016\/03\/lerma-2820-240x135.jpg 240w, https:\/\/www.diarioimagen.net\/wp-content\/uploads\/2016\/03\/lerma-2820-235x132.jpg 235w, https:\/\/www.diarioimagen.net\/wp-content\/uploads\/2016\/03\/lerma-2820-202x114.jpg 202w, https:\/\/www.diarioimagen.net\/wp-content\/uploads\/2016\/03\/lerma-2820-350x196.jpg 350w, https:\/\/www.diarioimagen.net\/wp-content\/uploads\/2016\/03\/lerma-2820-220x123.jpg 220w, https:\/\/www.diarioimagen.net\/wp-content\/uploads\/2016\/03\/lerma-2820-237x132.jpg 237w, https:\/\/www.diarioimagen.net\/wp-content\/uploads\/2016\/03\/lerma-2820.jpg 480w\" sizes=\"auto, (max-width: 420px) 100vw, 420px\" \/><\/a><p id=\"caption-attachment-259145\" class=\"wp-caption-text\">El diputado federal, Alfredo del Mazo Maza, realiz\u00f3 una gira de trabajo por los municipios de Lerma y Xonacatl\u00e1n, donde entreg\u00f3 l\u00e1minas y apoyos alimentarios en beneficio de m\u00e1s de mil 200 familias.<\/p><\/div>\n<p>&nbsp;<\/p>\n<p><strong>Lerma, Estado de M\u00e9xico<\/strong>.- Durante una gira de trabajo por los municipios de Lerma y Xonacatl\u00e1n donde entreg\u00f3 l\u00e1minas y apoyos alimentarios en beneficio de m\u00e1s de mil 200 familias, el diputado federal Alfredo del Mazo Maza se\u00f1al\u00f3 que se debe trabajar de la mano de los gobiernos locales a fin de brindar a la ciudadan\u00eda los programas y apoyos sociales que requieren para mejorar su calidad de vida.<\/p>\n<p>Se\u00f1al\u00f3 que m\u00e1s all\u00e1 de colores o ideolog\u00edas, el objetivo es trabajar por el bien de la gente, \u201cdejando de lado las diferencias que pudi\u00e9ramos llegar a tener como partidos\u201d.<\/p>\n<p>En el marco de programa \u201cDel Mazo Contigo\u201d, el legislador reiter\u00f3 su compromiso de estar cercano a las comunidades de su distrito a fin de escuchar de primera mano las necesidades de los ciudadanos y gestionar los programas y recursos para poderlas atender.<\/p>\n<p>&nbsp;<\/p>\n","protected":false},"excerpt":{"rendered":"<p>Durante una gira de trabajo por los municipios de Lerma y Xonacatl\u00e1n donde entreg\u00f3 l\u00e1minas y apoyos alimentarios en beneficio de m\u00e1s de mil 200 familias, el diputado federal Alfredo del Mazo Maza se\u00f1al\u00f3 que se debe trabajar de la mano de los gobiernos locales a fin de brindar a la ciudadan\u00eda los programas y apoyos sociales que requieren para mejorar su calidad de vida.<\/p>\n","protected":false},"author":3,"featured_media":259145,"comment_status":"open","ping_status":"open","sticky":false,"template":"","format":"standard","meta":{"_monsterinsights_skip_tracking":false,"_monsterinsights_sitenote_active":false,"_monsterinsights_sitenote_note":"","_monsterinsights_sitenote_category":0,"footnotes":""},"categories":[35155],"tags":[2505,43675,1050],"class_list":["post-259081","post","type-post","status-publish","format-standard","has-post-thumbnail","hentry","category-estado-de-mexico-estado-de-mexico","tag-alfredo-del-mazo-maza","tag-estado-de-mexico","tag-lerma"],"_links":{"self":[{"href":"https:\/\/www.diarioimagen.net\/index.php?rest_route=\/wp\/v2\/posts\/259081","targetHints":{"allow":["GET"]}}],"collection":[{"href":"https:\/\/www.diarioimagen.net\/index.php?rest_route=\/wp\/v2\/posts"}],"about":[{"href":"https:\/\/www.diarioimagen.net\/index.php?rest_route=\/wp\/v2\/types\/post"}],"author":[{"embeddable":true,"href":"https:\/\/www.diarioimagen.net\/index.php?rest_route=\/wp\/v2\/users\/3"}],"replies":[{"embeddable":true,"href":"https:\/\/www.diarioimagen.net\/index.php?rest_route=%2Fwp%2Fv2%2Fcomments&post=259081"}],"version-history":[{"count":0,"href":"https:\/\/www.diarioimagen.net\/index.php?rest_route=\/wp\/v2\/posts\/259081\/revisions"}],"wp:featuredmedia":[{"embeddable":true,"href":"https:\/\/www.diarioimagen.net\/index.php?rest_route=\/wp\/v2\/media\/259145"}],"wp:attachment":[{"href":"https:\/\/www.diarioimagen.net\/index.php?rest_route=%2Fwp%2Fv2%2Fmedia&parent=259081"}],"wp:term":[{"taxonomy":"category","embeddable":true,"href":"https:\/\/www.diarioimagen.net\/index.php?rest_route=%2Fwp%2Fv2%2Fcategories&post=259081"},{"taxonomy":"post_tag","embeddable":true,"href":"https:\/\/www.diarioimagen.net\/index.php?rest_route=%2Fwp%2Fv2%2Ftags&post=259081"}],"curies":[{"name":"wp","href":"https:\/\/api.w.org\/{rel}","templated":true}]}}