{"id":259085,"date":"2016-03-08T00:05:57","date_gmt":"2016-03-08T06:05:57","guid":{"rendered":"http:\/\/www.diarioimagen.net\/?p=259085"},"modified":"2016-03-08T03:08:07","modified_gmt":"2016-03-08T09:08:07","slug":"comienza-poda-de-arboles-en-naucalpan","status":"publish","type":"post","link":"https:\/\/www.diarioimagen.net\/?p=259085","title":{"rendered":"Comienza poda de \u00e1rboles en Naucalpan"},"content":{"rendered":"<ul>\n<li><strong><em>A petici\u00f3n de colonos<\/em><\/strong><\/li>\n<\/ul>\n<p>&nbsp;<\/p>\n<p><a href=\"http:\/\/www.diarioimagen.net\/?attachment_id=259154\" rel=\"attachment wp-att-259154\"><img loading=\"lazy\" decoding=\"async\" class=\"aligncenter size-large wp-image-259154\" src=\"http:\/\/www.diarioimagen.net\/wp-content\/uploads\/2016\/03\/NAUCALPAN-2820-420x236.jpg\" alt=\"NAUCALPAN-2820\" width=\"420\" height=\"236\" srcset=\"https:\/\/www.diarioimagen.net\/wp-content\/uploads\/2016\/03\/NAUCALPAN-2820-420x236.jpg 420w, https:\/\/www.diarioimagen.net\/wp-content\/uploads\/2016\/03\/NAUCALPAN-2820-240x135.jpg 240w, https:\/\/www.diarioimagen.net\/wp-content\/uploads\/2016\/03\/NAUCALPAN-2820-235x132.jpg 235w, https:\/\/www.diarioimagen.net\/wp-content\/uploads\/2016\/03\/NAUCALPAN-2820-202x114.jpg 202w, https:\/\/www.diarioimagen.net\/wp-content\/uploads\/2016\/03\/NAUCALPAN-2820-350x196.jpg 350w, https:\/\/www.diarioimagen.net\/wp-content\/uploads\/2016\/03\/NAUCALPAN-2820-220x123.jpg 220w, https:\/\/www.diarioimagen.net\/wp-content\/uploads\/2016\/03\/NAUCALPAN-2820-237x132.jpg 237w, https:\/\/www.diarioimagen.net\/wp-content\/uploads\/2016\/03\/NAUCALPAN-2820.jpg 480w\" sizes=\"auto, (max-width: 420px) 100vw, 420px\" \/><\/a><\/p>\n<p>&nbsp;<\/p>\n<p><strong>Naucalpan, Estado de M\u00e9xico<\/strong>.- Vecinos de varias colonias solicitaron\u00a0 la poda de \u00e1rboles\u00a0 por seguridad y para tener mayor luminosidad, por lo que las direcciones generales de Servicios P\u00fablicos y Medio Ambiente del gobierno local, han iniciado un programa de mantenimiento al arbolado.<\/p>\n<p>Las dependencias informaron que durante los \u00faltimos diez a\u00f1os no se hab\u00eda dado este mantenimiento y atenci\u00f3n, lo que provoc\u00f3 que diversas especies de \u00e1rboles presenten en su follaje problemas de plagas como: mu\u00e9rdago y c\u00fascuta.<\/p>\n<p>Los trabajos de poda forman parte de un programa general, a trav\u00e9s del cual, entre otras cosas, se da mayor visibilidad, ya que algunas ramas de los \u00e1rboles obstruyen luminarias, se\u00f1alamientos e incluso cableado.<\/p>\n<p>Con estas acciones se da respuesta a la demanda ciudadana que solicit\u00f3 se realicen estos trabajos que permitir\u00e1n tener mayor luminosidad y por ende,\u00a0 m\u00e1s seguridad y tranquilidad para los naucalpenses.<\/p>\n<p>Las direcciones de Servicios P\u00fablicos y Medio Ambiente, informaron que una primera etapa contempla mil 300 \u00e1rboles de diversas avenidas y colonias, los cuales adem\u00e1s de ser podados, reciben el mantenimiento necesario para controlar el problema de plaga y evitar que se afecte el arbolado de otras zonas.<\/p>\n<p>Precisaron que por el momento, los trabajos de poda y mantenimiento se est\u00e1n realizando en las zonas m\u00e1s afectadas por plaga como son: Sat\u00e9lite, Echegaray, La Florida y Boulevares, y se ampliar\u00e1 a las calles y colonias donde sea necesaria su aplicaci\u00f3n.<\/p>\n","protected":false},"excerpt":{"rendered":"<p>Vecinos de varias colonias solicitaron  la poda de \u00e1rboles  por seguridad y para tener mayor luminosidad, por lo que las direcciones generales de Servicios P\u00fablicos y Medio Ambiente del gobierno local, han iniciado un programa de mantenimiento al arbolado.<\/p>\n","protected":false},"author":3,"featured_media":259154,"comment_status":"open","ping_status":"open","sticky":false,"template":"","format":"standard","meta":{"_monsterinsights_skip_tracking":false,"_monsterinsights_sitenote_active":false,"_monsterinsights_sitenote_note":"","_monsterinsights_sitenote_category":0,"footnotes":""},"categories":[35155],"tags":[43675,970],"class_list":["post-259085","post","type-post","status-publish","format-standard","has-post-thumbnail","hentry","category-estado-de-mexico-estado-de-mexico","tag-estado-de-mexico","tag-naucalpan"],"_links":{"self":[{"href":"https:\/\/www.diarioimagen.net\/index.php?rest_route=\/wp\/v2\/posts\/259085","targetHints":{"allow":["GET"]}}],"collection":[{"href":"https:\/\/www.diarioimagen.net\/index.php?rest_route=\/wp\/v2\/posts"}],"about":[{"href":"https:\/\/www.diarioimagen.net\/index.php?rest_route=\/wp\/v2\/types\/post"}],"author":[{"embeddable":true,"href":"https:\/\/www.diarioimagen.net\/index.php?rest_route=\/wp\/v2\/users\/3"}],"replies":[{"embeddable":true,"href":"https:\/\/www.diarioimagen.net\/index.php?rest_route=%2Fwp%2Fv2%2Fcomments&post=259085"}],"version-history":[{"count":0,"href":"https:\/\/www.diarioimagen.net\/index.php?rest_route=\/wp\/v2\/posts\/259085\/revisions"}],"wp:featuredmedia":[{"embeddable":true,"href":"https:\/\/www.diarioimagen.net\/index.php?rest_route=\/wp\/v2\/media\/259154"}],"wp:attachment":[{"href":"https:\/\/www.diarioimagen.net\/index.php?rest_route=%2Fwp%2Fv2%2Fmedia&parent=259085"}],"wp:term":[{"taxonomy":"category","embeddable":true,"href":"https:\/\/www.diarioimagen.net\/index.php?rest_route=%2Fwp%2Fv2%2Fcategories&post=259085"},{"taxonomy":"post_tag","embeddable":true,"href":"https:\/\/www.diarioimagen.net\/index.php?rest_route=%2Fwp%2Fv2%2Ftags&post=259085"}],"curies":[{"name":"wp","href":"https:\/\/api.w.org\/{rel}","templated":true}]}}