{"id":259087,"date":"2016-03-08T00:04:34","date_gmt":"2016-03-08T06:04:34","guid":{"rendered":"http:\/\/www.diarioimagen.net\/?p=259087"},"modified":"2016-03-08T03:09:39","modified_gmt":"2016-03-08T09:09:39","slug":"celebran-dia-de-la-familia-en-huixquilucan","status":"publish","type":"post","link":"https:\/\/www.diarioimagen.net\/?p=259087","title":{"rendered":"Celebran D\u00eda de la Familia en Huixquilucan"},"content":{"rendered":"<p><a href=\"http:\/\/www.diarioimagen.net\/?attachment_id=259161\" rel=\"attachment wp-att-259161\"><img loading=\"lazy\" decoding=\"async\" class=\"aligncenter size-large wp-image-259161\" src=\"http:\/\/www.diarioimagen.net\/wp-content\/uploads\/2016\/03\/huixquilucan-2820-420x236.jpg\" alt=\"huixquilucan-2820\" width=\"420\" height=\"236\" srcset=\"https:\/\/www.diarioimagen.net\/wp-content\/uploads\/2016\/03\/huixquilucan-2820-420x236.jpg 420w, https:\/\/www.diarioimagen.net\/wp-content\/uploads\/2016\/03\/huixquilucan-2820-240x135.jpg 240w, https:\/\/www.diarioimagen.net\/wp-content\/uploads\/2016\/03\/huixquilucan-2820-235x132.jpg 235w, https:\/\/www.diarioimagen.net\/wp-content\/uploads\/2016\/03\/huixquilucan-2820-202x114.jpg 202w, https:\/\/www.diarioimagen.net\/wp-content\/uploads\/2016\/03\/huixquilucan-2820-350x196.jpg 350w, https:\/\/www.diarioimagen.net\/wp-content\/uploads\/2016\/03\/huixquilucan-2820-220x123.jpg 220w, https:\/\/www.diarioimagen.net\/wp-content\/uploads\/2016\/03\/huixquilucan-2820-237x132.jpg 237w, https:\/\/www.diarioimagen.net\/wp-content\/uploads\/2016\/03\/huixquilucan-2820.jpg 480w\" sizes=\"auto, (max-width: 420px) 100vw, 420px\" \/><\/a><\/p>\n<p>&nbsp;<\/p>\n<p>Al celebrar el D\u00eda de la Familia, el presidente municipal, Enrique Vargas del Villar, mencion\u00f3 que su administraci\u00f3n trabaja para tener un mejor Huixquilucan, m\u00e1s limpio y ordenado; muestra de ello es que ya se reubicaron a los vendedores ambulantes del primer cuadro de la localidad.<\/p>\n<p>En este evento, al que asistieron cientos de familias, el alcalde estuvo acompa\u00f1ado por la presidenta del DIF municipal, Romina Contreras, as\u00ed como directores e integrantes del cabildo, quienes entregaron juguetes a todos los peque\u00f1os que se dieron cita en la explanada.<\/p>\n","protected":false},"excerpt":{"rendered":"<p>Al celebrar el D\u00eda de la Familia, el presidente municipal, Enrique Vargas del Villar, mencion\u00f3 que su administraci\u00f3n trabaja para tener un mejor Huixquilucan, m\u00e1s limpio y ordenado; muestra de ello es que ya se reubicaron a los vendedores ambulantes del primer cuadro de la localidad.<\/p>\n","protected":false},"author":3,"featured_media":259161,"comment_status":"open","ping_status":"open","sticky":false,"template":"","format":"standard","meta":{"_monsterinsights_skip_tracking":false,"_monsterinsights_sitenote_active":false,"_monsterinsights_sitenote_note":"","_monsterinsights_sitenote_category":0,"footnotes":""},"categories":[35155],"tags":[47218,1097],"class_list":["post-259087","post","type-post","status-publish","format-standard","has-post-thumbnail","hentry","category-estado-de-mexico-estado-de-mexico","tag-enrique-vargas-del-villar","tag-huixquilucan"],"_links":{"self":[{"href":"https:\/\/www.diarioimagen.net\/index.php?rest_route=\/wp\/v2\/posts\/259087","targetHints":{"allow":["GET"]}}],"collection":[{"href":"https:\/\/www.diarioimagen.net\/index.php?rest_route=\/wp\/v2\/posts"}],"about":[{"href":"https:\/\/www.diarioimagen.net\/index.php?rest_route=\/wp\/v2\/types\/post"}],"author":[{"embeddable":true,"href":"https:\/\/www.diarioimagen.net\/index.php?rest_route=\/wp\/v2\/users\/3"}],"replies":[{"embeddable":true,"href":"https:\/\/www.diarioimagen.net\/index.php?rest_route=%2Fwp%2Fv2%2Fcomments&post=259087"}],"version-history":[{"count":0,"href":"https:\/\/www.diarioimagen.net\/index.php?rest_route=\/wp\/v2\/posts\/259087\/revisions"}],"wp:featuredmedia":[{"embeddable":true,"href":"https:\/\/www.diarioimagen.net\/index.php?rest_route=\/wp\/v2\/media\/259161"}],"wp:attachment":[{"href":"https:\/\/www.diarioimagen.net\/index.php?rest_route=%2Fwp%2Fv2%2Fmedia&parent=259087"}],"wp:term":[{"taxonomy":"category","embeddable":true,"href":"https:\/\/www.diarioimagen.net\/index.php?rest_route=%2Fwp%2Fv2%2Fcategories&post=259087"},{"taxonomy":"post_tag","embeddable":true,"href":"https:\/\/www.diarioimagen.net\/index.php?rest_route=%2Fwp%2Fv2%2Ftags&post=259087"}],"curies":[{"name":"wp","href":"https:\/\/api.w.org\/{rel}","templated":true}]}}