{"id":259091,"date":"2016-03-08T00:02:09","date_gmt":"2016-03-08T06:02:09","guid":{"rendered":"http:\/\/www.diarioimagen.net\/?p=259091"},"modified":"2016-03-08T03:14:20","modified_gmt":"2016-03-08T09:14:20","slug":"educacion-prioridad-en-coacalco-castelan","status":"publish","type":"post","link":"https:\/\/www.diarioimagen.net\/?p=259091","title":{"rendered":"Educaci\u00f3n, prioridad en Coacalco: Castel\u00e1n"},"content":{"rendered":"<ul>\n<li><strong><em>Reuni\u00f3n con dirigencia magisterial<\/em><\/strong><\/li>\n<\/ul>\n<p>&nbsp;<\/p>\n<div id=\"attachment_259172\" style=\"width: 430px\" class=\"wp-caption aligncenter\"><a href=\"http:\/\/www.diarioimagen.net\/?attachment_id=259172\" rel=\"attachment wp-att-259172\"><img loading=\"lazy\" decoding=\"async\" aria-describedby=\"caption-attachment-259172\" class=\"size-large wp-image-259172\" src=\"http:\/\/www.diarioimagen.net\/wp-content\/uploads\/2016\/03\/COACALCO-1-2820-420x236.jpg\" alt=\"El presidente municipal Erwin Castel\u00e1n\u00a0se reuni\u00f3 con la dirigencia magisterial del Estado de M\u00e9xico y del Partido Nueva Alianza.\" width=\"420\" height=\"236\" srcset=\"https:\/\/www.diarioimagen.net\/wp-content\/uploads\/2016\/03\/COACALCO-1-2820-420x236.jpg 420w, https:\/\/www.diarioimagen.net\/wp-content\/uploads\/2016\/03\/COACALCO-1-2820-240x135.jpg 240w, https:\/\/www.diarioimagen.net\/wp-content\/uploads\/2016\/03\/COACALCO-1-2820-235x132.jpg 235w, https:\/\/www.diarioimagen.net\/wp-content\/uploads\/2016\/03\/COACALCO-1-2820-202x114.jpg 202w, https:\/\/www.diarioimagen.net\/wp-content\/uploads\/2016\/03\/COACALCO-1-2820-350x196.jpg 350w, https:\/\/www.diarioimagen.net\/wp-content\/uploads\/2016\/03\/COACALCO-1-2820-220x123.jpg 220w, https:\/\/www.diarioimagen.net\/wp-content\/uploads\/2016\/03\/COACALCO-1-2820-237x132.jpg 237w, https:\/\/www.diarioimagen.net\/wp-content\/uploads\/2016\/03\/COACALCO-1-2820.jpg 480w\" sizes=\"auto, (max-width: 420px) 100vw, 420px\" \/><\/a><p id=\"caption-attachment-259172\" class=\"wp-caption-text\">El presidente municipal Erwin Castel\u00e1n\u00a0se reuni\u00f3 con la dirigencia magisterial del Estado de M\u00e9xico y del Partido Nueva Alianza.<\/p><\/div>\n<p>&nbsp;<\/p>\n<p><strong>Coacalco, Estado de M\u00e9xico<\/strong>.- La educaci\u00f3n es una de las prioridades del Ayuntamiento local, afirm\u00f3 el presidente municipal, Erwin Castel\u00e1n, al sostener una reuni\u00f3n con la dirigencia magisterial del Estado de M\u00e9xico y del Partido Nueva Alianza.<\/p>\n<p>El alcalde de Coacalco de Berrioz\u00e1bal explic\u00f3 que pese a la grave crisis econ\u00f3mica con que se recibi\u00f3 el actual gobierno municipal se cumplir\u00e1 de manera responsable en cuanto a obras y acciones pendientes en los planteles educativos.<\/p>\n<p>\u201cTodas las obras que se encuentran inconclusas en las distintas escuelas ser\u00e1n terminadas lo antes posible por la actual administraci\u00f3n municipal\u201d, afirm\u00f3 el edil.<\/p>\n<p>Y dijo que de acuerdo a las necesidades tambi\u00e9n se realizar\u00e1n las acciones prioritarias que se requieran en todas las escuelas del municipio, pese a que existe un fuerte problema econ\u00f3mico en el Ayuntamiento producto de la deuda p\u00fablica heredada.<\/p>\n<p>\u201cMi padre, mis t\u00edos y mis hermanos son maestros. Por eso conozco de cerca el compromiso y el trabajo dentro y fuera del horario laboral que realizan los profesores en bien de la educaci\u00f3n y de los alumnos\u201d. Hizo ver que en ese sentido se encuentra doblemente comprometido para ayudar a la educaci\u00f3n, a la totalidad de los 328 planteles escolares existentes en Coacalco.<\/p>\n<p>Por su parte, el secretario general de la secci\u00f3n 36 del Sindicato Nacional de Trabajadores de la Educaci\u00f3n (SNTE), H\u00e9ctor \u00c1nimas Vargas, hizo un reconocimiento al gobierno encabezado por Erwin Castel\u00e1n. En el mismo sentido se expres\u00f3 la maestra Lucila Garfias, dirigente en el Estado de M\u00e9xico del Partido Nueva Alianza.<\/p>\n<p>Por su parte, la regidora y dirigente magisterial de Coacalco, Cynthia Benavides Ch\u00e1vez, entreg\u00f3 al presidente municipal un pliego de necesidades de las escuelas del municipio.<\/p>\n<p>&nbsp;<\/p>\n","protected":false},"excerpt":{"rendered":"<p>La educaci\u00f3n es una de las prioridades del Ayuntamiento local, afirm\u00f3 el presidente municipal, Erwin Castel\u00e1n, al sostener una reuni\u00f3n con la dirigencia magisterial del Estado de M\u00e9xico y del Partido Nueva Alianza.<\/p>\n","protected":false},"author":3,"featured_media":259172,"comment_status":"open","ping_status":"open","sticky":false,"template":"","format":"standard","meta":{"_monsterinsights_skip_tracking":false,"_monsterinsights_sitenote_active":false,"_monsterinsights_sitenote_note":"","_monsterinsights_sitenote_category":0,"footnotes":""},"categories":[35155],"tags":[579,43675,2308],"class_list":["post-259091","post","type-post","status-publish","format-standard","has-post-thumbnail","hentry","category-estado-de-mexico-estado-de-mexico","tag-coacalco","tag-estado-de-mexico","tag-partido-nueva-alianza"],"_links":{"self":[{"href":"https:\/\/www.diarioimagen.net\/index.php?rest_route=\/wp\/v2\/posts\/259091","targetHints":{"allow":["GET"]}}],"collection":[{"href":"https:\/\/www.diarioimagen.net\/index.php?rest_route=\/wp\/v2\/posts"}],"about":[{"href":"https:\/\/www.diarioimagen.net\/index.php?rest_route=\/wp\/v2\/types\/post"}],"author":[{"embeddable":true,"href":"https:\/\/www.diarioimagen.net\/index.php?rest_route=\/wp\/v2\/users\/3"}],"replies":[{"embeddable":true,"href":"https:\/\/www.diarioimagen.net\/index.php?rest_route=%2Fwp%2Fv2%2Fcomments&post=259091"}],"version-history":[{"count":0,"href":"https:\/\/www.diarioimagen.net\/index.php?rest_route=\/wp\/v2\/posts\/259091\/revisions"}],"wp:featuredmedia":[{"embeddable":true,"href":"https:\/\/www.diarioimagen.net\/index.php?rest_route=\/wp\/v2\/media\/259172"}],"wp:attachment":[{"href":"https:\/\/www.diarioimagen.net\/index.php?rest_route=%2Fwp%2Fv2%2Fmedia&parent=259091"}],"wp:term":[{"taxonomy":"category","embeddable":true,"href":"https:\/\/www.diarioimagen.net\/index.php?rest_route=%2Fwp%2Fv2%2Fcategories&post=259091"},{"taxonomy":"post_tag","embeddable":true,"href":"https:\/\/www.diarioimagen.net\/index.php?rest_route=%2Fwp%2Fv2%2Ftags&post=259091"}],"curies":[{"name":"wp","href":"https:\/\/api.w.org\/{rel}","templated":true}]}}