{"id":259093,"date":"2016-03-08T00:01:37","date_gmt":"2016-03-08T06:01:37","guid":{"rendered":"http:\/\/www.diarioimagen.net\/?p=259093"},"modified":"2016-03-08T03:17:19","modified_gmt":"2016-03-08T09:17:19","slug":"rehabilitaran-servicios-publicos-en-535-colonias","status":"publish","type":"post","link":"https:\/\/www.diarioimagen.net\/?p=259093","title":{"rendered":"Rehabilitar\u00e1n servicios p\u00fablicos en 535 colonias"},"content":{"rendered":"<ul>\n<li><strong><em>Programa \u201cEcatepec es Nuestra Casa\u201d<\/em><\/strong><\/li>\n<\/ul>\n<p>&nbsp;<\/p>\n<div id=\"attachment_259176\" style=\"width: 430px\" class=\"wp-caption aligncenter\"><a href=\"http:\/\/www.diarioimagen.net\/?attachment_id=259176\" rel=\"attachment wp-att-259176\"><img loading=\"lazy\" decoding=\"async\" aria-describedby=\"caption-attachment-259176\" class=\"size-large wp-image-259176\" src=\"http:\/\/www.diarioimagen.net\/wp-content\/uploads\/2016\/03\/ecatepec-2820-420x236.jpg\" alt=\"El alcalde Indalecio R\u00edos Vel\u00e1zquez inform\u00f3\u00a0que para atender la totalidad de las comunidades, la caravana abarcar\u00e1 14 colonias a la semana.\" width=\"420\" height=\"236\" srcset=\"https:\/\/www.diarioimagen.net\/wp-content\/uploads\/2016\/03\/ecatepec-2820-420x236.jpg 420w, https:\/\/www.diarioimagen.net\/wp-content\/uploads\/2016\/03\/ecatepec-2820-240x135.jpg 240w, https:\/\/www.diarioimagen.net\/wp-content\/uploads\/2016\/03\/ecatepec-2820-235x132.jpg 235w, https:\/\/www.diarioimagen.net\/wp-content\/uploads\/2016\/03\/ecatepec-2820-202x114.jpg 202w, https:\/\/www.diarioimagen.net\/wp-content\/uploads\/2016\/03\/ecatepec-2820-350x196.jpg 350w, https:\/\/www.diarioimagen.net\/wp-content\/uploads\/2016\/03\/ecatepec-2820-220x123.jpg 220w, https:\/\/www.diarioimagen.net\/wp-content\/uploads\/2016\/03\/ecatepec-2820-237x132.jpg 237w, https:\/\/www.diarioimagen.net\/wp-content\/uploads\/2016\/03\/ecatepec-2820.jpg 480w\" sizes=\"auto, (max-width: 420px) 100vw, 420px\" \/><\/a><p id=\"caption-attachment-259176\" class=\"wp-caption-text\">El alcalde Indalecio R\u00edos Vel\u00e1zquez inform\u00f3\u00a0que para atender la totalidad de las comunidades, la caravana abarcar\u00e1 14 colonias a la semana.<\/p><\/div>\n<p>&nbsp;<\/p>\n<p><strong>Ecatepec, Estado de M\u00e9xico<\/strong>.- El gobierno municipal inici\u00f3 el programa integral de mantenimiento \u201cEcatepec es Nuestra Casa\u201d con el que rehabilitar\u00e1 las 535 colonias en materia de servicios p\u00fablicos. Para ello, m\u00e1s de 200 trabajadores acudir\u00e1n a dos colonias al d\u00eda para llevar bacheo, balizamiento, limpia, iluminaci\u00f3n y desazolve de manera permanente, as\u00ed como apoyo en materia de salud, prevenci\u00f3n del delito, resoluci\u00f3n de tr\u00e1mites, entre otros.<\/p>\n<p>El presidente municipal, Indalecio R\u00edos Vel\u00e1zquez, inform\u00f3\u00a0 que para atender la totalidad de las comunidades, la caravana abarcar\u00e1 14 colonias a la semana, es decir, 56 al mes, para que antes de que termine el primer a\u00f1o de la presente administraci\u00f3n se haya dado mantenimiento a todas las colonias de la localidad.<\/p>\n<p>El alcalde dijo que para brindar mayor seguridad y tranquilidad a los vecinos,\u00a0\u00a0los trabajadores instalar\u00e1n al mes dos mil 500 nuevas l\u00e1mparas tipo LED \u2013que permitir\u00e1n entre 40 y 60 por ciento de ahorro de energ\u00eda- y\u00a0\u00a0reparar\u00e1n las que lo necesiten para evitar que las calles permanezcan oscuras y prevenir la comisi\u00f3n de alg\u00fan il\u00edcito.<\/p>\n<p>Detall\u00f3 que diariamente estar\u00e1n destinadas 24 toneladas de material para bachear las vialidades que lo requieran y as\u00ed optimizar el desplazamiento vehicular. Para el balizamiento de guarniciones, la administraci\u00f3n destinar\u00e1 a cada comunidad casi 600 litros de pintura; para la limpia, chaponeo y desazolve, laborar\u00e1n 36 personas divididas en cuadrillas y contar\u00e1n con el apoyo de un cami\u00f3n recolector y un veh\u00edculo tipo Vactor. Incluir\u00e1 reparaci\u00f3n de fugas de agua, poda de \u00e1rboles y retiro de hierba en \u00e1reas verdes.<\/p>\n<p>Adem\u00e1s de los servicios p\u00fablicos, acudir\u00e1 a las comunidades personal de la Direcci\u00f3n de Salud para que los vecinos puedan realizarse chequeos m\u00e9dicos, asistencia dental, mientras que para las mascotas, servidores de la Unidad de Control Canino aplicar\u00e1n vacunas antirr\u00e1bicas y esterilizaci\u00f3n canina y felina.<\/p>\n<p>Para apoyar a la econom\u00eda de las familias, el programa contempla talleres de autoempleo y bolsa de trabajo con 700 opciones para encontrar una oportunidad laboral, adem\u00e1s de actividades infantiles.<\/p>\n<p>&nbsp;<\/p>\n","protected":false},"excerpt":{"rendered":"<p>El gobierno municipal inici\u00f3 el programa integral de mantenimiento \u201cEcatepec es Nuestra Casa\u201d con el que rehabilitar\u00e1 las 535 colonias en materia de servicios p\u00fablicos. Para ello, m\u00e1s de 200 trabajadores acudir\u00e1n a dos colonias al d\u00eda para llevar bacheo, balizamiento, limpia, iluminaci\u00f3n y desazolve de manera permanente, as\u00ed como apoyo en materia de salud, prevenci\u00f3n del delito, resoluci\u00f3n de tr\u00e1mites, entre otros.<\/p>\n","protected":false},"author":3,"featured_media":259176,"comment_status":"open","ping_status":"open","sticky":false,"template":"","format":"standard","meta":{"_monsterinsights_skip_tracking":false,"_monsterinsights_sitenote_active":false,"_monsterinsights_sitenote_note":"","_monsterinsights_sitenote_category":0,"footnotes":""},"categories":[35155],"tags":[454,43675,47869],"class_list":["post-259093","post","type-post","status-publish","format-standard","has-post-thumbnail","hentry","category-estado-de-mexico-estado-de-mexico","tag-ecatepec","tag-estado-de-mexico","tag-rehabilitan"],"_links":{"self":[{"href":"https:\/\/www.diarioimagen.net\/index.php?rest_route=\/wp\/v2\/posts\/259093","targetHints":{"allow":["GET"]}}],"collection":[{"href":"https:\/\/www.diarioimagen.net\/index.php?rest_route=\/wp\/v2\/posts"}],"about":[{"href":"https:\/\/www.diarioimagen.net\/index.php?rest_route=\/wp\/v2\/types\/post"}],"author":[{"embeddable":true,"href":"https:\/\/www.diarioimagen.net\/index.php?rest_route=\/wp\/v2\/users\/3"}],"replies":[{"embeddable":true,"href":"https:\/\/www.diarioimagen.net\/index.php?rest_route=%2Fwp%2Fv2%2Fcomments&post=259093"}],"version-history":[{"count":0,"href":"https:\/\/www.diarioimagen.net\/index.php?rest_route=\/wp\/v2\/posts\/259093\/revisions"}],"wp:featuredmedia":[{"embeddable":true,"href":"https:\/\/www.diarioimagen.net\/index.php?rest_route=\/wp\/v2\/media\/259176"}],"wp:attachment":[{"href":"https:\/\/www.diarioimagen.net\/index.php?rest_route=%2Fwp%2Fv2%2Fmedia&parent=259093"}],"wp:term":[{"taxonomy":"category","embeddable":true,"href":"https:\/\/www.diarioimagen.net\/index.php?rest_route=%2Fwp%2Fv2%2Fcategories&post=259093"},{"taxonomy":"post_tag","embeddable":true,"href":"https:\/\/www.diarioimagen.net\/index.php?rest_route=%2Fwp%2Fv2%2Ftags&post=259093"}],"curies":[{"name":"wp","href":"https:\/\/api.w.org\/{rel}","templated":true}]}}