{"id":259288,"date":"2016-03-09T00:08:10","date_gmt":"2016-03-09T06:08:10","guid":{"rendered":"http:\/\/www.diarioimagen.net\/?p=259288"},"modified":"2016-03-09T03:13:19","modified_gmt":"2016-03-09T09:13:19","slug":"inauguran-muestra-pasion-en-movimiento","status":"publish","type":"post","link":"https:\/\/www.diarioimagen.net\/?p=259288","title":{"rendered":"Inauguran muestra \u201cPasi\u00f3n en movimiento\u201d"},"content":{"rendered":"<ul>\n<li><strong><em>En el Museo de Bellas Artes de Toluca<\/em><\/strong><\/li>\n<\/ul>\n<p>&nbsp;<\/p>\n<div id=\"attachment_259362\" style=\"width: 430px\" class=\"wp-caption aligncenter\"><a href=\"http:\/\/www.diarioimagen.net\/?attachment_id=259362\" rel=\"attachment wp-att-259362\"><img loading=\"lazy\" decoding=\"async\" aria-describedby=\"caption-attachment-259362\" class=\"size-large wp-image-259362\" src=\"http:\/\/www.diarioimagen.net\/wp-content\/uploads\/2016\/03\/edomex-2821-420x236.jpg\" alt=\"Se inaugur\u00f3 la exposici\u00f3n \u201cPasi\u00f3n en movimiento\u201d, de la artista pl\u00e1stica Adriana Arakelian, mejor conocida como Dina, en el Museo de Bellas Artes.\" width=\"420\" height=\"236\" srcset=\"https:\/\/www.diarioimagen.net\/wp-content\/uploads\/2016\/03\/edomex-2821-420x236.jpg 420w, https:\/\/www.diarioimagen.net\/wp-content\/uploads\/2016\/03\/edomex-2821-240x135.jpg 240w, https:\/\/www.diarioimagen.net\/wp-content\/uploads\/2016\/03\/edomex-2821-235x132.jpg 235w, https:\/\/www.diarioimagen.net\/wp-content\/uploads\/2016\/03\/edomex-2821-202x114.jpg 202w, https:\/\/www.diarioimagen.net\/wp-content\/uploads\/2016\/03\/edomex-2821-350x196.jpg 350w, https:\/\/www.diarioimagen.net\/wp-content\/uploads\/2016\/03\/edomex-2821-220x123.jpg 220w, https:\/\/www.diarioimagen.net\/wp-content\/uploads\/2016\/03\/edomex-2821-237x132.jpg 237w, https:\/\/www.diarioimagen.net\/wp-content\/uploads\/2016\/03\/edomex-2821.jpg 480w\" sizes=\"auto, (max-width: 420px) 100vw, 420px\" \/><\/a><p id=\"caption-attachment-259362\" class=\"wp-caption-text\">Se inaugur\u00f3 la exposici\u00f3n \u201cPasi\u00f3n en movimiento\u201d, de la artista pl\u00e1stica Adriana Arakelian, mejor conocida como Dina, en el Museo de Bellas Artes.<\/p><\/div>\n<p>&nbsp;<\/p>\n<p><strong>Toluca, Estado de M\u00e9xico<\/strong>.- En el Museo de Bellas Artes de la entidad se inaugur\u00f3 la exposici\u00f3n \u201cPasi\u00f3n en movimiento\u201d, de la artista pl\u00e1stica Adriana Arakelian, mejor conocida como Dina, donde se muestra el polifac\u00e9tico lenguaje art\u00edstico de Dina, con 158 obras en distintos formatos y texturas como: bronce, acr\u00edlico, aluminio, madera, grabado, l\u00e1mina oxidada, piedra, m\u00e1rmol, obsidiana y escultugrabado, que representan su forma de ver el mundo que la rodea.<\/p>\n<p>En esta muestra, la m\u00fasica, el cuerpo humano, la dualidad hombre-mujer, la naturaleza y la est\u00e9tica son algunos de los temas que podr\u00e1n apreciar hasta el 30 de abril del presente a\u00f1o.<\/p>\n<p>Cabe se\u00f1alar que, Dina es mexicana de nacimiento y de origen Armenio, es una artista autodidacta, ha realizado estudios de concientizaci\u00f3n corporal y an\u00e1lisis de movimiento por m\u00e1s de 40 a\u00f1os. Su estilo, entre el realismo, abstracto y conceptual, la ha llevado a obtener reconocimientos y primeros lugares en concursos nacionales e internacionales.<\/p>\n<p>&nbsp;<\/p>\n","protected":false},"excerpt":{"rendered":"<p>En el Museo de Bellas Artes de la entidad se inaugur\u00f3 la exposici\u00f3n \u201cPasi\u00f3n en movimiento\u201d, de la artista pl\u00e1stica Adriana Arakelian, mejor conocida como Dina, donde se muestra el polifac\u00e9tico lenguaje art\u00edstico de Dina, con 158 obras en distintos formatos y texturas como: bronce, acr\u00edlico, aluminio, madera, grabado, l\u00e1mina oxidada, piedra, m\u00e1rmol, obsidiana y escultugrabado, que representan su forma de ver el mundo que la rodea.<\/p>\n","protected":false},"author":3,"featured_media":259362,"comment_status":"open","ping_status":"open","sticky":false,"template":"","format":"standard","meta":{"_monsterinsights_skip_tracking":false,"_monsterinsights_sitenote_active":false,"_monsterinsights_sitenote_note":"","_monsterinsights_sitenote_category":0,"footnotes":""},"categories":[5],"tags":[43675,452],"class_list":["post-259288","post","type-post","status-publish","format-standard","has-post-thumbnail","hentry","category-estado-de-mexico","tag-estado-de-mexico","tag-toluca"],"_links":{"self":[{"href":"https:\/\/www.diarioimagen.net\/index.php?rest_route=\/wp\/v2\/posts\/259288","targetHints":{"allow":["GET"]}}],"collection":[{"href":"https:\/\/www.diarioimagen.net\/index.php?rest_route=\/wp\/v2\/posts"}],"about":[{"href":"https:\/\/www.diarioimagen.net\/index.php?rest_route=\/wp\/v2\/types\/post"}],"author":[{"embeddable":true,"href":"https:\/\/www.diarioimagen.net\/index.php?rest_route=\/wp\/v2\/users\/3"}],"replies":[{"embeddable":true,"href":"https:\/\/www.diarioimagen.net\/index.php?rest_route=%2Fwp%2Fv2%2Fcomments&post=259288"}],"version-history":[{"count":0,"href":"https:\/\/www.diarioimagen.net\/index.php?rest_route=\/wp\/v2\/posts\/259288\/revisions"}],"wp:featuredmedia":[{"embeddable":true,"href":"https:\/\/www.diarioimagen.net\/index.php?rest_route=\/wp\/v2\/media\/259362"}],"wp:attachment":[{"href":"https:\/\/www.diarioimagen.net\/index.php?rest_route=%2Fwp%2Fv2%2Fmedia&parent=259288"}],"wp:term":[{"taxonomy":"category","embeddable":true,"href":"https:\/\/www.diarioimagen.net\/index.php?rest_route=%2Fwp%2Fv2%2Fcategories&post=259288"},{"taxonomy":"post_tag","embeddable":true,"href":"https:\/\/www.diarioimagen.net\/index.php?rest_route=%2Fwp%2Fv2%2Ftags&post=259288"}],"curies":[{"name":"wp","href":"https:\/\/api.w.org\/{rel}","templated":true}]}}