{"id":259291,"date":"2016-03-09T00:03:19","date_gmt":"2016-03-09T06:03:19","guid":{"rendered":"http:\/\/www.diarioimagen.net\/?p=259291"},"modified":"2016-03-09T23:41:09","modified_gmt":"2016-03-10T05:41:09","slug":"reconocen-a-dario-flota-director-del-fideicomiso-de-promocion-turistica-de-la-riviera-maya-con-el-star-diamond-award","status":"publish","type":"post","link":"https:\/\/www.diarioimagen.net\/?p=259291","title":{"rendered":"Reconocen a Dar\u00edo Flota, director del Fideicomiso de Promoci\u00f3n Tur\u00edstica de la Riviera Maya, con el <em>Star Diamond Award<\/em>"},"content":{"rendered":"<h2>De cinco estrellas<\/h2>\n<h5>Victoria Gonz\u00e1lez Prado<\/h5>\n<p>&nbsp;<\/p>\n<ul>\n<li><em><strong>Paolo Amadori, maestro chef y tutor en ALMA, comparti\u00f3 con alumnos de CESSA Universidad, t\u00e9cnicas sobre la cocina italiana<\/strong><\/em><\/li>\n<li><em><strong>Dio inicio el <\/strong><\/em><strong>17th Annual Dick\u00b4s Ditch Classic<\/strong><em><strong>, con el\u00a0March Radness,\u00a0con m\u00fasica bajo el <\/strong><\/em><strong>Tram y Dick\u2019s Ditch<\/strong><\/li>\n<\/ul>\n<p><strong>\u00a0<\/strong><\/p>\n<div id=\"attachment_259424\" style=\"width: 428px\" class=\"wp-caption aligncenter\"><a href=\"http:\/\/www.diarioimagen.net\/?attachment_id=259424\" rel=\"attachment wp-att-259424\"><img loading=\"lazy\" decoding=\"async\" aria-describedby=\"caption-attachment-259424\" class=\"size-large wp-image-259424\" src=\"http:\/\/www.diarioimagen.net\/wp-content\/uploads\/2016\/03\/turismo-2821-418x420.jpg\" alt=\"Joseph Cinque y Dar\u00edo Flota Ocampo.\" width=\"418\" height=\"420\" srcset=\"https:\/\/www.diarioimagen.net\/wp-content\/uploads\/2016\/03\/turismo-2821-418x420.jpg 418w, https:\/\/www.diarioimagen.net\/wp-content\/uploads\/2016\/03\/turismo-2821-150x150.jpg 150w, https:\/\/www.diarioimagen.net\/wp-content\/uploads\/2016\/03\/turismo-2821-240x240.jpg 240w, https:\/\/www.diarioimagen.net\/wp-content\/uploads\/2016\/03\/turismo-2821-768x771.jpg 768w, https:\/\/www.diarioimagen.net\/wp-content\/uploads\/2016\/03\/turismo-2821-50x50.jpg 50w, https:\/\/www.diarioimagen.net\/wp-content\/uploads\/2016\/03\/turismo-2821-75x75.jpg 75w, https:\/\/www.diarioimagen.net\/wp-content\/uploads\/2016\/03\/turismo-2821-70x70.jpg 70w, https:\/\/www.diarioimagen.net\/wp-content\/uploads\/2016\/03\/turismo-2821.jpg 800w\" sizes=\"auto, (max-width: 418px) 100vw, 418px\" \/><\/a><p id=\"caption-attachment-259424\" class=\"wp-caption-text\">Joseph Cinque y Dar\u00edo Flota Ocampo.<\/p><\/div>\n<p>&nbsp;<\/p>\n<p><strong>Dar\u00edo Flota Ocampo<\/strong>, director general del Fideicomiso de Promoci\u00f3n Tur\u00edstica de la Riviera Maya, fue galardonado con el <em>Star Diamond Award,<\/em> otorgado por la Academia Americana de Ciencias de la Hospitalidad, reconocida mundialmente por premiar la excelencia en la industria global de viajes y el sector de servicios de lujo.<\/p>\n<p>El presidente de la Academia, <strong>Joseph Cinque<\/strong>, entrega sus codiciados premios exclusivamente a establecimientos de 5 estrellas y a personas que se distinguen de manera especial por sus logros en el \u00e1mbito del turismo y la hospitalidad, explic\u00f3 que este premio se otorga a <strong>Dar\u00edo Flota<\/strong> en reconocimiento por su visi\u00f3n, dedicaci\u00f3n, liderazgo y significativa contribuci\u00f3n a la industria tur\u00edstica de M\u00e9xico.<\/p>\n<p><strong>Jean Agarrista <\/strong>y <strong>Manuel Paredes Mendoza<\/strong>, presidente y director general, ambos de la Asociaci\u00f3n de Hoteles de la Riviera Maya, felicitaron a <strong>Dar<\/strong>\u00ed<strong>o Flota<\/strong> por el merecido reconocimiento, ya que sus aportaciones al turismo mexicano han sido invaluables.<\/p>\n<p><strong>Flota Ocampo<\/strong> contribuy\u00f3 al desarrollo del estado de Quintana Roo en dos momentos cruciales, el golpe del hurac\u00e1n \u201cWilma\u201d en 2005 y la epidemia de influenza AH1N1 en 2009. Su vasta experiencia y gran trabajo permiti\u00f3 mitigar los efectos de estos acontecimientos y es por eso que no es de extra\u00f1ar que por segunda ocasi\u00f3n presida el Fideicomiso. Actualmente, tambi\u00e9n es el presidente de la Asociaci\u00f3n de Marketing de Destinos de M\u00e9xico (AMDEM), que agrupa a las oficinas de promoci\u00f3n tur\u00edstica del pa\u00eds.<\/p>\n<p>Es ingeniero Industrial en Qu\u00edmica por el Instituto Tecnol\u00f3gico de M\u00e9rida y tiene una Maestr\u00eda en Administraci\u00f3n con Especialidad en Marketing, por la Universidad La Salle. Fue secretario de Turismo y subsecretario de Promoci\u00f3n Tur\u00edstica de Quintana Roo; tambi\u00e9n se desempe\u00f1\u00f3 en actividades docentes en las que resalta su labor como director del Instituto de Investigaciones Tur\u00edsticas en la Universidad La Salle Canc\u00fan.<\/p>\n<p>Estuvo al frente de la Asociaci\u00f3n Mexicana de Agencias de Viajes de Quintana Roo y fue presidente del Consejo Consultivo Migratorio de Quintana Roo. Asimismo, ocup\u00f3 el cargo de asesor del Consejo Coordinador Empresarial del Caribe y la presidencia del Cap\u00edtulo M\u00e9xico de la Sociedad de Ejecutivos en Viajes de Incentivos (SITE).<\/p>\n<p>Por su gran dedicaci\u00f3n y excelente trabajo, es m\u00e1s que merecido el reconocimiento que se le concedi\u00f3. Confiamos en su entrega y dedicaci\u00f3n, y estamos seguros que vienen m\u00e1s \u00e9xitos por delante.<\/p>\n<p>\u2730\u2730\u2730\u2730\u2730<strong> Paolo Amadori<\/strong>, maestro chef y tutor en ALMA, la universidad internacional de cocina italiana, visit\u00f3 CESSA Universidad para compartir con los alumnos t\u00e9cnicas sobre la cocina italiana y su metodolog\u00eda para elaborar platillos.<\/p>\n<p><strong>Paolo<\/strong> tiene un excelente conocimiento del arte culinario italiano. Despu\u00e9s de graduarse como <em>Techniciani of Hotel and Restaurant Tourist Services<\/em> en el <em>Professional Hotel Institute Santa Marta <\/em>en Pesaro, inici\u00f3 su experiencia profesional con chefs muy importantes, como <strong>Lucio Pompili<\/strong> en <em>Ristorante Symposium<\/em> en <em>Cartoceto<\/em> (*Michelin), <strong>Paolo Vai<\/strong> en el <em>Grand Hotel Royal &amp; Golf<\/em> en Courmayeur (*Michelin) y con <strong>Gino Angelini<\/strong> en el <em>Gran Hotel des Bains<\/em> en Riccione, todos en Italia.<\/p>\n<p>Una parte importante de su formaci\u00f3n fue en el restaurante <em>Bacaro de Caff\u00e9 e Cucina<\/em> en Melbourne, <em>Ristorante San Domenico<\/em>, <em>Ristorante Coco Pazzo<\/em> en Nueva York, en <em>Ristorante Pacific<\/em> en Monte Carlo y por \u00faltimo el <em>Ristorante Bice<\/em> en Londres, Nueva York, Monte Carlo y Luxemburgo.<\/p>\n<p>Las recetas que prepar\u00f3 con los alumnos fueron: Spaghetti a la guitarra, Rag\u00fa de cordero; Confit de bacalao estilo Ancona; Canelones sicilianos; Raviolo abierto; Croquetas de cangrejo con papa al pomadoro y jengibre marinado; Bostrengo souffl\u00e9 de arroz y chocolate.<\/p>\n<p>\u2730\u2730\u2730\u2730\u2730 Con <em>March Radness,<\/em>\u00a0con m\u00fasica bajo el Tram y <em>Dick\u2019s Ditch,<\/em> dio inicio el <em>17th Annual Dick\u00b4s Ditch Classic,<\/em>\u00a0con la grandiosa carrera de <em>slalom Giant Banked Slalom Race<\/em>\u00a0el pasado fin de semana, d\u00edas en los que dio comienzo la competencia <em>Premium<\/em> de <em>slalom<\/em> para JHMR en este invierno, conservando la tradici\u00f3n que se lleva a cabo en sitios hechos por el hombre y terrenos naturales en <em>Dick\u2019s Ditch<\/em> desde <em>Lupine Way<\/em> hacia abajo, hasta <em>South Pass Travers <\/em>en <em>Jackson Hole Mountain Resort<\/em> (JHMR)<\/p>\n<p>El s\u00e1bado se presentaron los mejores corredores, quienes continuaron a la gran final el domingo. Tanto esquiadores como <em>snowboarders<\/em> avanzaron hacia la competencia que tuvo un gran final este domingo.<\/p>\n<p>El primer festival <em>Music Under the Tram<\/em> de esta temporada se llev\u00f3 a cabo con los m\u00fasicos locales <em>indie-rockers, The Canyon Kids<\/em>, quienes tomaron el escenario el s\u00e1bado pasado. Presentados por <em>Bud Light, Music Under the Tram \u00a0<\/em>es un evento gratuito al aire libre que se realizar\u00e1 todos los s\u00e1bados de marzo en la base del\u00a0famoso <em>Tram <\/em>a\u00e9reo <em>\u201cBig Red\u201d.\u00a0 <\/em><\/p>\n<p>\u201cMarzo es sin duda el mejor mes de la temporada en <em>Jackson Hole<\/em>.\u00a0 Con gran esqu\u00ed, recorridos y numerosas actividades de monta\u00f1a, as\u00ed como entretenimiento estelar. Es el mes perfecto para el inicio de la primavera coment\u00f3\u00a0 <strong>Adam Sutner<\/strong>, vicepresidente de Mercadotencia. \u201cEste a\u00f1o <em>March Radness<\/em> culmina con el 3er. Festival Anual <em>Rendezvous,<\/em> que se realizar\u00e1 del 18 al 20 de marzo pr\u00f3ximo. Este a\u00f1o ser\u00e1 mejor que nunca con <em>Nataniel\u00a0Rateliff &amp; The Night Sweats<\/em>, el viernes\u00a0 en la Plaza central del pueblo de <em>Jackson<\/em> con <em>Zac Brown Band<\/em> y abriendo el concierto \u00a0<strong>Chris Robinson<\/strong> el s\u00e1bado en <em>Teton Village<\/em>.\u00a0El festival cerrar\u00e1 el domingo con el <em>Marmot Coombs Classic<\/em> en la nieve, seguido por <em>Uncle Kracker<\/em> en el escenario bajo el tram\u201d, puntualiz\u00f3 <strong>Sutner.<\/strong><\/p>\n<p><em>Rendezvous,<\/em> el festival anual de m\u00fasica y estilo de vida, presenta conciertos en diversos escenarios en <em>Teton Village<\/em> y la ic\u00f3nica Plaza central en <em>Jackson, Wyoming<\/em> del 17\u00a0 al 20 de marzo, 2016. <em>Rendezvous Festival<\/em>, es parte del <em>March Radness<\/em>, calendario de eventos con incre\u00edbles conciertos, entretenimiento gratuito y gran diversi\u00f3n para los esquiadores y paseantes.<\/p>\n<p><em><i><a href=\"mailto:victoriagprado@gmail.com\" target=\"_blank\">victoriagprado@gmail.com<\/a><\/i><\/em><br \/>\nTwitter: <em><a href=\"https:\/\/twitter.com\/victoriagprado\" target=\"_blank\">@victoriagprado<\/a><\/em><\/p>\n","protected":false},"excerpt":{"rendered":"<p><strong>Dar\u00edo Flota Ocampo<\/strong>, director general del Fideicomiso de Promoci\u00f3n Tur\u00edstica de la Riviera Maya, fue galardonado con el <em>Star Diamond Award,<\/em> otorgado por la Academia Americana de Ciencias de la Hospitalidad, reconocida mundialmente por premiar la excelencia en la industria global de viajes y el sector de servicios de lujo.<\/p>\n","protected":false},"author":3,"featured_media":259425,"comment_status":"open","ping_status":"open","sticky":false,"template":"","format":"standard","meta":{"_monsterinsights_skip_tracking":false,"_monsterinsights_sitenote_active":false,"_monsterinsights_sitenote_note":"","_monsterinsights_sitenote_category":0,"footnotes":""},"categories":[11],"tags":[107,43674,43681,106],"class_list":["post-259291","post","type-post","status-publish","format-standard","has-post-thumbnail","hentry","category-turismo","tag-de-cinco-estrellas","tag-opinion","tag-turismo","tag-victoria-gonzalez-prado"],"_links":{"self":[{"href":"https:\/\/www.diarioimagen.net\/index.php?rest_route=\/wp\/v2\/posts\/259291","targetHints":{"allow":["GET"]}}],"collection":[{"href":"https:\/\/www.diarioimagen.net\/index.php?rest_route=\/wp\/v2\/posts"}],"about":[{"href":"https:\/\/www.diarioimagen.net\/index.php?rest_route=\/wp\/v2\/types\/post"}],"author":[{"embeddable":true,"href":"https:\/\/www.diarioimagen.net\/index.php?rest_route=\/wp\/v2\/users\/3"}],"replies":[{"embeddable":true,"href":"https:\/\/www.diarioimagen.net\/index.php?rest_route=%2Fwp%2Fv2%2Fcomments&post=259291"}],"version-history":[{"count":0,"href":"https:\/\/www.diarioimagen.net\/index.php?rest_route=\/wp\/v2\/posts\/259291\/revisions"}],"wp:featuredmedia":[{"embeddable":true,"href":"https:\/\/www.diarioimagen.net\/index.php?rest_route=\/wp\/v2\/media\/259425"}],"wp:attachment":[{"href":"https:\/\/www.diarioimagen.net\/index.php?rest_route=%2Fwp%2Fv2%2Fmedia&parent=259291"}],"wp:term":[{"taxonomy":"category","embeddable":true,"href":"https:\/\/www.diarioimagen.net\/index.php?rest_route=%2Fwp%2Fv2%2Fcategories&post=259291"},{"taxonomy":"post_tag","embeddable":true,"href":"https:\/\/www.diarioimagen.net\/index.php?rest_route=%2Fwp%2Fv2%2Ftags&post=259291"}],"curies":[{"name":"wp","href":"https:\/\/api.w.org\/{rel}","templated":true}]}}