{"id":259360,"date":"2016-03-09T00:05:33","date_gmt":"2016-03-09T06:05:33","guid":{"rendered":"http:\/\/www.diarioimagen.net\/?p=259360"},"modified":"2016-03-09T03:13:28","modified_gmt":"2016-03-09T09:13:28","slug":"samuel-ruiz-comandante-samuel","status":"publish","type":"post","link":"https:\/\/www.diarioimagen.net\/?p=259360","title":{"rendered":"Samuel Ruiz: \u00bf<em>Comandante Samuel<\/em>?"},"content":{"rendered":"<h2>Municiones<\/h2>\n<h5>Mauro Benites G.<\/h5>\n<p>&nbsp;<\/p>\n<p>Una infinidad de comentarios y especulaciones nos dej\u00f3 la visita del Papa Francisco, entre ellas una que sali\u00f3 publicada en un diario de publicaci\u00f3n nacional, en el sentido de que el Vicario de Cristo? Har\u00eda la propuesta ante el tribunal correspondiente para la canonizaci\u00f3n de Samuel Ruiz, el obispo guerrillero de Chiapas. Este comentarista desea que sea una mera especulaci\u00f3n, no concibo que un guerrillero responsable de asesinato sea llevado a los altares.<\/p>\n<p>Ya con la canonizaci\u00f3n del Papa Juan Pablo II, la curia cat\u00f3lica hizo una llamada publicitaria en el campo de la pol\u00edtica, al escoger la fecha del 1 de mayo -D\u00eda Internacional del Trabajo- al coincidir \u00e9sta con el dictamen del Vaticano para que Karol Wojtyla pasara a la sala de la santidad, y as\u00ed fue.<\/p>\n<p>El atractivo, simpat\u00eda y carisma del Vicario de Cristo era inobjetable, aunque su reinado fue representativo e identificado por su conservadurismo. Llevar\u00e1 ante la historia como se\u00f1alamiento su complicidad u omisi\u00f3n en grandes problemas de desprestigio para su iglesia, como la corrupci\u00f3n de los Legionarios de Cristo, comandados por aquel monstruo Marcial Maciel, la no apertura para el control de la natalidad y la no aceptaci\u00f3n de un sector en la Teor\u00eda de la Liberaci\u00f3n, entre otros.<\/p>\n<p>Recordemos: los perlados que asistieron en Medell\u00edn, Colombia en los 70s a la Segunda Conferencia de Obispos Latinoamericanos, inspirados por la reformas del Vaticano, examinaron el papel social de la Iglesia en sus pa\u00edses. Tras muchas discusiones, los obispos publicaron una proclama. Denunciaron la opresi\u00f3n sistem\u00e1tica de los pobres, criticaron la explotaci\u00f3n del Tercer Mundo por las naciones industrializadas y exigieron reformas pol\u00edticas y sociales. No se detuvieron ah\u00ed: los obispos declararon que la Iglesia latinoamericana conten\u00eda una misi\u00f3n distinta a la Iglesia de Europa, que en realidad era una Iglesia distinta que otorgaba una funci\u00f3n pol\u00edtica m\u00e1s activa. Esta aplicaci\u00f3n pr\u00e1ctica de la fe se conoci\u00f3 como Teolog\u00eda de la Liberaci\u00f3n, una de las ramas m\u00e1s importantes dentro de la Iglesia Cat\u00f3lica moderna y una influencia pol\u00edtica importante en Am\u00e9rica Central y del Sur.<\/p>\n<p>En 1971, el padre Gustavo Guti\u00e9rrez, un te\u00f3logo peruano, p\u00fablico la doctrina central del movimiento, una Teolog\u00eda de la Liberaci\u00f3n, que establec\u00eda que la Iglesia deb\u00eda ayudar a los pobres, no imponerse sobre ellos. Su libro inspir\u00f3 la fundaci\u00f3n de la Iglesia de los Pobres, una organizaci\u00f3n popular que combina la ense\u00f1anza religiosa con el activismo social. El movimiento fue m\u00e1s all\u00e1 del te\u00f3logo brasile\u00f1o Leonardo Boff, que en sus libros critic\u00f3 a la Iglesia hist\u00f3rica conservadora que hab\u00eda permitido las injusticias en Latinoam\u00e9rica e incluso hab\u00eda contribuido a ellas, y defendi\u00f3 con firmeza la moralidad de la lucha de clases.<\/p>\n<p>Ni al Vaticano ni a los reg\u00edmenes conservadores, mucho menos los militares latinoamericanos les gusto el cariz marxista de la Teolog\u00eda de la Liberaci\u00f3n: los dirigentes del movimiento no fueron invitados a la conferencia de obispos de 1979, el Papa Juan Pablo II sustituy\u00f3 a los Te\u00f3logos de la Liberaci\u00f3n por cl\u00e9rigos d\u00f3ciles y, en 1984, el Vaticano conden\u00f3 a Boff a un a\u00f1o de silencio. Las represalias, en forma de asesinatos cometidos por escuadrones de muerte o en forma de encarcelamientos con torturas, se incrementaron y cl\u00e9rigos como el arzobispo de El Salvador, \u00d3scar Romero y el padre Antonio Pereira Neto de Brasil, as\u00ed como Camilo Torres de Colombia, que ya hab\u00eda ca\u00eddo en combate y se convirtieron en m\u00e1rtires del movimiento. Dentro de \u00e9ste, hubo concepciones antagonistas de interpretaci\u00f3n de algunos l\u00edderes y curas guerrilleros.<\/p>\n<p>Samuel Ru\u00edz, en M\u00e9xico, con su personal\u00edsima concepci\u00f3n de la Teor\u00eda de la Liberaci\u00f3n reclut\u00f3 a guerrilleros centroamericanos habilit\u00e1ndolos como catequistas, llevando paralelamente la lucha armada y el mensaje marxista cometiendo actos criminales, como \u201cexpropiaciones y fusilamientos\u201d de gente civil. Este prelado de ninguna manera se caracteriz\u00f3 por llevar el mensaje cristiano. No puede descansar en paz, mucho menos ser santo.<\/p>\n<p><a href=\"mailto:%20%20mauben625@yahoo.com.mx\" target=\"_blank\"><em>mauben625@yahoo.com.mx<\/em><\/a><\/p>\n","protected":false},"excerpt":{"rendered":"<p><span><span style=\"color: #005497;\"><strong>Mauro Benites G.<\/strong><\/span><\/span><\/p>\n","protected":false},"author":3,"featured_media":0,"comment_status":"open","ping_status":"open","sticky":false,"template":"","format":"standard","meta":{"_monsterinsights_skip_tracking":false,"_monsterinsights_sitenote_active":false,"_monsterinsights_sitenote_note":"","_monsterinsights_sitenote_category":0,"footnotes":""},"categories":[8466],"tags":[43702,27246,43674],"class_list":["post-259360","post","type-post","status-publish","format-standard","hentry","category-mauro-benites-g","tag-mauro-benites-g","tag-municiones","tag-opinion"],"_links":{"self":[{"href":"https:\/\/www.diarioimagen.net\/index.php?rest_route=\/wp\/v2\/posts\/259360","targetHints":{"allow":["GET"]}}],"collection":[{"href":"https:\/\/www.diarioimagen.net\/index.php?rest_route=\/wp\/v2\/posts"}],"about":[{"href":"https:\/\/www.diarioimagen.net\/index.php?rest_route=\/wp\/v2\/types\/post"}],"author":[{"embeddable":true,"href":"https:\/\/www.diarioimagen.net\/index.php?rest_route=\/wp\/v2\/users\/3"}],"replies":[{"embeddable":true,"href":"https:\/\/www.diarioimagen.net\/index.php?rest_route=%2Fwp%2Fv2%2Fcomments&post=259360"}],"version-history":[{"count":0,"href":"https:\/\/www.diarioimagen.net\/index.php?rest_route=\/wp\/v2\/posts\/259360\/revisions"}],"wp:attachment":[{"href":"https:\/\/www.diarioimagen.net\/index.php?rest_route=%2Fwp%2Fv2%2Fmedia&parent=259360"}],"wp:term":[{"taxonomy":"category","embeddable":true,"href":"https:\/\/www.diarioimagen.net\/index.php?rest_route=%2Fwp%2Fv2%2Fcategories&post=259360"},{"taxonomy":"post_tag","embeddable":true,"href":"https:\/\/www.diarioimagen.net\/index.php?rest_route=%2Fwp%2Fv2%2Ftags&post=259360"}],"curies":[{"name":"wp","href":"https:\/\/api.w.org\/{rel}","templated":true}]}}