{"id":259449,"date":"2016-03-10T00:04:00","date_gmt":"2016-03-10T06:04:00","guid":{"rendered":"http:\/\/www.diarioimagen.net\/?p=259449"},"modified":"2016-03-11T01:40:58","modified_gmt":"2016-03-11T07:40:58","slug":"nyt-no-solo-a-pena-nieto-preocupa-ignorancia-de-trump","status":"publish","type":"post","link":"https:\/\/www.diarioimagen.net\/?p=259449","title":{"rendered":"<em>NYT<\/em>: no s\u00f3lo a EPN preocupa Donald Trump"},"content":{"rendered":"<ul>\n<li><strong><em>Se degrada tono de debate<\/em><\/strong><\/li>\n<\/ul>\n<p>&nbsp;<\/p>\n<div id=\"attachment_259450\" style=\"width: 430px\" class=\"wp-caption aligncenter\"><a href=\"http:\/\/www.diarioimagen.net\/?attachment_id=259450\" rel=\"attachment wp-att-259450\"><img loading=\"lazy\" decoding=\"async\" aria-describedby=\"caption-attachment-259450\" class=\"wp-image-259450 size-large\" src=\"http:\/\/www.diarioimagen.net\/wp-content\/uploads\/2016\/03\/NYT-portal-420x245.jpg\" alt=\"Luego de que Enrique Pe\u00f1a Nieto comparara la demagogia de Donald Trump con Hitler y Mussolini, la opini\u00f3n p\u00fablica de Estados Unidos reaccion\u00f3 debido a que el republicano ha degradado el tono de la carrera presidencial.\" width=\"420\" height=\"245\" srcset=\"https:\/\/www.diarioimagen.net\/wp-content\/uploads\/2016\/03\/NYT-portal-420x245.jpg 420w, https:\/\/www.diarioimagen.net\/wp-content\/uploads\/2016\/03\/NYT-portal-240x140.jpg 240w, https:\/\/www.diarioimagen.net\/wp-content\/uploads\/2016\/03\/NYT-portal.jpg 480w\" sizes=\"auto, (max-width: 420px) 100vw, 420px\" \/><\/a><p id=\"caption-attachment-259450\" class=\"wp-caption-text\">Luego de que Enrique Pe\u00f1a Nieto comparara la demagogia de Donald Trump con Hitler y Mussolini, la opini\u00f3n p\u00fablica de Estados Unidos reaccion\u00f3, debido a que el republicano ha degradado el tono de la carrera presidencial.<\/p><\/div>\n<p>&nbsp;<\/p>\n<p>El diario <em>The New York Times<\/em> public\u00f3 ayer mi\u00e9rcoles un editorial donde se\u00f1ala que el presidente de M\u00e9xico, Enrique Pe\u00f1a Nieto, es s\u00f3lo uno de los varios l\u00edderes mundiales preocupados por la ignorancia y la irresponsabilidad del precandidato republicano, Donald Trump.<\/p>\n<p>El rotativo indic\u00f3 que luego de que Pe\u00f1a Nieto comparara la demagogia de Trump con Hitler y Mussolini, la opini\u00f3n p\u00fablica de Estados Unidos apenas reaccion\u00f3, debido a que el precandidato republicano ha degradado ya demasiado el tono de la carrera presidencial.<\/p>\n<p>Expres\u00f3 el diario que los comentarios del Presidente mexicano pudieron haber sido una reacci\u00f3n natural a \u201ctodo el odio que Trump ha dirigido hacia M\u00e9xico\u201d.<\/p>\n<p>\u201cPe\u00f1a Nieto no est\u00e1 solo entre la gente en el mundo cada vez m\u00e1s temerosa por los pronunciamientos irresponsables e ignorantes de un hombre que podr\u00eda ser el nominado republicano\u201d, afirm\u00f3 el diario neoyorquino.<\/p>\n<p>El <em>NYT <\/em>record\u00f3 los intentos del Parlamento brit\u00e1nico por prohibir la entrada al pa\u00eds a Trump por sus comentarios contra musulmanes, que calificaron como \u201cdiscurso de odio\u201d, as\u00ed como el \u201cp\u00e1nico\u201d generado en el Ministerio de Relaciones Exteriores de Jap\u00f3n por sus comentarios sobre ese pa\u00eds.<\/p>\n<p>Destac\u00f3 adem\u00e1s que su vacilaci\u00f3n entre el amor y el odio a China ha confundido a muchos expertos, y que gobiernos extranjeros que se han tratado de acercar a la campa\u00f1a para obtener aclaraciones han sido incapaces de determinar cu\u00e1l es la persona con autoridad para ofrecer explicaciones.<\/p>\n<p>\u201cEl enojo y los agravios est\u00e1n al centro del pensamiento de Trump acerca del mundo\u201d, apunt\u00f3 el diario. A\u00f1adi\u00f3 que mientras que para sus seguidores el discurso de Trump equivale a \u201cdecir las cosas como son\u201d, para sus aliados en el mundo conjura una se\u00f1al de alarma.<\/p>\n<p>En Europa, record\u00f3 el peri\u00f3dico, saben por experiencia propia, tanto pasada como presente, lo que se puede esperar de l\u00edderes xenof\u00f3bicos que apelan a los peores impulsos de las sociedades.<\/p>\n<p>\u201cLidiar con un mundo enormemente complejo y peligroso es una gran responsabilidad para el presidente de Estados Unidos. Y es por eso que para Pe\u00f1a Nieto y para muchos otros el ascenso de Trump es tan significativo y preocupante\u201d, enfatiz\u00f3 el editorial.<\/p>\n","protected":false},"excerpt":{"rendered":"<p>El diario <em>The New York Times<\/em> public\u00f3 ayer mi\u00e9rcoles un editorial donde se\u00f1ala que el presidente de M\u00e9xico, Enrique Pe\u00f1a Nieto, es s\u00f3lo uno de los varios l\u00edderes mundiales preocupados por la ignorancia y la irresponsabilidad del precandidato republicano, Donald Trump.<\/p>\n","protected":false},"author":5,"featured_media":259450,"comment_status":"open","ping_status":"open","sticky":false,"template":"","format":"standard","meta":{"_monsterinsights_skip_tracking":false,"_monsterinsights_sitenote_active":false,"_monsterinsights_sitenote_note":"","_monsterinsights_sitenote_category":0,"footnotes":""},"categories":[3],"tags":[41813,177,44],"class_list":["post-259449","post","type-post","status-publish","format-standard","has-post-thumbnail","hentry","category-nacional","tag-donald-trump","tag-estados-unidos","tag-mexico"],"_links":{"self":[{"href":"https:\/\/www.diarioimagen.net\/index.php?rest_route=\/wp\/v2\/posts\/259449","targetHints":{"allow":["GET"]}}],"collection":[{"href":"https:\/\/www.diarioimagen.net\/index.php?rest_route=\/wp\/v2\/posts"}],"about":[{"href":"https:\/\/www.diarioimagen.net\/index.php?rest_route=\/wp\/v2\/types\/post"}],"author":[{"embeddable":true,"href":"https:\/\/www.diarioimagen.net\/index.php?rest_route=\/wp\/v2\/users\/5"}],"replies":[{"embeddable":true,"href":"https:\/\/www.diarioimagen.net\/index.php?rest_route=%2Fwp%2Fv2%2Fcomments&post=259449"}],"version-history":[{"count":0,"href":"https:\/\/www.diarioimagen.net\/index.php?rest_route=\/wp\/v2\/posts\/259449\/revisions"}],"wp:featuredmedia":[{"embeddable":true,"href":"https:\/\/www.diarioimagen.net\/index.php?rest_route=\/wp\/v2\/media\/259450"}],"wp:attachment":[{"href":"https:\/\/www.diarioimagen.net\/index.php?rest_route=%2Fwp%2Fv2%2Fmedia&parent=259449"}],"wp:term":[{"taxonomy":"category","embeddable":true,"href":"https:\/\/www.diarioimagen.net\/index.php?rest_route=%2Fwp%2Fv2%2Fcategories&post=259449"},{"taxonomy":"post_tag","embeddable":true,"href":"https:\/\/www.diarioimagen.net\/index.php?rest_route=%2Fwp%2Fv2%2Ftags&post=259449"}],"curies":[{"name":"wp","href":"https:\/\/api.w.org\/{rel}","templated":true}]}}